{"id":7090,"date":"2026-05-01T18:44:08","date_gmt":"2026-05-01T18:44:08","guid":{"rendered":"https:\/\/cni.hn\/?p=7090"},"modified":"2026-05-01T19:25:17","modified_gmt":"2026-05-01T19:25:17","slug":"juramentacion-nueva-junta-directiva-cni","status":"publish","type":"post","link":"https:\/\/cni.hn\/en\/juramentacion-nueva-junta-directiva-cni\/","title":{"rendered":"Juramentaci\u00f3n Nueva Junta Directiva CNI"},"content":{"rendered":"<div data-elementor-type=\"wp-post\" data-elementor-id=\"7090\" class=\"elementor elementor-7090\" data-elementor-post-type=\"post\">\n\t\t\t\t<div class=\"elementor-element elementor-element-a48f432 e-flex e-con-boxed e-con e-parent\" data-id=\"a48f432\" data-element_type=\"container\">\n\t\t\t\t\t<div class=\"e-con-inner\">\n\t\t\t\t<div class=\"elementor-element elementor-element-a299981 elementor-widget elementor-widget-heading\" data-id=\"a299981\" data-element_type=\"widget\" data-widget_type=\"heading.default\">\n\t\t\t\t<div class=\"elementor-widget-container\">\n\t\t\t\t\t<h2 class=\"elementor-heading-title elementor-size-default\">Instalan nueva Junta Directiva del CNI y activan reformas para atraer inversi\u00f3n bajo la marca pa\u00eds \u201cHonduras Vibrante\u201d<\/h2>\t\t\t\t<\/div>\n\t\t\t\t<\/div>\n\t\t\t\t\t<\/div>\n\t\t\t\t<\/div>\n\t\t<div class=\"elementor-element elementor-element-adcb4d9 e-flex e-con-boxed e-con e-parent\" data-id=\"adcb4d9\" data-element_type=\"container\">\n\t\t\t\t\t<div class=\"e-con-inner\">\n\t\t\t\t<div class=\"elementor-element elementor-element-ac90d94 elementor-widget elementor-widget-text-editor\" data-id=\"ac90d94\" data-element_type=\"widget\" data-widget_type=\"text-editor.default\">\n\t\t\t\t<div class=\"elementor-widget-container\">\n\t\t\t\t\t\t\t\t\t<p>Sector p\u00fablico y privado consolidan un modelo de gobernanza conjunto para dinamizar la econom\u00eda y generar empleo<\/p><p>Tegucigalpa, 30 de abril de 2026.\u2014<\/p><p>El Consejo Nacional de Inversiones (CNI) instal\u00f3 y jurament\u00f3 su nueva Junta Directiva en Casa Presidencial, marcando el inicio de una etapa estrat\u00e9gica orientada a fortalecer la atracci\u00f3n de inversiones mediante una coordinaci\u00f3n efectiva entre el sector p\u00fablico y privado.<\/p><p>El hecho m\u00e1s relevante de la jornada fue el nombramiento de Juan Carlos Garc\u00eda como presidente de la Junta Directiva y de Anabel Gallardo como vicepresidenta, consolidando una estructura de gobernanza que articula directamente al Gobierno con el sector empresarial.<\/p>\t\t\t\t\t\t\t\t<\/div>\n\t\t\t\t<\/div>\n\t\t\t\t\t<\/div>\n\t\t\t\t<\/div>\n\t\t<div class=\"elementor-element elementor-element-283e5e5 e-flex e-con-boxed e-con e-parent\" data-id=\"283e5e5\" data-element_type=\"container\">\n\t\t\t\t\t<div class=\"e-con-inner\">\n\t\t\t\t<div class=\"elementor-element elementor-element-7d22f40 elementor-widget elementor-widget-heading\" data-id=\"7d22f40\" data-element_type=\"widget\" data-widget_type=\"heading.default\">\n\t\t\t\t<div class=\"elementor-widget-container\">\n\t\t\t\t\t<h2 class=\"elementor-heading-title elementor-size-default\">Agenda de inversi\u00f3n: reformas y agilizaci\u00f3n de procesos<\/h2>\t\t\t\t<\/div>\n\t\t\t\t<\/div>\n\t\t\t\t\t<\/div>\n\t\t\t\t<\/div>\n\t\t<div class=\"elementor-element elementor-element-f5992ac e-flex e-con-boxed e-con e-parent\" data-id=\"f5992ac\" data-element_type=\"container\">\n\t\t\t\t\t<div class=\"e-con-inner\">\n\t\t\t\t<div class=\"elementor-element elementor-element-2432ee9 elementor-widget elementor-widget-text-editor\" data-id=\"2432ee9\" data-element_type=\"widget\" data-widget_type=\"text-editor.default\">\n\t\t\t\t<div class=\"elementor-widget-container\">\n\t\t\t\t\t\t\t\t\t<p>Como resultado del encuentro, el CNI acord\u00f3 la conformaci\u00f3n de una mesa de trabajo interinstitucional que elaborar\u00e1 un paquete de propuestas para ser presentado ante el Congreso Nacional, orientado a agilizar los procesos de inversi\u00f3n, fortalecer el marco jur\u00eddico y facilitar la ejecuci\u00f3n de proyectos estrat\u00e9gicos.<\/p><p>En l\u00ednea con este objetivo, se reforzar\u00e1 el mecanismo \u00e1gil de la Declaratoria de Proyectos de Inter\u00e9s Nacional \u201cFast Track\u201d que contempla la Ley de Promoci\u00f3n de Inversiones 51-2011, enfocado en acelerar permisos de construcci\u00f3n, licencias ambientales y autorizaciones operativas, reduciendo tiempos y facilitando el inicio inmediato de inversiones.<\/p><p>El ministro de Inversiones, Epaminondas Marinakys, subray\u00f3 el enfoque operativo de esta agenda: \u201cEstamos trabajando en agilizar los procesos para que las inversiones arranquen de inmediato y comiencen a generar empleo en el pa\u00eds.\u201d <br \/>Coordinaci\u00f3n p\u00fablico-privada: eje central del modelo<\/p><p>Durante la sesi\u00f3n, se reafirm\u00f3 que la atracci\u00f3n de inversiones depende de una coordinaci\u00f3n estrecha entre ambos sectores. En este sentido, se acord\u00f3 institucionalizar reuniones peri\u00f3dicas cada dos meses, como mecanismo de seguimiento a proyectos, identificaci\u00f3n de obst\u00e1culos y toma de decisiones.<\/p><p>Esta iniciativa fue propuesta por la presidenta del COHEP, Anabel Gallardo, y respaldada por todos los miembros del Consejo.<\/p><p>Gallardo destac\u00f3 el rol del CNI como plataforma de impulso econ\u00f3mico: \u201cPor medio de este Consejo, promovemos inversiones, que es lo que el pa\u00eds necesita para mejorar sus indicadores econ\u00f3micos.\u201d<\/p><p>Por su parte, el presidente de la Junta Directiva, Juan Carlos Garc\u00eda, enfatiz\u00f3 la necesidad de generar confianza al inversionista: \u201cDebe ser un solo equipo; el sector privado necesita reglas claras y nosotros como gobierno estamos trabajando para generar esa certidumbre en la inversi\u00f3n.\u201d<\/p>\t\t\t\t\t\t\t\t<\/div>\n\t\t\t\t<\/div>\n\t\t\t\t\t<\/div>\n\t\t\t\t<\/div>\n\t\t<div class=\"elementor-element elementor-element-8c9dec3 e-flex e-con-boxed e-con e-parent\" data-id=\"8c9dec3\" data-element_type=\"container\">\n\t\t\t\t\t<div class=\"e-con-inner\">\n\t\t\t\t<div class=\"elementor-element elementor-element-a3fdfb7 elementor-widget elementor-widget-image\" data-id=\"a3fdfb7\" data-element_type=\"widget\" data-widget_type=\"image.default\">\n\t\t\t\t<div class=\"elementor-widget-container\">\n\t\t\t\t\t\t\t\t\t\t\t\t\t\t\t<img fetchpriority=\"high\" decoding=\"async\" width=\"800\" height=\"600\" src=\"https:\/\/cni.hn\/wp-content\/uploads\/2026\/05\/Junta-Directiva-CNI_equipoCNI-1024x768.jpeg\" class=\"attachment-large size-large wp-image-7091\" alt=\"\" srcset=\"https:\/\/cni.hn\/wp-content\/uploads\/2026\/05\/Junta-Directiva-CNI_equipoCNI-1024x768.jpeg 1024w, https:\/\/cni.hn\/wp-content\/uploads\/2026\/05\/Junta-Directiva-CNI_equipoCNI-300x225.jpeg 300w, https:\/\/cni.hn\/wp-content\/uploads\/2026\/05\/Junta-Directiva-CNI_equipoCNI-768x576.jpeg 768w, https:\/\/cni.hn\/wp-content\/uploads\/2026\/05\/Junta-Directiva-CNI_equipoCNI-16x12.jpeg 16w, https:\/\/cni.hn\/wp-content\/uploads\/2026\/05\/Junta-Directiva-CNI_equipoCNI.jpeg 1040w\" sizes=\"(max-width: 800px) 100vw, 800px\" \/>\t\t\t\t\t\t\t\t\t\t\t\t\t\t\t<\/div>\n\t\t\t\t<\/div>\n\t\t\t\t\t<\/div>\n\t\t\t\t<\/div>\n\t\t<div class=\"elementor-element elementor-element-9cf5afb e-flex e-con-boxed e-con e-parent\" data-id=\"9cf5afb\" data-element_type=\"container\">\n\t\t\t\t\t<div class=\"e-con-inner\">\n\t\t\t\t<div class=\"elementor-element elementor-element-3f10795 elementor-widget elementor-widget-heading\" data-id=\"3f10795\" data-element_type=\"widget\" data-widget_type=\"heading.default\">\n\t\t\t\t<div class=\"elementor-widget-container\">\n\t\t\t\t\t<h2 class=\"elementor-heading-title elementor-size-default\">Plan de trabajo y herramientas estrat\u00e9gicas<\/h2>\t\t\t\t<\/div>\n\t\t\t\t<\/div>\n\t\t\t\t\t<\/div>\n\t\t\t\t<\/div>\n\t\t<div class=\"elementor-element elementor-element-4ced05b e-flex e-con-boxed e-con e-parent\" data-id=\"4ced05b\" data-element_type=\"container\">\n\t\t\t\t\t<div class=\"e-con-inner\">\n\t\t\t\t<div class=\"elementor-element elementor-element-90523f0 elementor-widget elementor-widget-text-editor\" data-id=\"90523f0\" data-element_type=\"widget\" data-widget_type=\"text-editor.default\">\n\t\t\t\t<div class=\"elementor-widget-container\">\n\t\t\t\t\t\t\t\t\t<p>En el marco de la reuni\u00f3n, el equipo t\u00e9cnico del CNI present\u00f3 el Plan de Trabajo 2026, el cual fue aprobado por las nuevas autoridades, estableciendo las prioridades para fortalecer la promoci\u00f3n, facilitaci\u00f3n e inteligencia de inversiones.<\/p><p>Entre las herramientas clave destaca el Portafolio Digital de Proyectos, dise\u00f1ado para organizar y presentar oportunidades de inversi\u00f3n bajo est\u00e1ndares t\u00e9cnicos que faciliten la toma de decisiones. Adicional a las herramientas de inteligencia de datos, comercial y de inversiones, as\u00ed como los estudios y publicaciones que vendr\u00e1n a fortalecer el clima de inversi\u00f3n, movilizar el ecosistema de inversi\u00f3n y ayudar a la toma de decisiones de los inversionistas.<\/p><p>Asimismo, se report\u00f3 la atenci\u00f3n una cartera activa con proyectos que superan los 2,000 millones de d\u00f3lares, en sectores como energ\u00eda, turismo, agroindustria, infraestructura, salud y educaci\u00f3n, evidenciando el dinamismo de la agenda de inversi\u00f3n.<\/p>\t\t\t\t\t\t\t\t<\/div>\n\t\t\t\t<\/div>\n\t\t\t\t\t<\/div>\n\t\t\t\t<\/div>\n\t\t<div class=\"elementor-element elementor-element-de9a5ac e-flex e-con-boxed e-con e-parent\" data-id=\"de9a5ac\" data-element_type=\"container\">\n\t\t\t\t\t<div class=\"e-con-inner\">\n\t\t\t\t<div class=\"elementor-element elementor-element-ccccdb0 elementor-widget elementor-widget-heading\" data-id=\"ccccdb0\" data-element_type=\"widget\" data-widget_type=\"heading.default\">\n\t\t\t\t<div class=\"elementor-widget-container\">\n\t\t\t\t\t<h2 class=\"elementor-heading-title elementor-size-default\">Respaldo presidencial y posicionamiento pa\u00eds<\/h2>\t\t\t\t<\/div>\n\t\t\t\t<\/div>\n\t\t\t\t\t<\/div>\n\t\t\t\t<\/div>\n\t\t<div class=\"elementor-element elementor-element-a450ff7 e-flex e-con-boxed e-con e-parent\" data-id=\"a450ff7\" data-element_type=\"container\">\n\t\t\t\t\t<div class=\"e-con-inner\">\n\t\t\t\t<div class=\"elementor-element elementor-element-da0d980 elementor-widget elementor-widget-text-editor\" data-id=\"da0d980\" data-element_type=\"widget\" data-widget_type=\"text-editor.default\">\n\t\t\t\t<div class=\"elementor-widget-container\">\n\t\t\t\t\t\t\t\t\t<p>El presidente Nasry Asfura particip\u00f3 en la reuni\u00f3n y acompa\u00f1\u00f3 su cierre, reiterando el respaldo del Ejecutivo al trabajo del CNI y al modelo de articulaci\u00f3n p\u00fablico-privada.<\/p><p>Durante su intervenci\u00f3n, destac\u00f3 el papel de la inversi\u00f3n como motor de desarrollo: \u201cSi coordinamos bien lo p\u00fablico con lo privado, vamos a tener una Honduras m\u00e1s grande, m\u00e1s pujante y pr\u00f3spera.\u201d<\/p><p>En este contexto, se present\u00f3 \u201cHonduras Vibrante\u201d como la nueva marca pa\u00eds, concebida como una herramienta estrat\u00e9gica para posicionar al pa\u00eds a nivel internacional y fortalecer su imagen como destino de inversi\u00f3n.<\/p>\t\t\t\t\t\t\t\t<\/div>\n\t\t\t\t<\/div>\n\t\t\t\t\t<\/div>\n\t\t\t\t<\/div>\n\t\t<div class=\"elementor-element elementor-element-c333f49 e-flex e-con-boxed e-con e-parent\" data-id=\"c333f49\" data-element_type=\"container\">\n\t\t\t\t\t<div class=\"e-con-inner\">\n\t\t\t\t<div class=\"elementor-element elementor-element-cd3ffbf elementor-widget elementor-widget-image\" data-id=\"cd3ffbf\" data-element_type=\"widget\" data-widget_type=\"image.default\">\n\t\t\t\t<div class=\"elementor-widget-container\">\n\t\t\t\t\t\t\t\t\t\t\t\t\t\t\t<img decoding=\"async\" width=\"800\" height=\"534\" src=\"https:\/\/cni.hn\/wp-content\/uploads\/2026\/05\/Ministro_presidente-1024x683.jpeg\" class=\"attachment-large size-large wp-image-7093\" alt=\"\" srcset=\"https:\/\/cni.hn\/wp-content\/uploads\/2026\/05\/Ministro_presidente-1024x683.jpeg 1024w, https:\/\/cni.hn\/wp-content\/uploads\/2026\/05\/Ministro_presidente-300x200.jpeg 300w, https:\/\/cni.hn\/wp-content\/uploads\/2026\/05\/Ministro_presidente-768x512.jpeg 768w, https:\/\/cni.hn\/wp-content\/uploads\/2026\/05\/Ministro_presidente-1536x1024.jpeg 1536w, https:\/\/cni.hn\/wp-content\/uploads\/2026\/05\/Ministro_presidente-18x12.jpeg 18w, https:\/\/cni.hn\/wp-content\/uploads\/2026\/05\/Ministro_presidente.jpeg 1599w\" sizes=\"(max-width: 800px) 100vw, 800px\" \/>\t\t\t\t\t\t\t\t\t\t\t\t\t\t\t<\/div>\n\t\t\t\t<\/div>\n\t\t\t\t\t<\/div>\n\t\t\t\t<\/div>\n\t\t<div class=\"elementor-element elementor-element-daf0eb7 e-flex e-con-boxed e-con e-parent\" data-id=\"daf0eb7\" data-element_type=\"container\">\n\t\t\t\t\t<div class=\"e-con-inner\">\n\t\t\t\t<div class=\"elementor-element elementor-element-3da8a3d elementor-widget elementor-widget-heading\" data-id=\"3da8a3d\" data-element_type=\"widget\" data-widget_type=\"heading.default\">\n\t\t\t\t<div class=\"elementor-widget-container\">\n\t\t\t\t\t<h2 class=\"elementor-heading-title elementor-size-default\">Proyecci\u00f3n institucional<\/h2>\t\t\t\t<\/div>\n\t\t\t\t<\/div>\n\t\t\t\t\t<\/div>\n\t\t\t\t<\/div>\n\t\t<div class=\"elementor-element elementor-element-15657ba e-flex e-con-boxed e-con e-parent\" data-id=\"15657ba\" data-element_type=\"container\">\n\t\t\t\t\t<div class=\"e-con-inner\">\n\t\t<div class=\"elementor-element elementor-element-47b448d e-con-full e-flex e-con e-child\" data-id=\"47b448d\" data-element_type=\"container\">\n\t\t\t\t<div class=\"elementor-element elementor-element-353674d elementor-widget elementor-widget-text-editor\" data-id=\"353674d\" data-element_type=\"widget\" data-widget_type=\"text-editor.default\">\n\t\t\t\t<div class=\"elementor-widget-container\">\n\t\t\t\t\t\t\t\t\t<p>Con esta nueva integraci\u00f3n, el CNI avanza hacia un modelo m\u00e1s din\u00e1mico, t\u00e9cnico y orientado a resultados, centrado en la generaci\u00f3n de empleo, la atracci\u00f3n de capital y el fortalecimiento del clima de negocios.<\/p>\t\t\t\t\t\t\t\t<\/div>\n\t\t\t\t<\/div>\n\t\t\t\t<\/div>\n\t\t<div class=\"elementor-element elementor-element-0d13244 e-con-full e-flex e-con e-child\" data-id=\"0d13244\" data-element_type=\"container\">\n\t\t\t\t<div class=\"elementor-element elementor-element-0ce1f6b elementor-widget elementor-widget-image\" data-id=\"0ce1f6b\" data-element_type=\"widget\" data-widget_type=\"image.default\">\n\t\t\t\t<div class=\"elementor-widget-container\">\n\t\t\t\t\t\t\t\t\t\t\t\t\t\t\t<img decoding=\"async\" width=\"800\" height=\"534\" src=\"https:\/\/cni.hn\/wp-content\/uploads\/2026\/05\/Ministro-Marinakys-1024x683.jpeg\" class=\"attachment-large size-large wp-image-7092\" alt=\"\" srcset=\"https:\/\/cni.hn\/wp-content\/uploads\/2026\/05\/Ministro-Marinakys-1024x683.jpeg 1024w, https:\/\/cni.hn\/wp-content\/uploads\/2026\/05\/Ministro-Marinakys-300x200.jpeg 300w, https:\/\/cni.hn\/wp-content\/uploads\/2026\/05\/Ministro-Marinakys-768x512.jpeg 768w, https:\/\/cni.hn\/wp-content\/uploads\/2026\/05\/Ministro-Marinakys-1536x1024.jpeg 1536w, https:\/\/cni.hn\/wp-content\/uploads\/2026\/05\/Ministro-Marinakys-18x12.jpeg 18w, https:\/\/cni.hn\/wp-content\/uploads\/2026\/05\/Ministro-Marinakys.jpeg 1599w\" sizes=\"(max-width: 800px) 100vw, 800px\" \/>\t\t\t\t\t\t\t\t\t\t\t\t\t\t\t<\/div>\n\t\t\t\t<\/div>\n\t\t\t\t<\/div>\n\t\t\t\t\t<\/div>\n\t\t\t\t<\/div>\n\t\t<div class=\"elementor-element elementor-element-d41af14 e-flex e-con-boxed e-con e-parent\" data-id=\"d41af14\" data-element_type=\"container\">\n\t\t\t\t\t<div class=\"e-con-inner\">\n\t\t\t\t<div class=\"elementor-element elementor-element-8ac2d91 elementor-widget elementor-widget-heading\" data-id=\"8ac2d91\" data-element_type=\"widget\" data-widget_type=\"heading.default\">\n\t\t\t\t<div class=\"elementor-widget-container\">\n\t\t\t\t\t<h2 class=\"elementor-heading-title elementor-size-default\">De inter\u00e9s<\/h2>\t\t\t\t<\/div>\n\t\t\t\t<\/div>\n\t\t\t\t\t<\/div>\n\t\t\t\t<\/div>\n\t\t<div class=\"elementor-element elementor-element-e28f925 e-flex e-con-boxed e-con e-parent\" data-id=\"e28f925\" data-element_type=\"container\">\n\t\t\t\t\t<div class=\"e-con-inner\">\n\t\t\t\t<div class=\"elementor-element elementor-element-da4b68f elementor-widget elementor-widget-text-editor\" data-id=\"da4b68f\" data-element_type=\"widget\" data-widget_type=\"text-editor.default\">\n\t\t\t\t<div class=\"elementor-widget-container\">\n\t\t\t\t\t\t\t\t\t<p>\u2022 Nueva Junta Directiva del CNI liderada por Juan Carlos Garc\u00eda y Anabel Gallardo.<\/p><p>\u2022 Mesa interinstitucional elaborar\u00e1 paquete de reformas para el Congreso Nacional.<\/p><p>\u2022 Reuniones p\u00fablico-privadas se realizar\u00e1n cada dos meses.<\/p><p>\u2022 Cartera de inversi\u00f3n supera los $2,000 millones .<\/p><p>\u2022 \u201cHonduras Vibrante\u201d se socializar\u00e1 como estrategia de imagen pa\u00eds.<\/p><p>\u2022 Ejecutivo respalda agenda de inversi\u00f3n y articulaci\u00f3n institucional.<\/p>\t\t\t\t\t\t\t\t<\/div>\n\t\t\t\t<\/div>\n\t\t\t\t\t<\/div>\n\t\t\t\t<\/div>\n\t\t\t\t<\/div>","protected":false},"excerpt":{"rendered":"<p>Instalan nueva Junta Directiva del CNI y activan reformas para atraer inversi\u00f3n bajo la marca pa\u00eds \u201cHonduras Vibrante\u201d Sector p\u00fablico y privado consolidan un modelo de gobernanza conjunto para dinamizar la econom\u00eda y generar empleo Tegucigalpa, 30 de abril de 2026.\u2014 El Consejo Nacional de Inversiones (CNI) instal\u00f3 y jurament\u00f3 su nueva Junta Directiva en [&hellip;]<\/p>","protected":false},"author":2,"featured_media":7094,"comment_status":"closed","ping_status":"closed","sticky":false,"template":"","format":"standard","meta":{"footnotes":""},"categories":[1],"tags":[],"sector_relacionado":[],"class_list":["post-7090","post","type-post","status-publish","format-standard","has-post-thumbnail","hentry","category-prensa"],"yoast_head":"<!-- This site is optimized with the Yoast SEO plugin v24.8.1 - https:\/\/yoast.com\/wordpress\/plugins\/seo\/ -->\n<title>Juramentaci\u00f3n Nueva Junta Directiva CNI - CNI Honduras<\/title>\n<meta name=\"robots\" content=\"index, follow, max-snippet:-1, max-image-preview:large, max-video-preview:-1\" \/>\n<link rel=\"canonical\" href=\"https:\/\/cni.hn\/en\/juramentacion-nueva-junta-directiva-cni\/\" \/>\n<meta property=\"og:locale\" content=\"en_US\" \/>\n<meta property=\"og:type\" content=\"article\" \/>\n<meta property=\"og:title\" content=\"Juramentaci\u00f3n Nueva Junta Directiva CNI - CNI Honduras\" \/>\n<meta property=\"og:description\" content=\"Instalan nueva Junta Directiva del CNI y activan reformas para atraer inversi\u00f3n bajo la marca pa\u00eds \u201cHonduras Vibrante\u201d Sector p\u00fablico y privado consolidan un modelo de gobernanza conjunto para dinamizar la econom\u00eda y generar empleo Tegucigalpa, 30 de abril de 2026.\u2014 El Consejo Nacional de Inversiones (CNI) instal\u00f3 y jurament\u00f3 su nueva Junta Directiva en [&hellip;]\" \/>\n<meta property=\"og:url\" content=\"https:\/\/cni.hn\/en\/juramentacion-nueva-junta-directiva-cni\/\" \/>\n<meta property=\"og:site_name\" content=\"CNI Honduras\" \/>\n<meta property=\"article:published_time\" content=\"2026-05-01T18:44:08+00:00\" \/>\n<meta property=\"article:modified_time\" content=\"2026-05-01T19:25:17+00:00\" \/>\n<meta property=\"og:image\" content=\"https:\/\/cni.hn\/wp-content\/uploads\/2026\/05\/Junta-Directiva-CNI.jpeg\" \/>\n\t<meta property=\"og:image:width\" content=\"1280\" \/>\n\t<meta property=\"og:image:height\" content=\"853\" \/>\n\t<meta property=\"og:image:type\" content=\"image\/jpeg\" \/>\n<meta name=\"author\" content=\"Andres Martinez\" \/>\n<meta name=\"twitter:card\" content=\"summary_large_image\" \/>\n<meta name=\"twitter:label1\" content=\"Written by\" \/>\n\t<meta name=\"twitter:data1\" content=\"Andres Martinez\" \/>\n\t<meta name=\"twitter:label2\" content=\"Est. reading time\" \/>\n\t<meta name=\"twitter:data2\" content=\"4 minutes\" \/>\n<script type=\"application\/ld+json\" class=\"yoast-schema-graph\">{\"@context\":\"https:\/\/schema.org\",\"@graph\":[{\"@type\":\"Article\",\"@id\":\"https:\/\/cni.hn\/juramentacion-nueva-junta-directiva-cni\/#article\",\"isPartOf\":{\"@id\":\"https:\/\/cni.hn\/juramentacion-nueva-junta-directiva-cni\/\"},\"author\":{\"name\":\"Andres Martinez\",\"@id\":\"https:\/\/cni.hn\/#\/schema\/person\/46e1e0fecbe94fa0ad734d4ec7730175\"},\"headline\":\"Juramentaci\u00f3n Nueva Junta Directiva CNI\",\"datePublished\":\"2026-05-01T18:44:08+00:00\",\"dateModified\":\"2026-05-01T19:25:17+00:00\",\"mainEntityOfPage\":{\"@id\":\"https:\/\/cni.hn\/juramentacion-nueva-junta-directiva-cni\/\"},\"wordCount\":815,\"publisher\":{\"@id\":\"https:\/\/cni.hn\/#organization\"},\"image\":{\"@id\":\"https:\/\/cni.hn\/juramentacion-nueva-junta-directiva-cni\/#primaryimage\"},\"thumbnailUrl\":\"https:\/\/cni.hn\/wp-content\/uploads\/2026\/05\/Junta-Directiva-CNI.jpeg\",\"articleSection\":[\"Sala de Prensa\"],\"inLanguage\":\"en-US\"},{\"@type\":\"WebPage\",\"@id\":\"https:\/\/cni.hn\/juramentacion-nueva-junta-directiva-cni\/\",\"url\":\"https:\/\/cni.hn\/juramentacion-nueva-junta-directiva-cni\/\",\"name\":\"Juramentaci\u00f3n Nueva Junta Directiva CNI - CNI Honduras\",\"isPartOf\":{\"@id\":\"https:\/\/cni.hn\/#website\"},\"primaryImageOfPage\":{\"@id\":\"https:\/\/cni.hn\/juramentacion-nueva-junta-directiva-cni\/#primaryimage\"},\"image\":{\"@id\":\"https:\/\/cni.hn\/juramentacion-nueva-junta-directiva-cni\/#primaryimage\"},\"thumbnailUrl\":\"https:\/\/cni.hn\/wp-content\/uploads\/2026\/05\/Junta-Directiva-CNI.jpeg\",\"datePublished\":\"2026-05-01T18:44:08+00:00\",\"dateModified\":\"2026-05-01T19:25:17+00:00\",\"breadcrumb\":{\"@id\":\"https:\/\/cni.hn\/juramentacion-nueva-junta-directiva-cni\/#breadcrumb\"},\"inLanguage\":\"en-US\",\"potentialAction\":[{\"@type\":\"ReadAction\",\"target\":[\"https:\/\/cni.hn\/juramentacion-nueva-junta-directiva-cni\/\"]}]},{\"@type\":\"ImageObject\",\"inLanguage\":\"en-US\",\"@id\":\"https:\/\/cni.hn\/juramentacion-nueva-junta-directiva-cni\/#primaryimage\",\"url\":\"https:\/\/cni.hn\/wp-content\/uploads\/2026\/05\/Junta-Directiva-CNI.jpeg\",\"contentUrl\":\"https:\/\/cni.hn\/wp-content\/uploads\/2026\/05\/Junta-Directiva-CNI.jpeg\",\"width\":1280,\"height\":853},{\"@type\":\"BreadcrumbList\",\"@id\":\"https:\/\/cni.hn\/juramentacion-nueva-junta-directiva-cni\/#breadcrumb\",\"itemListElement\":[{\"@type\":\"ListItem\",\"position\":1,\"name\":\"Home\",\"item\":\"https:\/\/cni.hn\/\"},{\"@type\":\"ListItem\",\"position\":2,\"name\":\"Juramentaci\u00f3n Nueva Junta Directiva CNI\"}]},{\"@type\":\"WebSite\",\"@id\":\"https:\/\/cni.hn\/#website\",\"url\":\"https:\/\/cni.hn\/\",\"name\":\"CNI Honduras\",\"description\":\"\",\"publisher\":{\"@id\":\"https:\/\/cni.hn\/#organization\"},\"potentialAction\":[{\"@type\":\"SearchAction\",\"target\":{\"@type\":\"EntryPoint\",\"urlTemplate\":\"https:\/\/cni.hn\/?s={search_term_string}\"},\"query-input\":{\"@type\":\"PropertyValueSpecification\",\"valueRequired\":true,\"valueName\":\"search_term_string\"}}],\"inLanguage\":\"en-US\"},{\"@type\":\"Organization\",\"@id\":\"https:\/\/cni.hn\/#organization\",\"name\":\"CNI Honduras\",\"url\":\"https:\/\/cni.hn\/\",\"logo\":{\"@type\":\"ImageObject\",\"inLanguage\":\"en-US\",\"@id\":\"https:\/\/cni.hn\/#\/schema\/logo\/image\/\",\"url\":\"https:\/\/cni.hn\/wp-content\/uploads\/2024\/10\/logo-cni.png\",\"contentUrl\":\"https:\/\/cni.hn\/wp-content\/uploads\/2024\/10\/logo-cni.png\",\"width\":390,\"height\":390,\"caption\":\"CNI Honduras\"},\"image\":{\"@id\":\"https:\/\/cni.hn\/#\/schema\/logo\/image\/\"}},{\"@type\":\"Person\",\"@id\":\"https:\/\/cni.hn\/#\/schema\/person\/46e1e0fecbe94fa0ad734d4ec7730175\",\"name\":\"Andres Martinez\",\"image\":{\"@type\":\"ImageObject\",\"inLanguage\":\"en-US\",\"@id\":\"https:\/\/cni.hn\/#\/schema\/person\/image\/\",\"url\":\"https:\/\/secure.gravatar.com\/avatar\/b685702cf01e6c6b2ca1586d92e9a3cef7b8c42ecb312ffa3be56699c3f1b6f6?s=96&d=mm&r=g\",\"contentUrl\":\"https:\/\/secure.gravatar.com\/avatar\/b685702cf01e6c6b2ca1586d92e9a3cef7b8c42ecb312ffa3be56699c3f1b6f6?s=96&d=mm&r=g\",\"caption\":\"Andres Martinez\"},\"url\":\"https:\/\/cni.hn\/en\/author\/amartinezcni-hn\/\"}]}<\/script>\n<!-- \/ Yoast SEO plugin. -->","yoast_head_json":{"title":"Juramentaci\u00f3n Nueva Junta Directiva CNI - CNI Honduras","robots":{"index":"index","follow":"follow","max-snippet":"max-snippet:-1","max-image-preview":"max-image-preview:large","max-video-preview":"max-video-preview:-1"},"canonical":"https:\/\/cni.hn\/en\/juramentacion-nueva-junta-directiva-cni\/","og_locale":"en_US","og_type":"article","og_title":"Juramentaci\u00f3n Nueva Junta Directiva CNI - CNI Honduras","og_description":"Instalan nueva Junta Directiva del CNI y activan reformas para atraer inversi\u00f3n bajo la marca pa\u00eds \u201cHonduras Vibrante\u201d Sector p\u00fablico y privado consolidan un modelo de gobernanza conjunto para dinamizar la econom\u00eda y generar empleo Tegucigalpa, 30 de abril de 2026.\u2014 El Consejo Nacional de Inversiones (CNI) instal\u00f3 y jurament\u00f3 su nueva Junta Directiva en [&hellip;]","og_url":"https:\/\/cni.hn\/en\/juramentacion-nueva-junta-directiva-cni\/","og_site_name":"CNI Honduras","article_published_time":"2026-05-01T18:44:08+00:00","article_modified_time":"2026-05-01T19:25:17+00:00","og_image":[{"width":1280,"height":853,"url":"https:\/\/cni.hn\/wp-content\/uploads\/2026\/05\/Junta-Directiva-CNI.jpeg","type":"image\/jpeg"}],"author":"Andres Martinez","twitter_card":"summary_large_image","twitter_misc":{"Written by":"Andres Martinez","Est. reading time":"4 minutes"},"schema":{"@context":"https:\/\/schema.org","@graph":[{"@type":"Article","@id":"https:\/\/cni.hn\/juramentacion-nueva-junta-directiva-cni\/#article","isPartOf":{"@id":"https:\/\/cni.hn\/juramentacion-nueva-junta-directiva-cni\/"},"author":{"name":"Andres Martinez","@id":"https:\/\/cni.hn\/#\/schema\/person\/46e1e0fecbe94fa0ad734d4ec7730175"},"headline":"Juramentaci\u00f3n Nueva Junta Directiva CNI","datePublished":"2026-05-01T18:44:08+00:00","dateModified":"2026-05-01T19:25:17+00:00","mainEntityOfPage":{"@id":"https:\/\/cni.hn\/juramentacion-nueva-junta-directiva-cni\/"},"wordCount":815,"publisher":{"@id":"https:\/\/cni.hn\/#organization"},"image":{"@id":"https:\/\/cni.hn\/juramentacion-nueva-junta-directiva-cni\/#primaryimage"},"thumbnailUrl":"https:\/\/cni.hn\/wp-content\/uploads\/2026\/05\/Junta-Directiva-CNI.jpeg","articleSection":["Sala de Prensa"],"inLanguage":"en-US"},{"@type":"WebPage","@id":"https:\/\/cni.hn\/juramentacion-nueva-junta-directiva-cni\/","url":"https:\/\/cni.hn\/juramentacion-nueva-junta-directiva-cni\/","name":"Juramentaci\u00f3n Nueva Junta Directiva CNI - CNI Honduras","isPartOf":{"@id":"https:\/\/cni.hn\/#website"},"primaryImageOfPage":{"@id":"https:\/\/cni.hn\/juramentacion-nueva-junta-directiva-cni\/#primaryimage"},"image":{"@id":"https:\/\/cni.hn\/juramentacion-nueva-junta-directiva-cni\/#primaryimage"},"thumbnailUrl":"https:\/\/cni.hn\/wp-content\/uploads\/2026\/05\/Junta-Directiva-CNI.jpeg","datePublished":"2026-05-01T18:44:08+00:00","dateModified":"2026-05-01T19:25:17+00:00","breadcrumb":{"@id":"https:\/\/cni.hn\/juramentacion-nueva-junta-directiva-cni\/#breadcrumb"},"inLanguage":"en-US","potentialAction":[{"@type":"ReadAction","target":["https:\/\/cni.hn\/juramentacion-nueva-junta-directiva-cni\/"]}]},{"@type":"ImageObject","inLanguage":"en-US","@id":"https:\/\/cni.hn\/juramentacion-nueva-junta-directiva-cni\/#primaryimage","url":"https:\/\/cni.hn\/wp-content\/uploads\/2026\/05\/Junta-Directiva-CNI.jpeg","contentUrl":"https:\/\/cni.hn\/wp-content\/uploads\/2026\/05\/Junta-Directiva-CNI.jpeg","width":1280,"height":853},{"@type":"BreadcrumbList","@id":"https:\/\/cni.hn\/juramentacion-nueva-junta-directiva-cni\/#breadcrumb","itemListElement":[{"@type":"ListItem","position":1,"name":"Home","item":"https:\/\/cni.hn\/"},{"@type":"ListItem","position":2,"name":"Juramentaci\u00f3n Nueva Junta Directiva CNI"}]},{"@type":"WebSite","@id":"https:\/\/cni.hn\/#website","url":"https:\/\/cni.hn\/","name":"CNI Honduras","description":"","publisher":{"@id":"https:\/\/cni.hn\/#organization"},"potentialAction":[{"@type":"SearchAction","target":{"@type":"EntryPoint","urlTemplate":"https:\/\/cni.hn\/?s={search_term_string}"},"query-input":{"@type":"PropertyValueSpecification","valueRequired":true,"valueName":"search_term_string"}}],"inLanguage":"en-US"},{"@type":"Organization","@id":"https:\/\/cni.hn\/#organization","name":"CNI Honduras","url":"https:\/\/cni.hn\/","logo":{"@type":"ImageObject","inLanguage":"en-US","@id":"https:\/\/cni.hn\/#\/schema\/logo\/image\/","url":"https:\/\/cni.hn\/wp-content\/uploads\/2024\/10\/logo-cni.png","contentUrl":"https:\/\/cni.hn\/wp-content\/uploads\/2024\/10\/logo-cni.png","width":390,"height":390,"caption":"CNI Honduras"},"image":{"@id":"https:\/\/cni.hn\/#\/schema\/logo\/image\/"}},{"@type":"Person","@id":"https:\/\/cni.hn\/#\/schema\/person\/46e1e0fecbe94fa0ad734d4ec7730175","name":"Andres Martinez","image":{"@type":"ImageObject","inLanguage":"en-US","@id":"https:\/\/cni.hn\/#\/schema\/person\/image\/","url":"https:\/\/secure.gravatar.com\/avatar\/b685702cf01e6c6b2ca1586d92e9a3cef7b8c42ecb312ffa3be56699c3f1b6f6?s=96&d=mm&r=g","contentUrl":"https:\/\/secure.gravatar.com\/avatar\/b685702cf01e6c6b2ca1586d92e9a3cef7b8c42ecb312ffa3be56699c3f1b6f6?s=96&d=mm&r=g","caption":"Andres Martinez"},"url":"https:\/\/cni.hn\/en\/author\/amartinezcni-hn\/"}]}},"_links":{"self":[{"href":"https:\/\/cni.hn\/en\/wp-json\/wp\/v2\/posts\/7090","targetHints":{"allow":["GET"]}}],"collection":[{"href":"https:\/\/cni.hn\/en\/wp-json\/wp\/v2\/posts"}],"about":[{"href":"https:\/\/cni.hn\/en\/wp-json\/wp\/v2\/types\/post"}],"author":[{"embeddable":true,"href":"https:\/\/cni.hn\/en\/wp-json\/wp\/v2\/users\/2"}],"replies":[{"embeddable":true,"href":"https:\/\/cni.hn\/en\/wp-json\/wp\/v2\/comments?post=7090"}],"version-history":[{"count":0,"href":"https:\/\/cni.hn\/en\/wp-json\/wp\/v2\/posts\/7090\/revisions"}],"wp:featuredmedia":[{"embeddable":true,"href":"https:\/\/cni.hn\/en\/wp-json\/wp\/v2\/media\/7094"}],"wp:attachment":[{"href":"https:\/\/cni.hn\/en\/wp-json\/wp\/v2\/media?parent=7090"}],"wp:term":[{"taxonomy":"category","embeddable":true,"href":"https:\/\/cni.hn\/en\/wp-json\/wp\/v2\/categories?post=7090"},{"taxonomy":"post_tag","embeddable":true,"href":"https:\/\/cni.hn\/en\/wp-json\/wp\/v2\/tags?post=7090"},{"taxonomy":"sector_relacionado","embeddable":true,"href":"https:\/\/cni.hn\/en\/wp-json\/wp\/v2\/sector_relacionado?post=7090"}],"curies":[{"name":"wp","href":"https:\/\/api.w.org\/{rel}","templated":true}]}}