{"id":7082,"date":"2026-04-27T20:08:09","date_gmt":"2026-04-27T20:08:09","guid":{"rendered":"https:\/\/cni.hn\/?p=7082"},"modified":"2026-04-27T20:13:08","modified_gmt":"2026-04-27T20:13:08","slug":"capacitaciones-at-36","status":"publish","type":"post","link":"https:\/\/cni.hn\/en\/capacitaciones-at-36\/","title":{"rendered":"Capacitaciones AT-36"},"content":{"rendered":"<div data-elementor-type=\"wp-post\" data-elementor-id=\"7082\" class=\"elementor elementor-7082\" data-elementor-post-type=\"post\">\n\t\t\t\t<div class=\"elementor-element elementor-element-6e6c138 e-flex e-con-boxed e-con e-parent\" data-id=\"6e6c138\" data-element_type=\"container\">\n\t\t\t\t\t<div class=\"e-con-inner\">\n\t\t\t\t<div class=\"elementor-element elementor-element-8620306 elementor-widget elementor-widget-heading\" data-id=\"8620306\" data-element_type=\"widget\" data-widget_type=\"heading.default\">\n\t\t\t\t<div class=\"elementor-widget-container\">\n\t\t\t\t\t<h2 class=\"elementor-heading-title elementor-size-default\">Honduras fortalece su acceso a mercados internacionales con apoyo de la Uni\u00f3n Europea<\/h2>\t\t\t\t<\/div>\n\t\t\t\t<\/div>\n\t\t\t\t\t<\/div>\n\t\t\t\t<\/div>\n\t\t<div class=\"elementor-element elementor-element-dd6e137 e-flex e-con-boxed e-con e-parent\" data-id=\"dd6e137\" data-element_type=\"container\">\n\t\t\t\t\t<div class=\"e-con-inner\">\n\t\t\t\t<div class=\"elementor-element elementor-element-5917074 elementor-widget elementor-widget-text-editor\" data-id=\"5917074\" data-element_type=\"widget\" data-widget_type=\"text-editor.default\">\n\t\t\t\t<div class=\"elementor-widget-container\">\n\t\t\t\t\t\t\t\t\t<p>Capacitaciones del programa AT-36 impulsan la competitividad de sectores clave y preparan al pa\u00eds ante nuevas exigencias globales<\/p><p><strong>Tegucigalpa, 24 de abril de 2026.\u2014<\/strong><\/p><p>Con el objetivo de fortalecer la competitividad del pa\u00eds y facilitar el acceso de los productos hondure\u00f1os a mercados internacionales, el Consejo Nacional de Inversiones (CNI), en coordinaci\u00f3n con la Uni\u00f3n Europea (UE), desarrolla un proceso de capacitaci\u00f3n nacional que beneficia a instituciones p\u00fablicas, sectores productivos y empresas exportadoras .<\/p><p>Las jornadas forman parte de la implementaci\u00f3n de la Asistencia T\u00e9cnica AT-36 del Proyecto MACH-1, una iniciativa que busca preparar a Honduras ante las nuevas exigencias del comercio internacional, especialmente en temas de sostenibilidad, trazabilidad y cumplimiento ambiental, factores clave para mantener y ampliar la presencia en mercados como el europeo .<\/p>\t\t\t\t\t\t\t\t<\/div>\n\t\t\t\t<\/div>\n\t\t\t\t\t<\/div>\n\t\t\t\t<\/div>\n\t\t<div class=\"elementor-element elementor-element-cd5a9cd e-flex e-con-boxed e-con e-parent\" data-id=\"cd5a9cd\" data-element_type=\"container\">\n\t\t\t\t\t<div class=\"e-con-inner\">\n\t\t\t\t<div class=\"elementor-element elementor-element-287a786 elementor-widget elementor-widget-heading\" data-id=\"287a786\" data-element_type=\"widget\" data-widget_type=\"heading.default\">\n\t\t\t\t<div class=\"elementor-widget-container\">\n\t\t\t\t\t<h2 class=\"elementor-heading-title elementor-size-default\">Capacitaciones a sectores<\/h2>\t\t\t\t<\/div>\n\t\t\t\t<\/div>\n\t\t\t\t\t<\/div>\n\t\t\t\t<\/div>\n\t\t<div class=\"elementor-element elementor-element-06fd03a e-con-full e-flex e-con e-parent\" data-id=\"06fd03a\" data-element_type=\"container\">\n\t\t\t\t<div class=\"elementor-element elementor-element-50508f1 elementor-widget elementor-widget-text-editor\" data-id=\"50508f1\" data-element_type=\"widget\" data-widget_type=\"text-editor.default\">\n\t\t\t\t<div class=\"elementor-widget-container\">\n\t\t\t\t\t\t\t\t\t<p>El proceso inici\u00f3 del 15 al 17 de abril en Tegucigalpa, con la formaci\u00f3n del equipo t\u00e9cnico del CNI en un hotel capitalino. Posteriormente, el 20 y 21 de abril, se capacit\u00f3 a instituciones de gobierno en la C\u00e1mara de Comercio e Industrias de Tegucigalpa (CCIT), fortaleciendo la coordinaci\u00f3n entre entidades clave.<\/p><p>En esta fase participaron instituciones estrat\u00e9gicas del Estado, entre ellas la Agencia de Regulaci\u00f3n Sanitaria (ARSA), el Instituto de Conservaci\u00f3n Forestal (ICF), la Secretar\u00eda de Agricultura y Ganader\u00eda (SAG), el Servicio Nacional de Sanidad e Inocuidad Agroalimentaria (SENASA), la Secretar\u00eda de Recursos Naturales y Ambiente (SERNA), la Secretar\u00eda de Ambiente, la Direcci\u00f3n General de Propiedad Intelectual, el Banco Hondure\u00f1o para la Producci\u00f3n y la Vivienda (BANHPROVI), el Instituto Nacional Agrario (INA), el Instituto Hondure\u00f1o de Geolog\u00eda y Minas (INHGEOMIN) y la Secretar\u00eda de Relaciones Exteriores (Canciller\u00eda), consolidando una respuesta interinstitucional frente a los nuevos est\u00e1ndares internacionales.<\/p><p>La siguiente fase se desarroll\u00f3 el 22 y 23 de abril en la zona del Lago de Yojoa, donde participaron gremiales vinculadas a cadenas productivas como caf\u00e9, cacao y palma, sectores estrat\u00e9gicos para las exportaciones del pa\u00eds hacia la Uni\u00f3n Europea .<\/p><p>El proceso culmina este 24 de abril en San Pedro Sula, con la capacitaci\u00f3n a exportadores en la C\u00e1mara de Comercio e Industrias de Cort\u00e9s (CCIC), ampliando el alcance hacia el sector empresarial y consolidando una preparaci\u00f3n integral a nivel nacional.<\/p>\t\t\t\t\t\t\t\t<\/div>\n\t\t\t\t<\/div>\n\t\t\t\t<\/div>\n\t\t<div class=\"elementor-element elementor-element-17aaa79 e-con-full e-flex e-con e-parent\" data-id=\"17aaa79\" data-element_type=\"container\">\n\t\t\t\t<div class=\"elementor-element elementor-element-23f4e3c elementor-widget elementor-widget-image\" data-id=\"23f4e3c\" data-element_type=\"widget\" data-widget_type=\"image.default\">\n\t\t\t\t<div class=\"elementor-widget-container\">\n\t\t\t\t\t\t\t\t\t\t\t\t\t\t\t<img fetchpriority=\"high\" decoding=\"async\" width=\"800\" height=\"533\" src=\"https:\/\/cni.hn\/wp-content\/uploads\/2026\/04\/capacitaciones-at-36-1024x682.jpeg\" class=\"attachment-large size-large wp-image-7085\" alt=\"\" srcset=\"https:\/\/cni.hn\/wp-content\/uploads\/2026\/04\/capacitaciones-at-36-1024x682.jpeg 1024w, https:\/\/cni.hn\/wp-content\/uploads\/2026\/04\/capacitaciones-at-36-300x200.jpeg 300w, https:\/\/cni.hn\/wp-content\/uploads\/2026\/04\/capacitaciones-at-36-768x512.jpeg 768w, https:\/\/cni.hn\/wp-content\/uploads\/2026\/04\/capacitaciones-at-36-18x12.jpeg 18w, https:\/\/cni.hn\/wp-content\/uploads\/2026\/04\/capacitaciones-at-36.jpeg 1280w\" sizes=\"(max-width: 800px) 100vw, 800px\" \/>\t\t\t\t\t\t\t\t\t\t\t\t\t\t\t<\/div>\n\t\t\t\t<\/div>\n\t\t\t\t<\/div>\n\t\t<div class=\"elementor-element elementor-element-279d182 e-flex e-con-boxed e-con e-parent\" data-id=\"279d182\" data-element_type=\"container\">\n\t\t\t\t\t<div class=\"e-con-inner\">\n\t\t\t\t<div class=\"elementor-element elementor-element-513479b elementor-widget elementor-widget-heading\" data-id=\"513479b\" data-element_type=\"widget\" data-widget_type=\"heading.default\">\n\t\t\t\t<div class=\"elementor-widget-container\">\n\t\t\t\t\t<h2 class=\"elementor-heading-title elementor-size-default\">Normativas europeas<\/h2>\t\t\t\t<\/div>\n\t\t\t\t<\/div>\n\t\t\t\t\t<\/div>\n\t\t\t\t<\/div>\n\t\t<div class=\"elementor-element elementor-element-46684c3 e-flex e-con-boxed e-con e-parent\" data-id=\"46684c3\" data-element_type=\"container\">\n\t\t\t\t\t<div class=\"e-con-inner\">\n\t\t\t\t<div class=\"elementor-element elementor-element-00b372a elementor-widget elementor-widget-text-editor\" data-id=\"00b372a\" data-element_type=\"widget\" data-widget_type=\"text-editor.default\">\n\t\t\t\t<div class=\"elementor-widget-container\">\n\t\t\t\t\t\t\t\t\t<p>Durante estas jornadas, los participantes han recibido herramientas pr\u00e1cticas para adaptarse a normativas europeas como el Reglamento contra la Deforestaci\u00f3n (EUDR), as\u00ed como conocimientos clave para mejorar sus procesos productivos y cumplir con est\u00e1ndares internacionales cada vez m\u00e1s exigentes .<\/p><p>\u201cEste proceso representa una oportunidad para que Honduras fortalezca sus capacidades y mejore su acceso a mercados internacionales. Estamos trabajando con instituciones, gremiales y empresas para asegurar que el pa\u00eds pueda responder a las nuevas exigencias y aprovecharlas como una ventaja competitiva\u201d, destac\u00f3 Mario Pe\u00f1a, jefe de Inteligencia de Datos del CNI.<\/p>\t\t\t\t\t\t\t\t<\/div>\n\t\t\t\t<\/div>\n\t\t\t\t\t<\/div>\n\t\t\t\t<\/div>\n\t\t<div class=\"elementor-element elementor-element-2f6ee71 e-flex e-con-boxed e-con e-parent\" data-id=\"2f6ee71\" data-element_type=\"container\">\n\t\t\t\t\t<div class=\"e-con-inner\">\n\t\t\t\t<div class=\"elementor-element elementor-element-dfec46d elementor-widget elementor-widget-heading\" data-id=\"dfec46d\" data-element_type=\"widget\" data-widget_type=\"heading.default\">\n\t\t\t\t<div class=\"elementor-widget-container\">\n\t\t\t\t\t<h2 class=\"elementor-heading-title elementor-size-default\">Global Gateway <\/h2>\t\t\t\t<\/div>\n\t\t\t\t<\/div>\n\t\t\t\t\t<\/div>\n\t\t\t\t<\/div>\n\t\t<div class=\"elementor-element elementor-element-bd75006 e-flex e-con-boxed e-con e-parent\" data-id=\"bd75006\" data-element_type=\"container\">\n\t\t\t\t\t<div class=\"e-con-inner\">\n\t\t\t\t<div class=\"elementor-element elementor-element-48b3f53 elementor-widget elementor-widget-text-editor\" data-id=\"48b3f53\" data-element_type=\"widget\" data-widget_type=\"text-editor.default\">\n\t\t\t\t<div class=\"elementor-widget-container\">\n\t\t\t\t\t\t\t\t\t<p>Este esfuerzo se enmarca en la hoja de ruta impulsada por el CNI tras la firma del Memorando de Entendimiento con la Uni\u00f3n Europea el pasado 10 de abril en Casa Presidencial, que establece una alianza estrat\u00e9gica para fortalecer la competitividad, promover la sostenibilidad y generar mejores condiciones para la inversi\u00f3n en el pa\u00eds .<\/p><p>De forma complementaria, el CNI avanza junto a la Uni\u00f3n Europea en otras asistencias t\u00e9cnicas clave como el ATCP-35: Plan Maestro de Inversi\u00f3n Privada en Regiones Hidrogr\u00e1ficas de Honduras y el ATCP-38: Estrategia 2026\u20132028 para la Atracci\u00f3n y Expansi\u00f3n de Inversiones Europeas en Honduras en Sectores de Inter\u00e9s Nacional.<\/p>\t\t\t\t\t\t\t\t<\/div>\n\t\t\t\t<\/div>\n\t\t\t\t\t<\/div>\n\t\t\t\t<\/div>\n\t\t<div class=\"elementor-element elementor-element-8eee87f e-flex e-con-boxed e-con e-parent\" data-id=\"8eee87f\" data-element_type=\"container\">\n\t\t\t\t\t<div class=\"e-con-inner\">\n\t\t\t\t<div class=\"elementor-element elementor-element-2b9bb9c elementor-widget elementor-widget-image\" data-id=\"2b9bb9c\" data-element_type=\"widget\" data-widget_type=\"image.default\">\n\t\t\t\t<div class=\"elementor-widget-container\">\n\t\t\t\t\t\t\t\t\t\t\t\t\t\t\t<img decoding=\"async\" width=\"800\" height=\"533\" src=\"https:\/\/cni.hn\/wp-content\/uploads\/2026\/04\/capacitaciones_qt36_2-1024x682.jpeg\" class=\"attachment-large size-large wp-image-7083\" alt=\"\" srcset=\"https:\/\/cni.hn\/wp-content\/uploads\/2026\/04\/capacitaciones_qt36_2-1024x682.jpeg 1024w, https:\/\/cni.hn\/wp-content\/uploads\/2026\/04\/capacitaciones_qt36_2-300x200.jpeg 300w, https:\/\/cni.hn\/wp-content\/uploads\/2026\/04\/capacitaciones_qt36_2-768x512.jpeg 768w, https:\/\/cni.hn\/wp-content\/uploads\/2026\/04\/capacitaciones_qt36_2-18x12.jpeg 18w, https:\/\/cni.hn\/wp-content\/uploads\/2026\/04\/capacitaciones_qt36_2.jpeg 1280w\" sizes=\"(max-width: 800px) 100vw, 800px\" \/>\t\t\t\t\t\t\t\t\t\t\t\t\t\t\t<\/div>\n\t\t\t\t<\/div>\n\t\t\t\t\t<\/div>\n\t\t\t\t<\/div>\n\t\t<div class=\"elementor-element elementor-element-98cd282 e-flex e-con-boxed e-con e-parent\" data-id=\"98cd282\" data-element_type=\"container\">\n\t\t\t\t\t<div class=\"e-con-inner\">\n\t\t\t\t<div class=\"elementor-element elementor-element-6edc102 elementor-widget elementor-widget-text-editor\" data-id=\"6edc102\" data-element_type=\"widget\" data-widget_type=\"text-editor.default\">\n\t\t\t\t<div class=\"elementor-widget-container\">\n\t\t\t\t\t\t\t\t\t<p>Estas iniciativas, vinculadas con la estrategia Global Gateway y el Acuerdo de Asociaci\u00f3n entre Centroam\u00e9rica y la Uni\u00f3n Europea, permitir\u00e1n fortalecer la articulaci\u00f3n con bancos europeos de desarrollo y otros instrumentos financieros, abriendo oportunidades de financiamiento de mayor escala para proyectos estrat\u00e9gicos del pa\u00eds.<\/p><p>Desde el CNI, estas acciones refuerzan su rol como articulador entre el sector p\u00fablico y privado e interlocutor de cooperaci\u00f3n, impulsando iniciativas que contribuyen al crecimiento econ\u00f3mico, la atracci\u00f3n de inversiones y el posicionamiento de Honduras como un socio confiable en el comercio internacional.<\/p>\t\t\t\t\t\t\t\t<\/div>\n\t\t\t\t<\/div>\n\t\t\t\t\t<\/div>\n\t\t\t\t<\/div>\n\t\t<div class=\"elementor-element elementor-element-3fc7133 e-flex e-con-boxed e-con e-parent\" data-id=\"3fc7133\" data-element_type=\"container\">\n\t\t\t\t\t<div class=\"e-con-inner\">\n\t\t\t\t<div class=\"elementor-element elementor-element-9b04bf6 elementor-widget elementor-widget-heading\" data-id=\"9b04bf6\" data-element_type=\"widget\" data-widget_type=\"heading.default\">\n\t\t\t\t<div class=\"elementor-widget-container\">\n\t\t\t\t\t<h2 class=\"elementor-heading-title elementor-size-default\">De inter\u00e9s\n<\/h2>\t\t\t\t<\/div>\n\t\t\t\t<\/div>\n\t\t\t\t\t<\/div>\n\t\t\t\t<\/div>\n\t\t<div class=\"elementor-element elementor-element-8426455 e-flex e-con-boxed e-con e-parent\" data-id=\"8426455\" data-element_type=\"container\">\n\t\t\t\t\t<div class=\"e-con-inner\">\n\t\t\t\t<div class=\"elementor-element elementor-element-f9f819e elementor-widget elementor-widget-text-editor\" data-id=\"f9f819e\" data-element_type=\"widget\" data-widget_type=\"text-editor.default\">\n\t\t\t\t<div class=\"elementor-widget-container\">\n\t\t\t\t\t\t\t\t\t<p>\u2022 Honduras impulsa su competitividad y acceso a mercados internacionales mediante capacitaciones apoyadas por la Uni\u00f3n Europea.<\/p><p>\u2022 La cooperaci\u00f3n con la UE abre oportunidades de financiamiento e inversi\u00f3n para proyectos estrat\u00e9gicos del pa\u00eds.<\/p>\t\t\t\t\t\t\t\t<\/div>\n\t\t\t\t<\/div>\n\t\t\t\t\t<\/div>\n\t\t\t\t<\/div>\n\t\t\t\t<\/div>","protected":false},"excerpt":{"rendered":"<p>Honduras fortalece su acceso a mercados internacionales con apoyo de la Uni\u00f3n Europea Capacitaciones del programa AT-36 impulsan la competitividad de sectores clave y preparan al pa\u00eds ante nuevas exigencias globales Tegucigalpa, 24 de abril de 2026.\u2014 Con el objetivo de fortalecer la competitividad del pa\u00eds y facilitar el acceso de los productos hondure\u00f1os a [&hellip;]<\/p>","protected":false},"author":2,"featured_media":7084,"comment_status":"closed","ping_status":"closed","sticky":false,"template":"","format":"standard","meta":{"footnotes":""},"categories":[1],"tags":[],"sector_relacionado":[],"class_list":["post-7082","post","type-post","status-publish","format-standard","has-post-thumbnail","hentry","category-prensa"],"yoast_head":"<!-- This site is optimized with the Yoast SEO plugin v24.8.1 - https:\/\/yoast.com\/wordpress\/plugins\/seo\/ -->\n<title>Capacitaciones AT-36 - CNI Honduras<\/title>\n<meta name=\"robots\" content=\"index, follow, max-snippet:-1, max-image-preview:large, max-video-preview:-1\" \/>\n<link rel=\"canonical\" href=\"https:\/\/cni.hn\/en\/capacitaciones-at-36\/\" \/>\n<meta property=\"og:locale\" content=\"en_US\" \/>\n<meta property=\"og:type\" content=\"article\" \/>\n<meta property=\"og:title\" content=\"Capacitaciones AT-36 - CNI Honduras\" \/>\n<meta property=\"og:description\" content=\"Honduras fortalece su acceso a mercados internacionales con apoyo de la Uni\u00f3n Europea Capacitaciones del programa AT-36 impulsan la competitividad de sectores clave y preparan al pa\u00eds ante nuevas exigencias globales Tegucigalpa, 24 de abril de 2026.\u2014 Con el objetivo de fortalecer la competitividad del pa\u00eds y facilitar el acceso de los productos hondure\u00f1os a [&hellip;]\" \/>\n<meta property=\"og:url\" content=\"https:\/\/cni.hn\/en\/capacitaciones-at-36\/\" \/>\n<meta property=\"og:site_name\" content=\"CNI Honduras\" \/>\n<meta property=\"article:published_time\" content=\"2026-04-27T20:08:09+00:00\" \/>\n<meta property=\"article:modified_time\" content=\"2026-04-27T20:13:08+00:00\" \/>\n<meta property=\"og:image\" content=\"https:\/\/cni.hn\/wp-content\/uploads\/2026\/04\/cni_at-36.jpeg\" \/>\n\t<meta property=\"og:image:width\" content=\"1599\" \/>\n\t<meta property=\"og:image:height\" content=\"1066\" \/>\n\t<meta property=\"og:image:type\" content=\"image\/jpeg\" \/>\n<meta name=\"author\" content=\"Andres Martinez\" \/>\n<meta name=\"twitter:card\" content=\"summary_large_image\" \/>\n<meta name=\"twitter:label1\" content=\"Written by\" \/>\n\t<meta name=\"twitter:data1\" content=\"Andres Martinez\" \/>\n\t<meta name=\"twitter:label2\" content=\"Est. reading time\" \/>\n\t<meta name=\"twitter:data2\" content=\"4 minutes\" \/>\n<script type=\"application\/ld+json\" class=\"yoast-schema-graph\">{\"@context\":\"https:\/\/schema.org\",\"@graph\":[{\"@type\":\"Article\",\"@id\":\"https:\/\/cni.hn\/capacitaciones-at-36\/#article\",\"isPartOf\":{\"@id\":\"https:\/\/cni.hn\/capacitaciones-at-36\/\"},\"author\":{\"name\":\"Andres Martinez\",\"@id\":\"https:\/\/cni.hn\/#\/schema\/person\/46e1e0fecbe94fa0ad734d4ec7730175\"},\"headline\":\"Capacitaciones AT-36\",\"datePublished\":\"2026-04-27T20:08:09+00:00\",\"dateModified\":\"2026-04-27T20:13:08+00:00\",\"mainEntityOfPage\":{\"@id\":\"https:\/\/cni.hn\/capacitaciones-at-36\/\"},\"wordCount\":751,\"publisher\":{\"@id\":\"https:\/\/cni.hn\/#organization\"},\"image\":{\"@id\":\"https:\/\/cni.hn\/capacitaciones-at-36\/#primaryimage\"},\"thumbnailUrl\":\"https:\/\/cni.hn\/wp-content\/uploads\/2026\/04\/cni_at-36.jpeg\",\"articleSection\":[\"Sala de Prensa\"],\"inLanguage\":\"en-US\"},{\"@type\":\"WebPage\",\"@id\":\"https:\/\/cni.hn\/capacitaciones-at-36\/\",\"url\":\"https:\/\/cni.hn\/capacitaciones-at-36\/\",\"name\":\"Capacitaciones AT-36 - CNI Honduras\",\"isPartOf\":{\"@id\":\"https:\/\/cni.hn\/#website\"},\"primaryImageOfPage\":{\"@id\":\"https:\/\/cni.hn\/capacitaciones-at-36\/#primaryimage\"},\"image\":{\"@id\":\"https:\/\/cni.hn\/capacitaciones-at-36\/#primaryimage\"},\"thumbnailUrl\":\"https:\/\/cni.hn\/wp-content\/uploads\/2026\/04\/cni_at-36.jpeg\",\"datePublished\":\"2026-04-27T20:08:09+00:00\",\"dateModified\":\"2026-04-27T20:13:08+00:00\",\"breadcrumb\":{\"@id\":\"https:\/\/cni.hn\/capacitaciones-at-36\/#breadcrumb\"},\"inLanguage\":\"en-US\",\"potentialAction\":[{\"@type\":\"ReadAction\",\"target\":[\"https:\/\/cni.hn\/capacitaciones-at-36\/\"]}]},{\"@type\":\"ImageObject\",\"inLanguage\":\"en-US\",\"@id\":\"https:\/\/cni.hn\/capacitaciones-at-36\/#primaryimage\",\"url\":\"https:\/\/cni.hn\/wp-content\/uploads\/2026\/04\/cni_at-36.jpeg\",\"contentUrl\":\"https:\/\/cni.hn\/wp-content\/uploads\/2026\/04\/cni_at-36.jpeg\",\"width\":1599,\"height\":1066},{\"@type\":\"BreadcrumbList\",\"@id\":\"https:\/\/cni.hn\/capacitaciones-at-36\/#breadcrumb\",\"itemListElement\":[{\"@type\":\"ListItem\",\"position\":1,\"name\":\"Home\",\"item\":\"https:\/\/cni.hn\/\"},{\"@type\":\"ListItem\",\"position\":2,\"name\":\"Capacitaciones AT-36\"}]},{\"@type\":\"WebSite\",\"@id\":\"https:\/\/cni.hn\/#website\",\"url\":\"https:\/\/cni.hn\/\",\"name\":\"CNI Honduras\",\"description\":\"\",\"publisher\":{\"@id\":\"https:\/\/cni.hn\/#organization\"},\"potentialAction\":[{\"@type\":\"SearchAction\",\"target\":{\"@type\":\"EntryPoint\",\"urlTemplate\":\"https:\/\/cni.hn\/?s={search_term_string}\"},\"query-input\":{\"@type\":\"PropertyValueSpecification\",\"valueRequired\":true,\"valueName\":\"search_term_string\"}}],\"inLanguage\":\"en-US\"},{\"@type\":\"Organization\",\"@id\":\"https:\/\/cni.hn\/#organization\",\"name\":\"CNI Honduras\",\"url\":\"https:\/\/cni.hn\/\",\"logo\":{\"@type\":\"ImageObject\",\"inLanguage\":\"en-US\",\"@id\":\"https:\/\/cni.hn\/#\/schema\/logo\/image\/\",\"url\":\"https:\/\/cni.hn\/wp-content\/uploads\/2024\/10\/logo-cni.png\",\"contentUrl\":\"https:\/\/cni.hn\/wp-content\/uploads\/2024\/10\/logo-cni.png\",\"width\":390,\"height\":390,\"caption\":\"CNI Honduras\"},\"image\":{\"@id\":\"https:\/\/cni.hn\/#\/schema\/logo\/image\/\"}},{\"@type\":\"Person\",\"@id\":\"https:\/\/cni.hn\/#\/schema\/person\/46e1e0fecbe94fa0ad734d4ec7730175\",\"name\":\"Andres Martinez\",\"image\":{\"@type\":\"ImageObject\",\"inLanguage\":\"en-US\",\"@id\":\"https:\/\/cni.hn\/#\/schema\/person\/image\/\",\"url\":\"https:\/\/secure.gravatar.com\/avatar\/b685702cf01e6c6b2ca1586d92e9a3cef7b8c42ecb312ffa3be56699c3f1b6f6?s=96&d=mm&r=g\",\"contentUrl\":\"https:\/\/secure.gravatar.com\/avatar\/b685702cf01e6c6b2ca1586d92e9a3cef7b8c42ecb312ffa3be56699c3f1b6f6?s=96&d=mm&r=g\",\"caption\":\"Andres Martinez\"},\"url\":\"https:\/\/cni.hn\/en\/author\/amartinezcni-hn\/\"}]}<\/script>\n<!-- \/ Yoast SEO plugin. -->","yoast_head_json":{"title":"Capacitaciones AT-36 - CNI Honduras","robots":{"index":"index","follow":"follow","max-snippet":"max-snippet:-1","max-image-preview":"max-image-preview:large","max-video-preview":"max-video-preview:-1"},"canonical":"https:\/\/cni.hn\/en\/capacitaciones-at-36\/","og_locale":"en_US","og_type":"article","og_title":"Capacitaciones AT-36 - CNI Honduras","og_description":"Honduras fortalece su acceso a mercados internacionales con apoyo de la Uni\u00f3n Europea Capacitaciones del programa AT-36 impulsan la competitividad de sectores clave y preparan al pa\u00eds ante nuevas exigencias globales Tegucigalpa, 24 de abril de 2026.\u2014 Con el objetivo de fortalecer la competitividad del pa\u00eds y facilitar el acceso de los productos hondure\u00f1os a [&hellip;]","og_url":"https:\/\/cni.hn\/en\/capacitaciones-at-36\/","og_site_name":"CNI Honduras","article_published_time":"2026-04-27T20:08:09+00:00","article_modified_time":"2026-04-27T20:13:08+00:00","og_image":[{"width":1599,"height":1066,"url":"https:\/\/cni.hn\/wp-content\/uploads\/2026\/04\/cni_at-36.jpeg","type":"image\/jpeg"}],"author":"Andres Martinez","twitter_card":"summary_large_image","twitter_misc":{"Written by":"Andres Martinez","Est. reading time":"4 minutes"},"schema":{"@context":"https:\/\/schema.org","@graph":[{"@type":"Article","@id":"https:\/\/cni.hn\/capacitaciones-at-36\/#article","isPartOf":{"@id":"https:\/\/cni.hn\/capacitaciones-at-36\/"},"author":{"name":"Andres Martinez","@id":"https:\/\/cni.hn\/#\/schema\/person\/46e1e0fecbe94fa0ad734d4ec7730175"},"headline":"Capacitaciones AT-36","datePublished":"2026-04-27T20:08:09+00:00","dateModified":"2026-04-27T20:13:08+00:00","mainEntityOfPage":{"@id":"https:\/\/cni.hn\/capacitaciones-at-36\/"},"wordCount":751,"publisher":{"@id":"https:\/\/cni.hn\/#organization"},"image":{"@id":"https:\/\/cni.hn\/capacitaciones-at-36\/#primaryimage"},"thumbnailUrl":"https:\/\/cni.hn\/wp-content\/uploads\/2026\/04\/cni_at-36.jpeg","articleSection":["Sala de Prensa"],"inLanguage":"en-US"},{"@type":"WebPage","@id":"https:\/\/cni.hn\/capacitaciones-at-36\/","url":"https:\/\/cni.hn\/capacitaciones-at-36\/","name":"Capacitaciones AT-36 - CNI Honduras","isPartOf":{"@id":"https:\/\/cni.hn\/#website"},"primaryImageOfPage":{"@id":"https:\/\/cni.hn\/capacitaciones-at-36\/#primaryimage"},"image":{"@id":"https:\/\/cni.hn\/capacitaciones-at-36\/#primaryimage"},"thumbnailUrl":"https:\/\/cni.hn\/wp-content\/uploads\/2026\/04\/cni_at-36.jpeg","datePublished":"2026-04-27T20:08:09+00:00","dateModified":"2026-04-27T20:13:08+00:00","breadcrumb":{"@id":"https:\/\/cni.hn\/capacitaciones-at-36\/#breadcrumb"},"inLanguage":"en-US","potentialAction":[{"@type":"ReadAction","target":["https:\/\/cni.hn\/capacitaciones-at-36\/"]}]},{"@type":"ImageObject","inLanguage":"en-US","@id":"https:\/\/cni.hn\/capacitaciones-at-36\/#primaryimage","url":"https:\/\/cni.hn\/wp-content\/uploads\/2026\/04\/cni_at-36.jpeg","contentUrl":"https:\/\/cni.hn\/wp-content\/uploads\/2026\/04\/cni_at-36.jpeg","width":1599,"height":1066},{"@type":"BreadcrumbList","@id":"https:\/\/cni.hn\/capacitaciones-at-36\/#breadcrumb","itemListElement":[{"@type":"ListItem","position":1,"name":"Home","item":"https:\/\/cni.hn\/"},{"@type":"ListItem","position":2,"name":"Capacitaciones AT-36"}]},{"@type":"WebSite","@id":"https:\/\/cni.hn\/#website","url":"https:\/\/cni.hn\/","name":"CNI Honduras","description":"","publisher":{"@id":"https:\/\/cni.hn\/#organization"},"potentialAction":[{"@type":"SearchAction","target":{"@type":"EntryPoint","urlTemplate":"https:\/\/cni.hn\/?s={search_term_string}"},"query-input":{"@type":"PropertyValueSpecification","valueRequired":true,"valueName":"search_term_string"}}],"inLanguage":"en-US"},{"@type":"Organization","@id":"https:\/\/cni.hn\/#organization","name":"CNI Honduras","url":"https:\/\/cni.hn\/","logo":{"@type":"ImageObject","inLanguage":"en-US","@id":"https:\/\/cni.hn\/#\/schema\/logo\/image\/","url":"https:\/\/cni.hn\/wp-content\/uploads\/2024\/10\/logo-cni.png","contentUrl":"https:\/\/cni.hn\/wp-content\/uploads\/2024\/10\/logo-cni.png","width":390,"height":390,"caption":"CNI Honduras"},"image":{"@id":"https:\/\/cni.hn\/#\/schema\/logo\/image\/"}},{"@type":"Person","@id":"https:\/\/cni.hn\/#\/schema\/person\/46e1e0fecbe94fa0ad734d4ec7730175","name":"Andres Martinez","image":{"@type":"ImageObject","inLanguage":"en-US","@id":"https:\/\/cni.hn\/#\/schema\/person\/image\/","url":"https:\/\/secure.gravatar.com\/avatar\/b685702cf01e6c6b2ca1586d92e9a3cef7b8c42ecb312ffa3be56699c3f1b6f6?s=96&d=mm&r=g","contentUrl":"https:\/\/secure.gravatar.com\/avatar\/b685702cf01e6c6b2ca1586d92e9a3cef7b8c42ecb312ffa3be56699c3f1b6f6?s=96&d=mm&r=g","caption":"Andres Martinez"},"url":"https:\/\/cni.hn\/en\/author\/amartinezcni-hn\/"}]}},"_links":{"self":[{"href":"https:\/\/cni.hn\/en\/wp-json\/wp\/v2\/posts\/7082","targetHints":{"allow":["GET"]}}],"collection":[{"href":"https:\/\/cni.hn\/en\/wp-json\/wp\/v2\/posts"}],"about":[{"href":"https:\/\/cni.hn\/en\/wp-json\/wp\/v2\/types\/post"}],"author":[{"embeddable":true,"href":"https:\/\/cni.hn\/en\/wp-json\/wp\/v2\/users\/2"}],"replies":[{"embeddable":true,"href":"https:\/\/cni.hn\/en\/wp-json\/wp\/v2\/comments?post=7082"}],"version-history":[{"count":0,"href":"https:\/\/cni.hn\/en\/wp-json\/wp\/v2\/posts\/7082\/revisions"}],"wp:featuredmedia":[{"embeddable":true,"href":"https:\/\/cni.hn\/en\/wp-json\/wp\/v2\/media\/7084"}],"wp:attachment":[{"href":"https:\/\/cni.hn\/en\/wp-json\/wp\/v2\/media?parent=7082"}],"wp:term":[{"taxonomy":"category","embeddable":true,"href":"https:\/\/cni.hn\/en\/wp-json\/wp\/v2\/categories?post=7082"},{"taxonomy":"post_tag","embeddable":true,"href":"https:\/\/cni.hn\/en\/wp-json\/wp\/v2\/tags?post=7082"},{"taxonomy":"sector_relacionado","embeddable":true,"href":"https:\/\/cni.hn\/en\/wp-json\/wp\/v2\/sector_relacionado?post=7082"}],"curies":[{"name":"wp","href":"https:\/\/api.w.org\/{rel}","templated":true}]}}