{"id":7013,"date":"2026-04-22T20:55:06","date_gmt":"2026-04-22T20:55:06","guid":{"rendered":"https:\/\/cni.hn\/?p=7013"},"modified":"2026-04-22T21:00:08","modified_gmt":"2026-04-22T21:00:08","slug":"expo-horeca-honduras","status":"publish","type":"post","link":"https:\/\/cni.hn\/en\/expo-horeca-honduras\/","title":{"rendered":"EXPO HORECA HONDURAS"},"content":{"rendered":"<div data-elementor-type=\"wp-post\" data-elementor-id=\"7013\" class=\"elementor elementor-7013\" data-elementor-post-type=\"post\">\n\t\t\t\t<div class=\"elementor-element elementor-element-007f4e2 e-flex e-con-boxed e-con e-parent\" data-id=\"007f4e2\" data-element_type=\"container\">\n\t\t\t\t\t<div class=\"e-con-inner\">\n\t\t\t\t<div class=\"elementor-element elementor-element-c321ad7 elementor-widget elementor-widget-heading\" data-id=\"c321ad7\" data-element_type=\"widget\" data-widget_type=\"heading.default\">\n\t\t\t\t<div class=\"elementor-widget-container\">\n\t\t\t\t\t<h2 class=\"elementor-heading-title elementor-size-default\">Expo Horeca Honduras 2026 consolida su proyecci\u00f3n con conferencia de prensa en Tegucigalpa<\/h2>\t\t\t\t<\/div>\n\t\t\t\t<\/div>\n\t\t\t\t\t<\/div>\n\t\t\t\t<\/div>\n\t\t<div class=\"elementor-element elementor-element-6579ecb e-flex e-con-boxed e-con e-parent\" data-id=\"6579ecb\" data-element_type=\"container\">\n\t\t\t\t\t<div class=\"e-con-inner\">\n\t\t\t\t<div class=\"elementor-element elementor-element-574def6 elementor-widget elementor-widget-text-editor\" data-id=\"574def6\" data-element_type=\"widget\" data-widget_type=\"text-editor.default\">\n\t\t\t\t<div class=\"elementor-widget-container\">\n\t\t\t\t\t\t\t\t\t<p>Evento reunir\u00e1 al sector HORECA el 28 y 29 de mayo en San Pedro Sula; el CNI presentar\u00e1 validaci\u00f3n del turismo como sector priorizado de inversi\u00f3n<\/p><p><strong>Tegucigalpa, 22 de abril de 2026.\u2014<\/strong><\/p><p>La cuarta edici\u00f3n de Expo Horeca Honduras 2026 avanz\u00f3 este mi\u00e9rcoles en su agenda preparatoria con una conferencia de prensa realizada en la capital, donde organizadores y actores clave destacaron el alcance estrat\u00e9gico del evento y su impacto en el turismo, la inversi\u00f3n y el desarrollo econ\u00f3mico del pa\u00eds.<\/p><p>La actividad, desarrollada en un hotel de Tegucigalpa, reuni\u00f3 a representantes del sector p\u00fablico, privado y tur\u00edstico, quienes presentaron las principales novedades de la feria que se celebrar\u00e1 el 28 y 29 de mayo en Expocentro, San Pedro Sula, consolidada como una plataforma de negocios, formaci\u00f3n y networking para los sectores de hoteles, restaurantes y cafeter\u00edas.<\/p>\t\t\t\t\t\t\t\t<\/div>\n\t\t\t\t<\/div>\n\t\t\t\t\t<\/div>\n\t\t\t\t<\/div>\n\t\t<div class=\"elementor-element elementor-element-d921619 e-flex e-con-boxed e-con e-parent\" data-id=\"d921619\" data-element_type=\"container\">\n\t\t\t\t\t<div class=\"e-con-inner\">\n\t\t\t\t<div class=\"elementor-element elementor-element-dfa714b elementor-widget elementor-widget-heading\" data-id=\"dfa714b\" data-element_type=\"widget\" data-widget_type=\"heading.default\">\n\t\t\t\t<div class=\"elementor-widget-container\">\n\t\t\t\t\t<h2 class=\"elementor-heading-title elementor-size-default\">Metodolog\u00eda de Investigaci\u00f3n<\/h2>\t\t\t\t<\/div>\n\t\t\t\t<\/div>\n\t\t\t\t\t<\/div>\n\t\t\t\t<\/div>\n\t\t<div class=\"elementor-element elementor-element-1ec25c4 e-flex e-con-boxed e-con e-parent\" data-id=\"1ec25c4\" data-element_type=\"container\">\n\t\t\t\t\t<div class=\"e-con-inner\">\n\t\t\t\t<div class=\"elementor-element elementor-element-9aded5d elementor-widget elementor-widget-text-editor\" data-id=\"9aded5d\" data-element_type=\"widget\" data-widget_type=\"text-editor.default\">\n\t\t\t\t<div class=\"elementor-widget-container\">\n\t\t\t\t\t\t\t\t\t<p>En este contexto, el Consejo Nacional de Inversiones (CNI) confirm\u00f3 su participaci\u00f3n estrat\u00e9gica en el evento, donde dar\u00e1 a conocer por primera vez los resultados de la Metodolog\u00eda de Investigaci\u00f3n: Validaci\u00f3n de los Sectores Priorizados de Inversi\u00f3n de Honduras, como parte de sus acciones para fortalecer la atracci\u00f3n de capital y el clima de inversi\u00f3n.<\/p><p>Durante la conferencia, el secretario general del CNI, Jos\u00e9 Ricardo Fuentes, particip\u00f3 en representaci\u00f3n del ministro de Inversiones y secretario ejecutivo del CNI, Epaminondas Marinakys; destacando el rol del sector turismo dentro del ecosistema de inversi\u00f3n del pa\u00eds. Subray\u00f3 que esta iniciativa permitir\u00e1 validar t\u00e9cnicamente al turismo como uno de los sectores estrat\u00e9gicos priorizados para la atracci\u00f3n de inversi\u00f3n.<\/p><p>\u201cEl turismo es un eje estrat\u00e9gico dentro del ecosistema de inversi\u00f3n de Honduras, y desde el CNI estamos impulsando su validaci\u00f3n como sector priorizado para fortalecer su competitividad y atraer nuevas oportunidades de inversi\u00f3n\u201d, afirm\u00f3 Fuentes.<\/p>\t\t\t\t\t\t\t\t<\/div>\n\t\t\t\t<\/div>\n\t\t\t\t\t<\/div>\n\t\t\t\t<\/div>\n\t\t<div class=\"elementor-element elementor-element-9594187 e-flex e-con-boxed e-con e-parent\" data-id=\"9594187\" data-element_type=\"container\">\n\t\t\t\t\t<div class=\"e-con-inner\">\n\t\t\t\t<div class=\"elementor-element elementor-element-f4f0d81 elementor-widget elementor-widget-heading\" data-id=\"f4f0d81\" data-element_type=\"widget\" data-widget_type=\"heading.default\">\n\t\t\t\t<div class=\"elementor-widget-container\">\n\t\t\t\t\t<h2 class=\"elementor-heading-title elementor-size-default\"> Actores clave<\/h2>\t\t\t\t<\/div>\n\t\t\t\t<\/div>\n\t\t\t\t\t<\/div>\n\t\t\t\t<\/div>\n\t\t<div class=\"elementor-element elementor-element-46705de e-flex e-con-boxed e-con e-parent\" data-id=\"46705de\" data-element_type=\"container\">\n\t\t\t\t\t<div class=\"e-con-inner\">\n\t\t\t\t<div class=\"elementor-element elementor-element-f5b4d73 elementor-widget elementor-widget-text-editor\" data-id=\"f5b4d73\" data-element_type=\"widget\" data-widget_type=\"text-editor.default\">\n\t\t\t\t<div class=\"elementor-widget-container\">\n\t\t\t\t\t\t\t\t\t<p>La directora de la feria, Ligia Illescas, destac\u00f3 la evoluci\u00f3n del evento y su propuesta renovada para esta edici\u00f3n. Explic\u00f3 que Expo Horeca Honduras 2026 incorporar\u00e1 nuevos formatos de aprendizaje y habilitar\u00e1 una zona de innovaci\u00f3n de m\u00e1s de 4,500 metros cuadrados, con la participaci\u00f3n de alrededor de 120 empresas nacionales e internacionales. \u201cEs un evento que evoluciona, con nuevos formatos de aprendizaje y una zona de innovaci\u00f3n donde m\u00e1s de 120 empresas ofrecer\u00e1n soluciones para el sector Horeca\u201d, afirm\u00f3 Ilescad.<\/p>\t\t\t\t\t\t\t\t<\/div>\n\t\t\t\t<\/div>\n\t\t\t\t\t<\/div>\n\t\t\t\t<\/div>\n\t\t<div class=\"elementor-element elementor-element-f996bb4 e-flex e-con-boxed e-con e-parent\" data-id=\"f996bb4\" data-element_type=\"container\">\n\t\t\t\t\t<div class=\"e-con-inner\">\n\t\t\t\t<div class=\"elementor-element elementor-element-841bf4c elementor-widget elementor-widget-image\" data-id=\"841bf4c\" data-element_type=\"widget\" data-widget_type=\"image.default\">\n\t\t\t\t<div class=\"elementor-widget-container\">\n\t\t\t\t\t\t\t\t\t\t\t\t\t\t\t<img fetchpriority=\"high\" decoding=\"async\" width=\"800\" height=\"534\" src=\"https:\/\/cni.hn\/wp-content\/uploads\/2026\/04\/Autoridades-Horeca-1024x683.jpeg\" class=\"attachment-large size-large wp-image-7014\" alt=\"\" srcset=\"https:\/\/cni.hn\/wp-content\/uploads\/2026\/04\/Autoridades-Horeca-1024x683.jpeg 1024w, https:\/\/cni.hn\/wp-content\/uploads\/2026\/04\/Autoridades-Horeca-300x200.jpeg 300w, https:\/\/cni.hn\/wp-content\/uploads\/2026\/04\/Autoridades-Horeca-768x512.jpeg 768w, https:\/\/cni.hn\/wp-content\/uploads\/2026\/04\/Autoridades-Horeca-1536x1024.jpeg 1536w, https:\/\/cni.hn\/wp-content\/uploads\/2026\/04\/Autoridades-Horeca-18x12.jpeg 18w, https:\/\/cni.hn\/wp-content\/uploads\/2026\/04\/Autoridades-Horeca.jpeg 1600w\" sizes=\"(max-width: 800px) 100vw, 800px\" \/>\t\t\t\t\t\t\t\t\t\t\t\t\t\t\t<\/div>\n\t\t\t\t<\/div>\n\t\t\t\t\t<\/div>\n\t\t\t\t<\/div>\n\t\t<div class=\"elementor-element elementor-element-51ef55f e-flex e-con-boxed e-con e-parent\" data-id=\"51ef55f\" data-element_type=\"container\">\n\t\t\t\t\t<div class=\"e-con-inner\">\n\t\t\t\t<div class=\"elementor-element elementor-element-31c67ed elementor-widget elementor-widget-heading\" data-id=\"31c67ed\" data-element_type=\"widget\" data-widget_type=\"heading.default\">\n\t\t\t\t<div class=\"elementor-widget-container\">\n\t\t\t\t\t<h2 class=\"elementor-heading-title elementor-size-default\"> CANATURH<\/h2>\t\t\t\t<\/div>\n\t\t\t\t<\/div>\n\t\t\t\t\t<\/div>\n\t\t\t\t<\/div>\n\t\t<div class=\"elementor-element elementor-element-2d49fd4 e-flex e-con-boxed e-con e-parent\" data-id=\"2d49fd4\" data-element_type=\"container\">\n\t\t\t\t\t<div class=\"e-con-inner\">\n\t\t\t\t<div class=\"elementor-element elementor-element-8946972 elementor-widget elementor-widget-text-editor\" data-id=\"8946972\" data-element_type=\"widget\" data-widget_type=\"text-editor.default\">\n\t\t\t\t<div class=\"elementor-widget-container\">\n\t\t\t\t\t\t\t\t\t<p>Por su parte, el presidente de la C\u00e1mara Nacional de Turismo de Honduras (CANATURH), Adolfo Pineda, resalt\u00f3 la importancia de la articulaci\u00f3n entre actores para fortalecer el sector tur\u00edstico. Se\u00f1al\u00f3 que la empresa privada, los gobiernos locales y la academia deben trabajar de forma conjunta para dinamizar la actividad tur\u00edstica y generar nuevas oportunidades de desarrollo.<br \/>\u201cTodos somos responsables de promover Honduras: debemos vender el pa\u00eds de manera positiva, con buenas noticias, para atraer turismo, inversi\u00f3n y generar m\u00e1s empleo\u201d, expres\u00f3 Pineda.<\/p>\t\t\t\t\t\t\t\t<\/div>\n\t\t\t\t<\/div>\n\t\t\t\t\t<\/div>\n\t\t\t\t<\/div>\n\t\t<div class=\"elementor-element elementor-element-8d918fe e-flex e-con-boxed e-con e-parent\" data-id=\"8d918fe\" data-element_type=\"container\">\n\t\t\t\t\t<div class=\"e-con-inner\">\n\t\t\t\t<div class=\"elementor-element elementor-element-f522686 elementor-widget elementor-widget-heading\" data-id=\"f522686\" data-element_type=\"widget\" data-widget_type=\"heading.default\">\n\t\t\t\t<div class=\"elementor-widget-container\">\n\t\t\t\t\t<h2 class=\"elementor-heading-title elementor-size-default\">IHT<\/h2>\t\t\t\t<\/div>\n\t\t\t\t<\/div>\n\t\t\t\t\t<\/div>\n\t\t\t\t<\/div>\n\t\t<div class=\"elementor-element elementor-element-766d742 e-flex e-con-boxed e-con e-parent\" data-id=\"766d742\" data-element_type=\"container\">\n\t\t\t\t\t<div class=\"e-con-inner\">\n\t\t\t\t<div class=\"elementor-element elementor-element-4b76179 elementor-widget elementor-widget-text-editor\" data-id=\"4b76179\" data-element_type=\"widget\" data-widget_type=\"text-editor.default\">\n\t\t\t\t<div class=\"elementor-widget-container\">\n\t\t\t\t\t\t\t\t\t<p>En la misma l\u00ednea, el presidente ejecutivo del Instituto Hondure\u00f1o de Turismo (IHT), Andr\u00e9s Ehrler, destac\u00f3 el papel del turismo como motor econ\u00f3mico, especialmente en los sectores de hoteler\u00eda, gastronom\u00eda y cafeter\u00edas, subrayando su potencial para generar encadenamientos productivos y fortalecer la oferta nacional.<\/p><p>\u201cEl turismo, junto con la hoteler\u00eda, la gastronom\u00eda y las cafeter\u00edas, es clave para dinamizar la econom\u00eda y posicionar a Honduras como un destino competitivo a nivel internacional\u201d, indic\u00f3 Ehrler.<\/p>\t\t\t\t\t\t\t\t<\/div>\n\t\t\t\t<\/div>\n\t\t\t\t\t<\/div>\n\t\t\t\t<\/div>\n\t\t<div class=\"elementor-element elementor-element-82ea8ca e-flex e-con-boxed e-con e-parent\" data-id=\"82ea8ca\" data-element_type=\"container\">\n\t\t\t\t\t<div class=\"e-con-inner\">\n\t\t\t\t<div class=\"elementor-element elementor-element-4213b1f elementor-widget elementor-widget-image\" data-id=\"4213b1f\" data-element_type=\"widget\" data-widget_type=\"image.default\">\n\t\t\t\t<div class=\"elementor-widget-container\">\n\t\t\t\t\t\t\t\t\t\t\t\t\t\t\t<img decoding=\"async\" width=\"800\" height=\"534\" src=\"https:\/\/cni.hn\/wp-content\/uploads\/2026\/04\/expo_horeca_2026-1024x683.jpeg\" class=\"attachment-large size-large wp-image-7015\" alt=\"\" srcset=\"https:\/\/cni.hn\/wp-content\/uploads\/2026\/04\/expo_horeca_2026-1024x683.jpeg 1024w, https:\/\/cni.hn\/wp-content\/uploads\/2026\/04\/expo_horeca_2026-300x200.jpeg 300w, https:\/\/cni.hn\/wp-content\/uploads\/2026\/04\/expo_horeca_2026-768x512.jpeg 768w, https:\/\/cni.hn\/wp-content\/uploads\/2026\/04\/expo_horeca_2026-1536x1024.jpeg 1536w, https:\/\/cni.hn\/wp-content\/uploads\/2026\/04\/expo_horeca_2026-18x12.jpeg 18w, https:\/\/cni.hn\/wp-content\/uploads\/2026\/04\/expo_horeca_2026.jpeg 1600w\" sizes=\"(max-width: 800px) 100vw, 800px\" \/>\t\t\t\t\t\t\t\t\t\t\t\t\t\t\t<\/div>\n\t\t\t\t<\/div>\n\t\t\t\t\t<\/div>\n\t\t\t\t<\/div>\n\t\t<div class=\"elementor-element elementor-element-3cf210d e-flex e-con-boxed e-con e-parent\" data-id=\"3cf210d\" data-element_type=\"container\">\n\t\t\t\t\t<div class=\"e-con-inner\">\n\t\t\t\t<div class=\"elementor-element elementor-element-fe6d713 elementor-widget elementor-widget-heading\" data-id=\"fe6d713\" data-element_type=\"widget\" data-widget_type=\"heading.default\">\n\t\t\t\t<div class=\"elementor-widget-container\">\n\t\t\t\t\t<h2 class=\"elementor-heading-title elementor-size-default\"> COHEP<\/h2>\t\t\t\t<\/div>\n\t\t\t\t<\/div>\n\t\t\t\t\t<\/div>\n\t\t\t\t<\/div>\n\t\t<div class=\"elementor-element elementor-element-6193a2b e-flex e-con-boxed e-con e-parent\" data-id=\"6193a2b\" data-element_type=\"container\">\n\t\t\t\t\t<div class=\"e-con-inner\">\n\t\t\t\t<div class=\"elementor-element elementor-element-ff80b93 elementor-widget elementor-widget-text-editor\" data-id=\"ff80b93\" data-element_type=\"widget\" data-widget_type=\"text-editor.default\">\n\t\t\t\t<div class=\"elementor-widget-container\">\n\t\t\t\t\t\t\t\t\t<p>Asimismo, el Consejo Hondure\u00f1o de la Empresa Privada (COHEP), a trav\u00e9s de su gerente de Empresas Sostenibles, Gabriel Molina, enfatiz\u00f3 el rol del sector privado como principal generador de empleo y dinamizador de la econom\u00eda nacional, destacando la necesidad de continuar impulsando la productividad, la innovaci\u00f3n y la sostenibilidad empresarial.<\/p><p>\u201cEl sector privado es uno de los principales motores de la econom\u00eda y genera m\u00e1s del 80 % del empleo en el pa\u00eds, por lo que debemos seguir fortaleciendo la productividad y la sostenibilidad empresarial\u201d, afirm\u00f3 Molina.<\/p><p>Expo Horeca Honduras se posiciona como un espacio estrat\u00e9gico que integra conferencias, talleres, exhibiciones y ruedas de negocio, con participaci\u00f3n de expertos nacionales e internacionales, orientado a generar oportunidades comerciales, atraer inversi\u00f3n y fortalecer la competitividad del sector tur\u00edstico en el pa\u00eds .<\/p>\t\t\t\t\t\t\t\t<\/div>\n\t\t\t\t<\/div>\n\t\t\t\t\t<\/div>\n\t\t\t\t<\/div>\n\t\t<div class=\"elementor-element elementor-element-7f4c083 e-flex e-con-boxed e-con e-parent\" data-id=\"7f4c083\" data-element_type=\"container\">\n\t\t\t\t\t<div class=\"e-con-inner\">\n\t\t\t\t<div class=\"elementor-element elementor-element-50f0aa2 elementor-widget elementor-widget-heading\" data-id=\"50f0aa2\" data-element_type=\"widget\" data-widget_type=\"heading.default\">\n\t\t\t\t<div class=\"elementor-widget-container\">\n\t\t\t\t\t<h2 class=\"elementor-heading-title elementor-size-default\">De inter\u00e9s<\/h2>\t\t\t\t<\/div>\n\t\t\t\t<\/div>\n\t\t\t\t\t<\/div>\n\t\t\t\t<\/div>\n\t\t<div class=\"elementor-element elementor-element-9f07f06 e-flex e-con-boxed e-con e-parent\" data-id=\"9f07f06\" data-element_type=\"container\">\n\t\t\t\t\t<div class=\"e-con-inner\">\n\t\t\t\t<div class=\"elementor-element elementor-element-de90db5 elementor-widget elementor-widget-text-editor\" data-id=\"de90db5\" data-element_type=\"widget\" data-widget_type=\"text-editor.default\">\n\t\t\t\t<div class=\"elementor-widget-container\">\n\t\t\t\t\t\t\t\t\t<p>\u2022 Tegucigalpa fue sede de la conferencia de prensa previa a Expo Horeca Honduras 2026, que se realizar\u00e1 el 28 y 29 de mayo en San Pedro Sula.<\/p><p>\u2022 CNI presentar\u00e1 por primera vez los resultados de la Investigaci\u00f3n: Validaci\u00f3n de la priorizaci\u00f3n del Sector Turismo en materia de Inversi\u00f3n de Honduras.<\/p><p>\u2022 El evento integrar\u00e1 innovaci\u00f3n, formaci\u00f3n y negocios, mientras el CNI presentar\u00e1 resultados clave para la atracci\u00f3n de inversi\u00f3n en Honduras.<\/p>\t\t\t\t\t\t\t\t<\/div>\n\t\t\t\t<\/div>\n\t\t\t\t\t<\/div>\n\t\t\t\t<\/div>\n\t\t\t\t<\/div>","protected":false},"excerpt":{"rendered":"<p>Expo Horeca Honduras 2026 consolida su proyecci\u00f3n con conferencia de prensa en Tegucigalpa Evento reunir\u00e1 al sector HORECA el 28 y 29 de mayo en San Pedro Sula; el CNI presentar\u00e1 validaci\u00f3n del turismo como sector priorizado de inversi\u00f3n Tegucigalpa, 22 de abril de 2026.\u2014 La cuarta edici\u00f3n de Expo Horeca Honduras 2026 avanz\u00f3 este [&hellip;]<\/p>","protected":false},"author":2,"featured_media":7016,"comment_status":"closed","ping_status":"closed","sticky":false,"template":"","format":"standard","meta":{"footnotes":""},"categories":[1],"tags":[],"sector_relacionado":[],"class_list":["post-7013","post","type-post","status-publish","format-standard","has-post-thumbnail","hentry","category-prensa"],"yoast_head":"<!-- This site is optimized with the Yoast SEO plugin v24.8.1 - https:\/\/yoast.com\/wordpress\/plugins\/seo\/ -->\n<title>EXPO HORECA HONDURAS - CNI Honduras<\/title>\n<meta name=\"robots\" content=\"index, follow, max-snippet:-1, max-image-preview:large, max-video-preview:-1\" \/>\n<link rel=\"canonical\" href=\"https:\/\/cni.hn\/en\/expo-horeca-honduras\/\" \/>\n<meta property=\"og:locale\" content=\"en_US\" \/>\n<meta property=\"og:type\" content=\"article\" \/>\n<meta property=\"og:title\" content=\"EXPO HORECA HONDURAS - CNI Honduras\" \/>\n<meta property=\"og:description\" content=\"Expo Horeca Honduras 2026 consolida su proyecci\u00f3n con conferencia de prensa en Tegucigalpa Evento reunir\u00e1 al sector HORECA el 28 y 29 de mayo en San Pedro Sula; el CNI presentar\u00e1 validaci\u00f3n del turismo como sector priorizado de inversi\u00f3n Tegucigalpa, 22 de abril de 2026.\u2014 La cuarta edici\u00f3n de Expo Horeca Honduras 2026 avanz\u00f3 este [&hellip;]\" \/>\n<meta property=\"og:url\" content=\"https:\/\/cni.hn\/en\/expo-horeca-honduras\/\" \/>\n<meta property=\"og:site_name\" content=\"CNI Honduras\" \/>\n<meta property=\"article:published_time\" content=\"2026-04-22T20:55:06+00:00\" \/>\n<meta property=\"article:modified_time\" content=\"2026-04-22T21:00:08+00:00\" \/>\n<meta property=\"og:image\" content=\"https:\/\/cni.hn\/wp-content\/uploads\/2026\/04\/Fuentes_Horeca.jpeg\" \/>\n\t<meta property=\"og:image:width\" content=\"1600\" \/>\n\t<meta property=\"og:image:height\" content=\"1067\" \/>\n\t<meta property=\"og:image:type\" content=\"image\/jpeg\" \/>\n<meta name=\"author\" content=\"Andres Martinez\" \/>\n<meta name=\"twitter:card\" content=\"summary_large_image\" \/>\n<meta name=\"twitter:label1\" content=\"Written by\" \/>\n\t<meta name=\"twitter:data1\" content=\"Andres Martinez\" \/>\n\t<meta name=\"twitter:label2\" content=\"Est. reading time\" \/>\n\t<meta name=\"twitter:data2\" content=\"4 minutes\" \/>\n<script type=\"application\/ld+json\" class=\"yoast-schema-graph\">{\"@context\":\"https:\/\/schema.org\",\"@graph\":[{\"@type\":\"WebPage\",\"@id\":\"https:\/\/cni.hn\/expo-horeca-honduras\/\",\"url\":\"https:\/\/cni.hn\/expo-horeca-honduras\/\",\"name\":\"EXPO HORECA HONDURAS - CNI Honduras\",\"isPartOf\":{\"@id\":\"https:\/\/cni.hn\/#website\"},\"primaryImageOfPage\":{\"@id\":\"https:\/\/cni.hn\/expo-horeca-honduras\/#primaryimage\"},\"image\":{\"@id\":\"https:\/\/cni.hn\/expo-horeca-honduras\/#primaryimage\"},\"thumbnailUrl\":\"https:\/\/cni.hn\/wp-content\/uploads\/2026\/04\/Fuentes_Horeca.jpeg\",\"datePublished\":\"2026-04-22T20:55:06+00:00\",\"dateModified\":\"2026-04-22T21:00:08+00:00\",\"author\":{\"@id\":\"https:\/\/cni.hn\/#\/schema\/person\/46e1e0fecbe94fa0ad734d4ec7730175\"},\"breadcrumb\":{\"@id\":\"https:\/\/cni.hn\/expo-horeca-honduras\/#breadcrumb\"},\"inLanguage\":\"en-US\",\"potentialAction\":[{\"@type\":\"ReadAction\",\"target\":[\"https:\/\/cni.hn\/expo-horeca-honduras\/\"]}]},{\"@type\":\"ImageObject\",\"inLanguage\":\"en-US\",\"@id\":\"https:\/\/cni.hn\/expo-horeca-honduras\/#primaryimage\",\"url\":\"https:\/\/cni.hn\/wp-content\/uploads\/2026\/04\/Fuentes_Horeca.jpeg\",\"contentUrl\":\"https:\/\/cni.hn\/wp-content\/uploads\/2026\/04\/Fuentes_Horeca.jpeg\",\"width\":1600,\"height\":1067},{\"@type\":\"BreadcrumbList\",\"@id\":\"https:\/\/cni.hn\/expo-horeca-honduras\/#breadcrumb\",\"itemListElement\":[{\"@type\":\"ListItem\",\"position\":1,\"name\":\"Home\",\"item\":\"https:\/\/cni.hn\/\"},{\"@type\":\"ListItem\",\"position\":2,\"name\":\"EXPO HORECA HONDURAS\"}]},{\"@type\":\"WebSite\",\"@id\":\"https:\/\/cni.hn\/#website\",\"url\":\"https:\/\/cni.hn\/\",\"name\":\"CNI Honduras\",\"description\":\"\",\"potentialAction\":[{\"@type\":\"SearchAction\",\"target\":{\"@type\":\"EntryPoint\",\"urlTemplate\":\"https:\/\/cni.hn\/?s={search_term_string}\"},\"query-input\":{\"@type\":\"PropertyValueSpecification\",\"valueRequired\":true,\"valueName\":\"search_term_string\"}}],\"inLanguage\":\"en-US\"},{\"@type\":\"Person\",\"@id\":\"https:\/\/cni.hn\/#\/schema\/person\/46e1e0fecbe94fa0ad734d4ec7730175\",\"name\":\"Andres Martinez\",\"image\":{\"@type\":\"ImageObject\",\"inLanguage\":\"en-US\",\"@id\":\"https:\/\/cni.hn\/#\/schema\/person\/image\/\",\"url\":\"https:\/\/secure.gravatar.com\/avatar\/b685702cf01e6c6b2ca1586d92e9a3cef7b8c42ecb312ffa3be56699c3f1b6f6?s=96&d=mm&r=g\",\"contentUrl\":\"https:\/\/secure.gravatar.com\/avatar\/b685702cf01e6c6b2ca1586d92e9a3cef7b8c42ecb312ffa3be56699c3f1b6f6?s=96&d=mm&r=g\",\"caption\":\"Andres Martinez\"},\"url\":\"https:\/\/cni.hn\/en\/author\/amartinezcni-hn\/\"}]}<\/script>\n<!-- \/ Yoast SEO plugin. -->","yoast_head_json":{"title":"EXPO HORECA HONDURAS - CNI Honduras","robots":{"index":"index","follow":"follow","max-snippet":"max-snippet:-1","max-image-preview":"max-image-preview:large","max-video-preview":"max-video-preview:-1"},"canonical":"https:\/\/cni.hn\/en\/expo-horeca-honduras\/","og_locale":"en_US","og_type":"article","og_title":"EXPO HORECA HONDURAS - CNI Honduras","og_description":"Expo Horeca Honduras 2026 consolida su proyecci\u00f3n con conferencia de prensa en Tegucigalpa Evento reunir\u00e1 al sector HORECA el 28 y 29 de mayo en San Pedro Sula; el CNI presentar\u00e1 validaci\u00f3n del turismo como sector priorizado de inversi\u00f3n Tegucigalpa, 22 de abril de 2026.\u2014 La cuarta edici\u00f3n de Expo Horeca Honduras 2026 avanz\u00f3 este [&hellip;]","og_url":"https:\/\/cni.hn\/en\/expo-horeca-honduras\/","og_site_name":"CNI Honduras","article_published_time":"2026-04-22T20:55:06+00:00","article_modified_time":"2026-04-22T21:00:08+00:00","og_image":[{"width":1600,"height":1067,"url":"https:\/\/cni.hn\/wp-content\/uploads\/2026\/04\/Fuentes_Horeca.jpeg","type":"image\/jpeg"}],"author":"Andres Martinez","twitter_card":"summary_large_image","twitter_misc":{"Written by":"Andres Martinez","Est. reading time":"4 minutes"},"schema":{"@context":"https:\/\/schema.org","@graph":[{"@type":"WebPage","@id":"https:\/\/cni.hn\/expo-horeca-honduras\/","url":"https:\/\/cni.hn\/expo-horeca-honduras\/","name":"EXPO HORECA HONDURAS - CNI Honduras","isPartOf":{"@id":"https:\/\/cni.hn\/#website"},"primaryImageOfPage":{"@id":"https:\/\/cni.hn\/expo-horeca-honduras\/#primaryimage"},"image":{"@id":"https:\/\/cni.hn\/expo-horeca-honduras\/#primaryimage"},"thumbnailUrl":"https:\/\/cni.hn\/wp-content\/uploads\/2026\/04\/Fuentes_Horeca.jpeg","datePublished":"2026-04-22T20:55:06+00:00","dateModified":"2026-04-22T21:00:08+00:00","author":{"@id":"https:\/\/cni.hn\/#\/schema\/person\/46e1e0fecbe94fa0ad734d4ec7730175"},"breadcrumb":{"@id":"https:\/\/cni.hn\/expo-horeca-honduras\/#breadcrumb"},"inLanguage":"en-US","potentialAction":[{"@type":"ReadAction","target":["https:\/\/cni.hn\/expo-horeca-honduras\/"]}]},{"@type":"ImageObject","inLanguage":"en-US","@id":"https:\/\/cni.hn\/expo-horeca-honduras\/#primaryimage","url":"https:\/\/cni.hn\/wp-content\/uploads\/2026\/04\/Fuentes_Horeca.jpeg","contentUrl":"https:\/\/cni.hn\/wp-content\/uploads\/2026\/04\/Fuentes_Horeca.jpeg","width":1600,"height":1067},{"@type":"BreadcrumbList","@id":"https:\/\/cni.hn\/expo-horeca-honduras\/#breadcrumb","itemListElement":[{"@type":"ListItem","position":1,"name":"Home","item":"https:\/\/cni.hn\/"},{"@type":"ListItem","position":2,"name":"EXPO HORECA HONDURAS"}]},{"@type":"WebSite","@id":"https:\/\/cni.hn\/#website","url":"https:\/\/cni.hn\/","name":"CNI Honduras","description":"","potentialAction":[{"@type":"SearchAction","target":{"@type":"EntryPoint","urlTemplate":"https:\/\/cni.hn\/?s={search_term_string}"},"query-input":{"@type":"PropertyValueSpecification","valueRequired":true,"valueName":"search_term_string"}}],"inLanguage":"en-US"},{"@type":"Person","@id":"https:\/\/cni.hn\/#\/schema\/person\/46e1e0fecbe94fa0ad734d4ec7730175","name":"Andres Martinez","image":{"@type":"ImageObject","inLanguage":"en-US","@id":"https:\/\/cni.hn\/#\/schema\/person\/image\/","url":"https:\/\/secure.gravatar.com\/avatar\/b685702cf01e6c6b2ca1586d92e9a3cef7b8c42ecb312ffa3be56699c3f1b6f6?s=96&d=mm&r=g","contentUrl":"https:\/\/secure.gravatar.com\/avatar\/b685702cf01e6c6b2ca1586d92e9a3cef7b8c42ecb312ffa3be56699c3f1b6f6?s=96&d=mm&r=g","caption":"Andres Martinez"},"url":"https:\/\/cni.hn\/en\/author\/amartinezcni-hn\/"}]}},"_links":{"self":[{"href":"https:\/\/cni.hn\/en\/wp-json\/wp\/v2\/posts\/7013","targetHints":{"allow":["GET"]}}],"collection":[{"href":"https:\/\/cni.hn\/en\/wp-json\/wp\/v2\/posts"}],"about":[{"href":"https:\/\/cni.hn\/en\/wp-json\/wp\/v2\/types\/post"}],"author":[{"embeddable":true,"href":"https:\/\/cni.hn\/en\/wp-json\/wp\/v2\/users\/2"}],"replies":[{"embeddable":true,"href":"https:\/\/cni.hn\/en\/wp-json\/wp\/v2\/comments?post=7013"}],"version-history":[{"count":0,"href":"https:\/\/cni.hn\/en\/wp-json\/wp\/v2\/posts\/7013\/revisions"}],"wp:featuredmedia":[{"embeddable":true,"href":"https:\/\/cni.hn\/en\/wp-json\/wp\/v2\/media\/7016"}],"wp:attachment":[{"href":"https:\/\/cni.hn\/en\/wp-json\/wp\/v2\/media?parent=7013"}],"wp:term":[{"taxonomy":"category","embeddable":true,"href":"https:\/\/cni.hn\/en\/wp-json\/wp\/v2\/categories?post=7013"},{"taxonomy":"post_tag","embeddable":true,"href":"https:\/\/cni.hn\/en\/wp-json\/wp\/v2\/tags?post=7013"},{"taxonomy":"sector_relacionado","embeddable":true,"href":"https:\/\/cni.hn\/en\/wp-json\/wp\/v2\/sector_relacionado?post=7013"}],"curies":[{"name":"wp","href":"https:\/\/api.w.org\/{rel}","templated":true}]}}