{"id":6995,"date":"2026-04-18T20:54:21","date_gmt":"2026-04-18T20:54:21","guid":{"rendered":"https:\/\/cni.hn\/?p=6995"},"modified":"2026-04-18T21:11:47","modified_gmt":"2026-04-18T21:11:47","slug":"agenda-economica-en-washington","status":"publish","type":"post","link":"https:\/\/cni.hn\/en\/agenda-economica-en-washington\/","title":{"rendered":"Agenda econ\u00f3mica en Washington"},"content":{"rendered":"<div data-elementor-type=\"wp-post\" data-elementor-id=\"6995\" class=\"elementor elementor-6995\" data-elementor-post-type=\"post\">\n\t\t\t\t<div class=\"elementor-element elementor-element-bc5a46f e-flex e-con-boxed e-con e-parent\" data-id=\"bc5a46f\" data-element_type=\"container\">\n\t\t\t\t\t<div class=\"e-con-inner\">\n\t\t\t\t<div class=\"elementor-element elementor-element-3661f8a elementor-widget elementor-widget-heading\" data-id=\"3661f8a\" data-element_type=\"widget\" data-widget_type=\"heading.default\">\n\t\t\t\t<div class=\"elementor-widget-container\">\n\t\t\t\t\t<h2 class=\"elementor-heading-title elementor-size-default\">Honduras fortalece relaci\u00f3n con EE. UU. y promueve inversi\u00f3n en reuniones del FMI y Banco Mundial en Washington<\/h2>\t\t\t\t<\/div>\n\t\t\t\t<\/div>\n\t\t\t\t\t<\/div>\n\t\t\t\t<\/div>\n\t\t<div class=\"elementor-element elementor-element-4555535 e-flex e-con-boxed e-con e-parent\" data-id=\"4555535\" data-element_type=\"container\">\n\t\t\t\t\t<div class=\"e-con-inner\">\n\t\t\t\t<div class=\"elementor-element elementor-element-b44daf3 elementor-widget elementor-widget-text-editor\" data-id=\"b44daf3\" data-element_type=\"widget\" data-widget_type=\"text-editor.default\">\n\t\t\t\t<div class=\"elementor-widget-container\">\n\t\t\t\t\t\t\t\t\t<p>Gabinete Econ\u00f3mico impulsa financiamiento y alianzas estrat\u00e9gicas con Estados Unidos como socio natural<\/p><p><strong>Washington, D.C., 15 de abril de 2026. \u2014<\/strong><\/p><p>El Gabinete Econ\u00f3mico de Honduras inici\u00f3 una gira oficial en la capital estadounidense en el marco de las Reuniones de Primavera del Fondo Monetario Internacional (FMI) y el Grupo Banco Mundial (BM), con el objetivo de gestionar financiamiento internacional, fortalecer relaciones con actores clave y promover oportunidades de inversi\u00f3n que impulsen el crecimiento econ\u00f3mico y la generaci\u00f3n de empleo en el pa\u00eds, con Estados Unidos como socio natural por su cercan\u00eda geogr\u00e1fica y ubicaci\u00f3n estrat\u00e9gica.<\/p><p>Las reuniones, que se desarrollan del 13 al 18 de abril, congregan a representantes de 191 pa\u00edses para analizar el desempe\u00f1o de la econom\u00eda global, la estabilidad financiera y estrategias de desarrollo, consolid\u00e1ndose como uno de los principales espacios de articulaci\u00f3n econ\u00f3mica a nivel internacional.<\/p>\t\t\t\t\t\t\t\t<\/div>\n\t\t\t\t<\/div>\n\t\t\t\t\t<\/div>\n\t\t\t\t<\/div>\n\t\t<div class=\"elementor-element elementor-element-2b99f9f e-flex e-con-boxed e-con e-parent\" data-id=\"2b99f9f\" data-element_type=\"container\">\n\t\t\t\t\t<div class=\"e-con-inner\">\n\t\t\t\t<div class=\"elementor-element elementor-element-54bd25f elementor-widget elementor-widget-heading\" data-id=\"54bd25f\" data-element_type=\"widget\" data-widget_type=\"heading.default\">\n\t\t\t\t<div class=\"elementor-widget-container\">\n\t\t\t\t\t<h2 class=\"elementor-heading-title elementor-size-default\">Gesti\u00f3n de financiamiento<\/h2>\t\t\t\t<\/div>\n\t\t\t\t<\/div>\n\t\t\t\t\t<\/div>\n\t\t\t\t<\/div>\n\t\t<div class=\"elementor-element elementor-element-6369c36 e-flex e-con-boxed e-con e-parent\" data-id=\"6369c36\" data-element_type=\"container\">\n\t\t\t\t\t<div class=\"e-con-inner\">\n\t\t\t\t<div class=\"elementor-element elementor-element-eabe4fb elementor-widget elementor-widget-text-editor\" data-id=\"eabe4fb\" data-element_type=\"widget\" data-widget_type=\"text-editor.default\">\n\t\t\t\t<div class=\"elementor-widget-container\">\n\t\t\t\t\t\t\t\t\t<p>En este contexto, el ministro de Inversiones y secretario ejecutivo del Consejo Nacional de Inversiones (CNI), Epaminondas Marinakys, destac\u00f3 que la misi\u00f3n hondure\u00f1a prioriza la identificaci\u00f3n de mecanismos financieros que respondan a las necesidades del pa\u00eds.<\/p><p>\u201cEl objetivo principal es gestionar financiamiento que se adapte a las necesidades de Honduras en sectores clave como salud, educaci\u00f3n y turismo. Esperamos concretar reuniones de alto nivel que generen resultados positivos y contribuyan al desarrollo econ\u00f3mico y la generaci\u00f3n de empleo\u201d, afirm\u00f3.<\/p>\t\t\t\t\t\t\t\t<\/div>\n\t\t\t\t<\/div>\n\t\t\t\t\t<\/div>\n\t\t\t\t<\/div>\n\t\t<div class=\"elementor-element elementor-element-a1325bf e-flex e-con-boxed e-con e-parent\" data-id=\"a1325bf\" data-element_type=\"container\">\n\t\t\t\t\t<div class=\"e-con-inner\">\n\t\t\t\t<div class=\"elementor-element elementor-element-20d9677 elementor-widget elementor-widget-heading\" data-id=\"20d9677\" data-element_type=\"widget\" data-widget_type=\"heading.default\">\n\t\t\t\t<div class=\"elementor-widget-container\">\n\t\t\t\t\t<h2 class=\"elementor-heading-title elementor-size-default\">Comitiva hondure\u00f1a<\/h2>\t\t\t\t<\/div>\n\t\t\t\t<\/div>\n\t\t\t\t\t<\/div>\n\t\t\t\t<\/div>\n\t\t<div class=\"elementor-element elementor-element-360d99d e-flex e-con-boxed e-con e-parent\" data-id=\"360d99d\" data-element_type=\"container\">\n\t\t\t\t\t<div class=\"e-con-inner\">\n\t\t\t\t<div class=\"elementor-element elementor-element-36fb2db elementor-widget elementor-widget-text-editor\" data-id=\"36fb2db\" data-element_type=\"widget\" data-widget_type=\"text-editor.default\">\n\t\t\t\t<div class=\"elementor-widget-container\">\n\t\t\t\t\t\t\t\t\t<p>La delegaci\u00f3n hondure\u00f1a est\u00e1 integrada por el ministro de Finanzas, Emilio Hern\u00e1ndez H\u00e9rcules; la subsecretaria de Finanzas, Liliam Rivera; el presidente del Banco Central de Honduras, Roberto Lagos; el ministro de Inversiones, Epaminondas Marinakys; y la comisionada de la Comisi\u00f3n Nacional de Bancos y Seguros, Julieta Suazo, junto a otros funcionarios t\u00e9cnicos y representantes diplom\u00e1ticos.<\/p>\t\t\t\t\t\t\t\t<\/div>\n\t\t\t\t<\/div>\n\t\t\t\t\t<\/div>\n\t\t\t\t<\/div>\n\t\t<div class=\"elementor-element elementor-element-97d0527 e-flex e-con-boxed e-con e-parent\" data-id=\"97d0527\" data-element_type=\"container\">\n\t\t\t\t\t<div class=\"e-con-inner\">\n\t\t\t\t<div class=\"elementor-element elementor-element-ba70363 elementor-widget elementor-widget-heading\" data-id=\"ba70363\" data-element_type=\"widget\" data-widget_type=\"heading.default\">\n\t\t\t\t<div class=\"elementor-widget-container\">\n\t\t\t\t\t<h2 class=\"elementor-heading-title elementor-size-default\">Reuniones estrat\u00e9gicas<\/h2>\t\t\t\t<\/div>\n\t\t\t\t<\/div>\n\t\t\t\t\t<\/div>\n\t\t\t\t<\/div>\n\t\t<div class=\"elementor-element elementor-element-71c424e e-flex e-con-boxed e-con e-parent\" data-id=\"71c424e\" data-element_type=\"container\">\n\t\t\t\t\t<div class=\"e-con-inner\">\n\t\t\t\t<div class=\"elementor-element elementor-element-35b1bed elementor-widget elementor-widget-text-editor\" data-id=\"35b1bed\" data-element_type=\"widget\" data-widget_type=\"text-editor.default\">\n\t\t\t\t<div class=\"elementor-widget-container\">\n\t\t\t\t\t\t\t\t\t<p>Como parte del pre\u00e1mbulo de la agenda, el ministro Marinakys sostuvo un encuentro con Thomas McMillen, excongresista de Estados Unidos y actual representante de la firma Moran Global Strategies, con quien abord\u00f3 oportunidades de inversi\u00f3n y cooperaci\u00f3n financiera, reforzando los v\u00ednculos con el sector privado estadounidense.<\/p>\t\t\t\t\t\t\t\t<\/div>\n\t\t\t\t<\/div>\n\t\t\t\t\t<\/div>\n\t\t\t\t<\/div>\n\t\t<div class=\"elementor-element elementor-element-c196af7 e-flex e-con-boxed e-con e-parent\" data-id=\"c196af7\" data-element_type=\"container\">\n\t\t\t\t\t<div class=\"e-con-inner\">\n\t\t\t\t<div class=\"elementor-element elementor-element-5965cd0 elementor-widget elementor-widget-image\" data-id=\"5965cd0\" data-element_type=\"widget\" data-widget_type=\"image.default\">\n\t\t\t\t<div class=\"elementor-widget-container\">\n\t\t\t\t\t\t\t\t\t\t\t\t\t\t\t<img fetchpriority=\"high\" decoding=\"async\" width=\"800\" height=\"534\" src=\"https:\/\/cni.hn\/wp-content\/uploads\/2026\/04\/Thomas_marinakys-1024x683.jpeg\" class=\"attachment-large size-large wp-image-6997\" alt=\"\" srcset=\"https:\/\/cni.hn\/wp-content\/uploads\/2026\/04\/Thomas_marinakys-1024x683.jpeg 1024w, https:\/\/cni.hn\/wp-content\/uploads\/2026\/04\/Thomas_marinakys-300x200.jpeg 300w, https:\/\/cni.hn\/wp-content\/uploads\/2026\/04\/Thomas_marinakys-768x512.jpeg 768w, https:\/\/cni.hn\/wp-content\/uploads\/2026\/04\/Thomas_marinakys-1536x1024.jpeg 1536w, https:\/\/cni.hn\/wp-content\/uploads\/2026\/04\/Thomas_marinakys-18x12.jpeg 18w, https:\/\/cni.hn\/wp-content\/uploads\/2026\/04\/Thomas_marinakys.jpeg 1600w\" sizes=\"(max-width: 800px) 100vw, 800px\" \/>\t\t\t\t\t\t\t\t\t\t\t\t\t\t\t<\/div>\n\t\t\t\t<\/div>\n\t\t\t\t\t<\/div>\n\t\t\t\t<\/div>\n\t\t<div class=\"elementor-element elementor-element-1d190d9 e-flex e-con-boxed e-con e-parent\" data-id=\"1d190d9\" data-element_type=\"container\">\n\t\t\t\t\t<div class=\"e-con-inner\">\n\t\t\t\t<div class=\"elementor-element elementor-element-d2076d6 elementor-widget elementor-widget-text-editor\" data-id=\"d2076d6\" data-element_type=\"widget\" data-widget_type=\"text-editor.default\">\n\t\t\t\t<div class=\"elementor-widget-container\">\n\t\t\t\t\t\t\t\t\t<p>Asimismo, en el marco de la agenda en Washington, el ministro sostuvo dos reuniones estrat\u00e9gicas con Isabella Cascarano, Subsecretaria Adjunta para el Hemisferio Occidental de Mercados Globales del Departamento de Comercio de Estados Unidos, en las que se abordaron oportunidades para fortalecer la relaci\u00f3n econ\u00f3mica bilateral y promover la inversi\u00f3n estadounidense hacia Honduras, en l\u00ednea con el rol de EE. UU. como principal socio econ\u00f3mico del pa\u00eds.<\/p>\t\t\t\t\t\t\t\t<\/div>\n\t\t\t\t<\/div>\n\t\t\t\t\t<\/div>\n\t\t\t\t<\/div>\n\t\t<div class=\"elementor-element elementor-element-5cec540 e-flex e-con-boxed e-con e-parent\" data-id=\"5cec540\" data-element_type=\"container\">\n\t\t\t\t\t<div class=\"e-con-inner\">\n\t\t\t\t<div class=\"elementor-element elementor-element-27d6734 elementor-widget elementor-widget-heading\" data-id=\"27d6734\" data-element_type=\"widget\" data-widget_type=\"heading.default\">\n\t\t\t\t<div class=\"elementor-widget-container\">\n\t\t\t\t\t<h2 class=\"elementor-heading-title elementor-size-default\">Agenda econ\u00f3mica<\/h2>\t\t\t\t<\/div>\n\t\t\t\t<\/div>\n\t\t\t\t\t<\/div>\n\t\t\t\t<\/div>\n\t\t<div class=\"elementor-element elementor-element-3d3a895 e-flex e-con-boxed e-con e-parent\" data-id=\"3d3a895\" data-element_type=\"container\">\n\t\t\t\t\t<div class=\"e-con-inner\">\n\t\t\t\t<div class=\"elementor-element elementor-element-6b67a32 elementor-widget elementor-widget-text-editor\" data-id=\"6b67a32\" data-element_type=\"widget\" data-widget_type=\"text-editor.default\">\n\t\t\t\t<div class=\"elementor-widget-container\">\n\t\t\t\t\t\t\t\t\t<p>Durante los d\u00edas centrales de trabajo (16 al 18 de abril), la agenda contempla reuniones con altos funcionarios del Banco Mundial, el FMI y organismos multilaterales, as\u00ed como con inversionistas, calificadoras de riesgo y actores del sistema financiero internacional.<\/p><p>Entre ellos destacan encuentros con la Agencia Multilateral de Garant\u00eda de Inversiones (MIGA), el Banco Interamericano de Desarrollo (BID), el Tesoro de Estados Unidos, y firmas como JPMorgan, Citibank, Moody\u2019s, S&amp;P Global Ratings y EY-Parthenon, consolidando a Estados Unidos como plataforma clave para la conexi\u00f3n con capital global.<\/p><p>Asimismo, la delegaci\u00f3n participar\u00e1 en reuniones con congresistas estadounidenses, foros del Consejo de las Am\u00e9ricas y espacios del Foro Econ\u00f3mico Mundial, donde se abordar\u00e1n temas de inversi\u00f3n, competitividad, deuda y recuperaci\u00f3n econ\u00f3mica. Estas gestiones buscan posicionar a Honduras como un destino atractivo para el capital extranjero y facilitar el acceso a instrumentos financieros innovadores.<\/p>\t\t\t\t\t\t\t\t<\/div>\n\t\t\t\t<\/div>\n\t\t\t\t\t<\/div>\n\t\t\t\t<\/div>\n\t\t<div class=\"elementor-element elementor-element-d0e15f3 e-flex e-con-boxed e-con e-parent\" data-id=\"d0e15f3\" data-element_type=\"container\">\n\t\t\t\t\t<div class=\"e-con-inner\">\n\t\t\t\t<div class=\"elementor-element elementor-element-dc72450 elementor-widget elementor-widget-image\" data-id=\"dc72450\" data-element_type=\"widget\" data-widget_type=\"image.default\">\n\t\t\t\t<div class=\"elementor-widget-container\">\n\t\t\t\t\t\t\t\t\t\t\t\t\t\t\t<img decoding=\"async\" width=\"800\" height=\"534\" src=\"https:\/\/cni.hn\/wp-content\/uploads\/2026\/04\/Isabella_marinakys-1024x683.jpeg\" class=\"attachment-large size-large wp-image-6996\" alt=\"\" srcset=\"https:\/\/cni.hn\/wp-content\/uploads\/2026\/04\/Isabella_marinakys-1024x683.jpeg 1024w, https:\/\/cni.hn\/wp-content\/uploads\/2026\/04\/Isabella_marinakys-300x200.jpeg 300w, https:\/\/cni.hn\/wp-content\/uploads\/2026\/04\/Isabella_marinakys-768x512.jpeg 768w, https:\/\/cni.hn\/wp-content\/uploads\/2026\/04\/Isabella_marinakys-1536x1024.jpeg 1536w, https:\/\/cni.hn\/wp-content\/uploads\/2026\/04\/Isabella_marinakys-18x12.jpeg 18w, https:\/\/cni.hn\/wp-content\/uploads\/2026\/04\/Isabella_marinakys.jpeg 1600w\" sizes=\"(max-width: 800px) 100vw, 800px\" \/>\t\t\t\t\t\t\t\t\t\t\t\t\t\t\t<\/div>\n\t\t\t\t<\/div>\n\t\t\t\t\t<\/div>\n\t\t\t\t<\/div>\n\t\t<div class=\"elementor-element elementor-element-c876ea4 e-flex e-con-boxed e-con e-parent\" data-id=\"c876ea4\" data-element_type=\"container\">\n\t\t\t\t\t<div class=\"e-con-inner\">\n\t\t\t\t<div class=\"elementor-element elementor-element-d9ab93c elementor-widget elementor-widget-text-editor\" data-id=\"d9ab93c\" data-element_type=\"widget\" data-widget_type=\"text-editor.default\">\n\t\t\t\t<div class=\"elementor-widget-container\">\n\t\t\t\t\t\t\t\t\t<p>La agenda incluye tambi\u00e9n di\u00e1logos estrat\u00e9gicos con organismos internacionales como la Organizaci\u00f3n Internacional para las Migraciones (OIM) y agencias de cooperaci\u00f3n, adem\u00e1s de reuniones t\u00e9cnicas con el hemisferio occidental del FMI para exponer la situaci\u00f3n econ\u00f3mica del pa\u00eds y explorar nuevas l\u00edneas de apoyo.<\/p><p>Estas reuniones representan una oportunidad clave para fortalecer la confianza de los inversionistas, diversificar fuentes de financiamiento y avanzar en proyectos que generen impacto directo en el desarrollo productivo y la creaci\u00f3n de empleo en Honduras.<\/p>\t\t\t\t\t\t\t\t<\/div>\n\t\t\t\t<\/div>\n\t\t\t\t\t<\/div>\n\t\t\t\t<\/div>\n\t\t<div class=\"elementor-element elementor-element-cc61026 e-flex e-con-boxed e-con e-parent\" data-id=\"cc61026\" data-element_type=\"container\">\n\t\t\t\t\t<div class=\"e-con-inner\">\n\t\t\t\t<div class=\"elementor-element elementor-element-017a26a elementor-widget elementor-widget-heading\" data-id=\"017a26a\" data-element_type=\"widget\" data-widget_type=\"heading.default\">\n\t\t\t\t<div class=\"elementor-widget-container\">\n\t\t\t\t\t<h2 class=\"elementor-heading-title elementor-size-default\">Conclusi\u00f3n<\/h2>\t\t\t\t<\/div>\n\t\t\t\t<\/div>\n\t\t\t\t\t<\/div>\n\t\t\t\t<\/div>\n\t\t<div class=\"elementor-element elementor-element-52cef1d e-flex e-con-boxed e-con e-parent\" data-id=\"52cef1d\" data-element_type=\"container\">\n\t\t\t\t\t<div class=\"e-con-inner\">\n\t\t\t\t<div class=\"elementor-element elementor-element-aebbdbc elementor-widget elementor-widget-text-editor\" data-id=\"aebbdbc\" data-element_type=\"widget\" data-widget_type=\"text-editor.default\">\n\t\t\t\t<div class=\"elementor-widget-container\">\n\t\t\t\t\t\t\t\t\t<p>La participaci\u00f3n activa de Honduras en las Reuniones de Primavera del FMI y el Banco Mundial consolida una estrategia orientada a atraer inversi\u00f3n, acceder a financiamiento competitivo y fortalecer su relaci\u00f3n con Estados Unidos como socio natural, posicionando al pa\u00eds en la agenda econ\u00f3mica global como un destino confiable y con potencial de crecimiento sostenible.<\/p>\t\t\t\t\t\t\t\t<\/div>\n\t\t\t\t<\/div>\n\t\t\t\t\t<\/div>\n\t\t\t\t<\/div>\n\t\t\t\t<\/div>","protected":false},"excerpt":{"rendered":"<p>Honduras fortalece relaci\u00f3n con EE. UU. y promueve inversi\u00f3n en reuniones del FMI y Banco Mundial en Washington Gabinete Econ\u00f3mico impulsa financiamiento y alianzas estrat\u00e9gicas con Estados Unidos como socio natural Washington, D.C., 15 de abril de 2026. \u2014 El Gabinete Econ\u00f3mico de Honduras inici\u00f3 una gira oficial en la capital estadounidense en el marco [&hellip;]<\/p>","protected":false},"author":2,"featured_media":6998,"comment_status":"closed","ping_status":"closed","sticky":false,"template":"","format":"standard","meta":{"footnotes":""},"categories":[1],"tags":[],"sector_relacionado":[],"class_list":["post-6995","post","type-post","status-publish","format-standard","has-post-thumbnail","hentry","category-prensa"],"yoast_head":"<!-- This site is optimized with the Yoast SEO plugin v24.8.1 - https:\/\/yoast.com\/wordpress\/plugins\/seo\/ -->\n<title>Agenda econ\u00f3mica en Washington - CNI Honduras<\/title>\n<meta name=\"robots\" content=\"index, follow, max-snippet:-1, max-image-preview:large, max-video-preview:-1\" \/>\n<link rel=\"canonical\" href=\"https:\/\/cni.hn\/en\/agenda-economica-en-washington\/\" \/>\n<meta property=\"og:locale\" content=\"en_US\" \/>\n<meta property=\"og:type\" content=\"article\" \/>\n<meta property=\"og:title\" content=\"Agenda econ\u00f3mica en Washington - CNI Honduras\" \/>\n<meta property=\"og:description\" content=\"Honduras fortalece relaci\u00f3n con EE. UU. y promueve inversi\u00f3n en reuniones del FMI y Banco Mundial en Washington Gabinete Econ\u00f3mico impulsa financiamiento y alianzas estrat\u00e9gicas con Estados Unidos como socio natural Washington, D.C., 15 de abril de 2026. \u2014 El Gabinete Econ\u00f3mico de Honduras inici\u00f3 una gira oficial en la capital estadounidense en el marco [&hellip;]\" \/>\n<meta property=\"og:url\" content=\"https:\/\/cni.hn\/en\/agenda-economica-en-washington\/\" \/>\n<meta property=\"og:site_name\" content=\"CNI Honduras\" \/>\n<meta property=\"article:published_time\" content=\"2026-04-18T20:54:21+00:00\" \/>\n<meta property=\"article:modified_time\" content=\"2026-04-18T21:11:47+00:00\" \/>\n<meta property=\"og:image\" content=\"https:\/\/cni.hn\/wp-content\/uploads\/2026\/04\/washington_marinakys.jpeg\" \/>\n\t<meta property=\"og:image:width\" content=\"1600\" \/>\n\t<meta property=\"og:image:height\" content=\"1067\" \/>\n\t<meta property=\"og:image:type\" content=\"image\/jpeg\" \/>\n<meta name=\"author\" content=\"Andres Martinez\" \/>\n<meta name=\"twitter:card\" content=\"summary_large_image\" \/>\n<meta name=\"twitter:label1\" content=\"Written by\" \/>\n\t<meta name=\"twitter:data1\" content=\"Andres Martinez\" \/>\n\t<meta name=\"twitter:label2\" content=\"Est. reading time\" \/>\n\t<meta name=\"twitter:data2\" content=\"4 minutes\" \/>\n<script type=\"application\/ld+json\" class=\"yoast-schema-graph\">{\"@context\":\"https:\/\/schema.org\",\"@graph\":[{\"@type\":\"WebPage\",\"@id\":\"https:\/\/cni.hn\/agenda-economica-en-washington\/\",\"url\":\"https:\/\/cni.hn\/agenda-economica-en-washington\/\",\"name\":\"Agenda econ\u00f3mica en Washington - CNI Honduras\",\"isPartOf\":{\"@id\":\"https:\/\/cni.hn\/#website\"},\"primaryImageOfPage\":{\"@id\":\"https:\/\/cni.hn\/agenda-economica-en-washington\/#primaryimage\"},\"image\":{\"@id\":\"https:\/\/cni.hn\/agenda-economica-en-washington\/#primaryimage\"},\"thumbnailUrl\":\"https:\/\/cni.hn\/wp-content\/uploads\/2026\/04\/washington_marinakys.jpeg\",\"datePublished\":\"2026-04-18T20:54:21+00:00\",\"dateModified\":\"2026-04-18T21:11:47+00:00\",\"author\":{\"@id\":\"https:\/\/cni.hn\/#\/schema\/person\/46e1e0fecbe94fa0ad734d4ec7730175\"},\"breadcrumb\":{\"@id\":\"https:\/\/cni.hn\/agenda-economica-en-washington\/#breadcrumb\"},\"inLanguage\":\"en-US\",\"potentialAction\":[{\"@type\":\"ReadAction\",\"target\":[\"https:\/\/cni.hn\/agenda-economica-en-washington\/\"]}]},{\"@type\":\"ImageObject\",\"inLanguage\":\"en-US\",\"@id\":\"https:\/\/cni.hn\/agenda-economica-en-washington\/#primaryimage\",\"url\":\"https:\/\/cni.hn\/wp-content\/uploads\/2026\/04\/washington_marinakys.jpeg\",\"contentUrl\":\"https:\/\/cni.hn\/wp-content\/uploads\/2026\/04\/washington_marinakys.jpeg\",\"width\":1600,\"height\":1067},{\"@type\":\"BreadcrumbList\",\"@id\":\"https:\/\/cni.hn\/agenda-economica-en-washington\/#breadcrumb\",\"itemListElement\":[{\"@type\":\"ListItem\",\"position\":1,\"name\":\"Home\",\"item\":\"https:\/\/cni.hn\/\"},{\"@type\":\"ListItem\",\"position\":2,\"name\":\"Agenda econ\u00f3mica en Washington\"}]},{\"@type\":\"WebSite\",\"@id\":\"https:\/\/cni.hn\/#website\",\"url\":\"https:\/\/cni.hn\/\",\"name\":\"CNI Honduras\",\"description\":\"\",\"potentialAction\":[{\"@type\":\"SearchAction\",\"target\":{\"@type\":\"EntryPoint\",\"urlTemplate\":\"https:\/\/cni.hn\/?s={search_term_string}\"},\"query-input\":{\"@type\":\"PropertyValueSpecification\",\"valueRequired\":true,\"valueName\":\"search_term_string\"}}],\"inLanguage\":\"en-US\"},{\"@type\":\"Person\",\"@id\":\"https:\/\/cni.hn\/#\/schema\/person\/46e1e0fecbe94fa0ad734d4ec7730175\",\"name\":\"Andres Martinez\",\"image\":{\"@type\":\"ImageObject\",\"inLanguage\":\"en-US\",\"@id\":\"https:\/\/cni.hn\/#\/schema\/person\/image\/\",\"url\":\"https:\/\/secure.gravatar.com\/avatar\/b685702cf01e6c6b2ca1586d92e9a3cef7b8c42ecb312ffa3be56699c3f1b6f6?s=96&d=mm&r=g\",\"contentUrl\":\"https:\/\/secure.gravatar.com\/avatar\/b685702cf01e6c6b2ca1586d92e9a3cef7b8c42ecb312ffa3be56699c3f1b6f6?s=96&d=mm&r=g\",\"caption\":\"Andres Martinez\"},\"url\":\"https:\/\/cni.hn\/en\/author\/amartinezcni-hn\/\"}]}<\/script>\n<!-- \/ Yoast SEO plugin. -->","yoast_head_json":{"title":"Agenda econ\u00f3mica en Washington - CNI Honduras","robots":{"index":"index","follow":"follow","max-snippet":"max-snippet:-1","max-image-preview":"max-image-preview:large","max-video-preview":"max-video-preview:-1"},"canonical":"https:\/\/cni.hn\/en\/agenda-economica-en-washington\/","og_locale":"en_US","og_type":"article","og_title":"Agenda econ\u00f3mica en Washington - CNI Honduras","og_description":"Honduras fortalece relaci\u00f3n con EE. UU. y promueve inversi\u00f3n en reuniones del FMI y Banco Mundial en Washington Gabinete Econ\u00f3mico impulsa financiamiento y alianzas estrat\u00e9gicas con Estados Unidos como socio natural Washington, D.C., 15 de abril de 2026. \u2014 El Gabinete Econ\u00f3mico de Honduras inici\u00f3 una gira oficial en la capital estadounidense en el marco [&hellip;]","og_url":"https:\/\/cni.hn\/en\/agenda-economica-en-washington\/","og_site_name":"CNI Honduras","article_published_time":"2026-04-18T20:54:21+00:00","article_modified_time":"2026-04-18T21:11:47+00:00","og_image":[{"width":1600,"height":1067,"url":"https:\/\/cni.hn\/wp-content\/uploads\/2026\/04\/washington_marinakys.jpeg","type":"image\/jpeg"}],"author":"Andres Martinez","twitter_card":"summary_large_image","twitter_misc":{"Written by":"Andres Martinez","Est. reading time":"4 minutes"},"schema":{"@context":"https:\/\/schema.org","@graph":[{"@type":"WebPage","@id":"https:\/\/cni.hn\/agenda-economica-en-washington\/","url":"https:\/\/cni.hn\/agenda-economica-en-washington\/","name":"Agenda econ\u00f3mica en Washington - CNI Honduras","isPartOf":{"@id":"https:\/\/cni.hn\/#website"},"primaryImageOfPage":{"@id":"https:\/\/cni.hn\/agenda-economica-en-washington\/#primaryimage"},"image":{"@id":"https:\/\/cni.hn\/agenda-economica-en-washington\/#primaryimage"},"thumbnailUrl":"https:\/\/cni.hn\/wp-content\/uploads\/2026\/04\/washington_marinakys.jpeg","datePublished":"2026-04-18T20:54:21+00:00","dateModified":"2026-04-18T21:11:47+00:00","author":{"@id":"https:\/\/cni.hn\/#\/schema\/person\/46e1e0fecbe94fa0ad734d4ec7730175"},"breadcrumb":{"@id":"https:\/\/cni.hn\/agenda-economica-en-washington\/#breadcrumb"},"inLanguage":"en-US","potentialAction":[{"@type":"ReadAction","target":["https:\/\/cni.hn\/agenda-economica-en-washington\/"]}]},{"@type":"ImageObject","inLanguage":"en-US","@id":"https:\/\/cni.hn\/agenda-economica-en-washington\/#primaryimage","url":"https:\/\/cni.hn\/wp-content\/uploads\/2026\/04\/washington_marinakys.jpeg","contentUrl":"https:\/\/cni.hn\/wp-content\/uploads\/2026\/04\/washington_marinakys.jpeg","width":1600,"height":1067},{"@type":"BreadcrumbList","@id":"https:\/\/cni.hn\/agenda-economica-en-washington\/#breadcrumb","itemListElement":[{"@type":"ListItem","position":1,"name":"Home","item":"https:\/\/cni.hn\/"},{"@type":"ListItem","position":2,"name":"Agenda econ\u00f3mica en Washington"}]},{"@type":"WebSite","@id":"https:\/\/cni.hn\/#website","url":"https:\/\/cni.hn\/","name":"CNI Honduras","description":"","potentialAction":[{"@type":"SearchAction","target":{"@type":"EntryPoint","urlTemplate":"https:\/\/cni.hn\/?s={search_term_string}"},"query-input":{"@type":"PropertyValueSpecification","valueRequired":true,"valueName":"search_term_string"}}],"inLanguage":"en-US"},{"@type":"Person","@id":"https:\/\/cni.hn\/#\/schema\/person\/46e1e0fecbe94fa0ad734d4ec7730175","name":"Andres Martinez","image":{"@type":"ImageObject","inLanguage":"en-US","@id":"https:\/\/cni.hn\/#\/schema\/person\/image\/","url":"https:\/\/secure.gravatar.com\/avatar\/b685702cf01e6c6b2ca1586d92e9a3cef7b8c42ecb312ffa3be56699c3f1b6f6?s=96&d=mm&r=g","contentUrl":"https:\/\/secure.gravatar.com\/avatar\/b685702cf01e6c6b2ca1586d92e9a3cef7b8c42ecb312ffa3be56699c3f1b6f6?s=96&d=mm&r=g","caption":"Andres Martinez"},"url":"https:\/\/cni.hn\/en\/author\/amartinezcni-hn\/"}]}},"_links":{"self":[{"href":"https:\/\/cni.hn\/en\/wp-json\/wp\/v2\/posts\/6995","targetHints":{"allow":["GET"]}}],"collection":[{"href":"https:\/\/cni.hn\/en\/wp-json\/wp\/v2\/posts"}],"about":[{"href":"https:\/\/cni.hn\/en\/wp-json\/wp\/v2\/types\/post"}],"author":[{"embeddable":true,"href":"https:\/\/cni.hn\/en\/wp-json\/wp\/v2\/users\/2"}],"replies":[{"embeddable":true,"href":"https:\/\/cni.hn\/en\/wp-json\/wp\/v2\/comments?post=6995"}],"version-history":[{"count":0,"href":"https:\/\/cni.hn\/en\/wp-json\/wp\/v2\/posts\/6995\/revisions"}],"wp:featuredmedia":[{"embeddable":true,"href":"https:\/\/cni.hn\/en\/wp-json\/wp\/v2\/media\/6998"}],"wp:attachment":[{"href":"https:\/\/cni.hn\/en\/wp-json\/wp\/v2\/media?parent=6995"}],"wp:term":[{"taxonomy":"category","embeddable":true,"href":"https:\/\/cni.hn\/en\/wp-json\/wp\/v2\/categories?post=6995"},{"taxonomy":"post_tag","embeddable":true,"href":"https:\/\/cni.hn\/en\/wp-json\/wp\/v2\/tags?post=6995"},{"taxonomy":"sector_relacionado","embeddable":true,"href":"https:\/\/cni.hn\/en\/wp-json\/wp\/v2\/sector_relacionado?post=6995"}],"curies":[{"name":"wp","href":"https:\/\/api.w.org\/{rel}","templated":true}]}}