{"id":6902,"date":"2026-03-06T18:39:40","date_gmt":"2026-03-06T18:39:40","guid":{"rendered":"https:\/\/cni.hn\/?p=6902"},"modified":"2026-03-06T18:49:00","modified_gmt":"2026-03-06T18:49:00","slug":"gira-de-trabajo-sps","status":"publish","type":"post","link":"https:\/\/cni.hn\/en\/gira-de-trabajo-sps\/","title":{"rendered":"GIRA DE TRABAJO SPS"},"content":{"rendered":"<div data-elementor-type=\"wp-post\" data-elementor-id=\"6902\" class=\"elementor elementor-6902\" data-elementor-post-type=\"post\">\n\t\t\t\t<div class=\"elementor-element elementor-element-a5c57be e-flex e-con-boxed e-con e-parent\" data-id=\"a5c57be\" data-element_type=\"container\">\n\t\t\t\t\t<div class=\"e-con-inner\">\n\t\t\t\t<div class=\"elementor-element elementor-element-6fdb581 elementor-widget elementor-widget-heading\" data-id=\"6fdb581\" data-element_type=\"widget\" data-widget_type=\"heading.default\">\n\t\t\t\t<div class=\"elementor-widget-container\">\n\t\t\t\t\t<h2 class=\"elementor-heading-title elementor-size-default\">Ministro de Inversiones Epaminondas Marinakys anuncia impulso a proyectos estrat\u00e9gicos mientras Honduras formaliza su retorno al CIADI<\/h2>\t\t\t\t<\/div>\n\t\t\t\t<\/div>\n\t\t\t\t\t<\/div>\n\t\t\t\t<\/div>\n\t\t<div class=\"elementor-element elementor-element-74afe82 e-flex e-con-boxed e-con e-parent\" data-id=\"74afe82\" data-element_type=\"container\">\n\t\t\t\t\t<div class=\"e-con-inner\">\n\t\t\t\t<div class=\"elementor-element elementor-element-2a4cd74 elementor-widget elementor-widget-text-editor\" data-id=\"2a4cd74\" data-element_type=\"widget\" data-widget_type=\"text-editor.default\">\n\t\t\t\t<div class=\"elementor-widget-container\">\n\t\t\t\t\t\t\t\t\t<p>La administraci\u00f3n del presidente Nasry Asfura promueve estudios para un corredor interoce\u00e1nico con apoyo de EE. UU. y prioriza inversiones en energ\u00eda para fortalecer el clima de negocios.<\/p><p><strong>San Pedro Sula, Honduras. \u2013<\/strong><\/p><p>El ministro de Inversiones y titular del Consejo Nacional de Inversiones (CNI), Epaminondas Marinakys, anunci\u00f3 que Honduras avanza en una agenda de proyectos estrat\u00e9gicos orientados a atraer capital internacional, mientras el pa\u00eds formaliza su retorno al Centro Internacional de Arreglo de Diferencias Relativas a Inversiones (CIADI) en el marco de la gira oficial del presidente Nasry Asfura en Estados Unidos.<\/p><p>El mandatario hondure\u00f1o se encuentra en Washington para suscribir el convenio de reincorporaci\u00f3n al CIADI, organismo del Grupo Banco Mundial, una decisi\u00f3n orientada a fortalecer la seguridad jur\u00eddica y la confianza de los inversionistas internacionales en el pa\u00eds.<\/p>\t\t\t\t\t\t\t\t<\/div>\n\t\t\t\t<\/div>\n\t\t\t\t\t<\/div>\n\t\t\t\t<\/div>\n\t\t<div class=\"elementor-element elementor-element-04a74a7 e-flex e-con-boxed e-con e-parent\" data-id=\"04a74a7\" data-element_type=\"container\">\n\t\t\t\t\t<div class=\"e-con-inner\">\n\t\t\t\t<div class=\"elementor-element elementor-element-3d5ce96 elementor-widget elementor-widget-heading\" data-id=\"3d5ce96\" data-element_type=\"widget\" data-widget_type=\"heading.default\">\n\t\t\t\t<div class=\"elementor-widget-container\">\n\t\t\t\t\t<h2 class=\"elementor-heading-title elementor-size-default\">Agenda en SPS <span style=\"font-size: 2rem;\"><\/span><\/h2>\t\t\t\t<\/div>\n\t\t\t\t<\/div>\n\t\t\t\t\t<\/div>\n\t\t\t\t<\/div>\n\t\t<div class=\"elementor-element elementor-element-c50b6dd e-flex e-con-boxed e-con e-parent\" data-id=\"c50b6dd\" data-element_type=\"container\">\n\t\t\t\t\t<div class=\"e-con-inner\">\n\t\t\t\t<div class=\"elementor-element elementor-element-671f92b elementor-widget elementor-widget-text-editor\" data-id=\"671f92b\" data-element_type=\"widget\" data-widget_type=\"text-editor.default\">\n\t\t\t\t<div class=\"elementor-widget-container\">\n\t\t\t\t\t\t\t\t\t<p>Las declaraciones del ministro se produjeron en San Pedro Sula, donde desarrolla una agenda de trabajo orientada a fortalecer el di\u00e1logo con el sector productivo y conocer iniciativas vinculadas a la competitividad y atracci\u00f3n de inversiones en el norte del pa\u00eds.<\/p><p>Durante su visita, Marinakys sostendr\u00e1 reuniones con autoridades del Consejo Nacional Log\u00edstico (CNL) y con representantes de la C\u00e1mara de Comercio e Industrias de Cort\u00e9s (CCIC), adem\u00e1s de realizar visitas a empresas del sector BPO, uno de los segmentos de servicios tecnol\u00f3gicos y de externalizaci\u00f3n con mayor crecimiento en la capital industrial.<\/p>\t\t\t\t\t\t\t\t<\/div>\n\t\t\t\t<\/div>\n\t\t\t\t\t<\/div>\n\t\t\t\t<\/div>\n\t\t<div class=\"elementor-element elementor-element-04ef4d3 e-con-full e-flex e-con e-parent\" data-id=\"04ef4d3\" data-element_type=\"container\">\n\t\t\t\t<div class=\"elementor-element elementor-element-6ff0264 elementor-widget elementor-widget-image\" data-id=\"6ff0264\" data-element_type=\"widget\" data-widget_type=\"image.default\">\n\t\t\t\t<div class=\"elementor-widget-container\">\n\t\t\t\t\t\t\t\t\t\t\t\t\t\t\t<img fetchpriority=\"high\" decoding=\"async\" width=\"800\" height=\"534\" src=\"https:\/\/cni.hn\/wp-content\/uploads\/2026\/03\/CCC_CNI-1024x683.jpeg\" class=\"attachment-large size-large wp-image-6903\" alt=\"\" srcset=\"https:\/\/cni.hn\/wp-content\/uploads\/2026\/03\/CCC_CNI-1024x683.jpeg 1024w, https:\/\/cni.hn\/wp-content\/uploads\/2026\/03\/CCC_CNI-300x200.jpeg 300w, https:\/\/cni.hn\/wp-content\/uploads\/2026\/03\/CCC_CNI-768x512.jpeg 768w, https:\/\/cni.hn\/wp-content\/uploads\/2026\/03\/CCC_CNI-1536x1024.jpeg 1536w, https:\/\/cni.hn\/wp-content\/uploads\/2026\/03\/CCC_CNI-18x12.jpeg 18w, https:\/\/cni.hn\/wp-content\/uploads\/2026\/03\/CCC_CNI.jpeg 1600w\" sizes=\"(max-width: 800px) 100vw, 800px\" \/>\t\t\t\t\t\t\t\t\t\t\t\t\t\t\t<\/div>\n\t\t\t\t<\/div>\n\t\t\t\t<\/div>\n\t\t<div class=\"elementor-element elementor-element-2c57683 e-flex e-con-boxed e-con e-parent\" data-id=\"2c57683\" data-element_type=\"container\">\n\t\t\t\t\t<div class=\"e-con-inner\">\n\t\t\t\t<div class=\"elementor-element elementor-element-105b222 elementor-widget elementor-widget-heading\" data-id=\"105b222\" data-element_type=\"widget\" data-widget_type=\"heading.default\">\n\t\t\t\t<div class=\"elementor-widget-container\">\n\t\t\t\t\t<h2 class=\"elementor-heading-title elementor-size-default\">Estudios t\u00e9cnicos<span style=\"font-size: 2rem;\"><\/span><\/h2>\t\t\t\t<\/div>\n\t\t\t\t<\/div>\n\t\t\t\t\t<\/div>\n\t\t\t\t<\/div>\n\t\t<div class=\"elementor-element elementor-element-b9ac401 e-flex e-con-boxed e-con e-parent\" data-id=\"b9ac401\" data-element_type=\"container\">\n\t\t\t\t\t<div class=\"e-con-inner\">\n\t\t\t\t<div class=\"elementor-element elementor-element-0ef3973 elementor-widget elementor-widget-text-editor\" data-id=\"0ef3973\" data-element_type=\"widget\" data-widget_type=\"text-editor.default\">\n\t\t\t\t<div class=\"elementor-widget-container\">\n\t\t\t\t\t\t\t\t\t<p>En declaraciones ofrecidas a medios de comunicaci\u00f3n durante su visita, Marinakys explic\u00f3 que Honduras tambi\u00e9n inicia una nueva etapa para evaluar la viabilidad de un corredor interoce\u00e1nico, proyecto para el cual se realizar\u00e1n estudios t\u00e9cnicos con apoyo del Gobierno de Estados Unidos.<\/p>\t\t\t\t\t\t\t\t<\/div>\n\t\t\t\t<\/div>\n\t\t\t\t\t<\/div>\n\t\t\t\t<\/div>\n\t\t<div class=\"elementor-element elementor-element-33759db e-flex e-con-boxed e-con e-parent\" data-id=\"33759db\" data-element_type=\"container\">\n\t\t\t\t\t<div class=\"e-con-inner\">\n\t\t<div class=\"elementor-element elementor-element-e2f93d8 e-con-full e-flex e-con e-child\" data-id=\"e2f93d8\" data-element_type=\"container\">\n\t\t\t\t<div class=\"elementor-element elementor-element-58e96b0 elementor-widget elementor-widget-image\" data-id=\"58e96b0\" data-element_type=\"widget\" data-widget_type=\"image.default\">\n\t\t\t\t<div class=\"elementor-widget-container\">\n\t\t\t\t\t\t\t\t\t\t\t\t\t\t\t<img decoding=\"async\" width=\"800\" height=\"534\" src=\"https:\/\/cni.hn\/wp-content\/uploads\/2026\/03\/medio_ministro-1024x683.jpeg\" class=\"attachment-large size-large wp-image-6906\" alt=\"\" srcset=\"https:\/\/cni.hn\/wp-content\/uploads\/2026\/03\/medio_ministro-1024x683.jpeg 1024w, https:\/\/cni.hn\/wp-content\/uploads\/2026\/03\/medio_ministro-300x200.jpeg 300w, https:\/\/cni.hn\/wp-content\/uploads\/2026\/03\/medio_ministro-768x512.jpeg 768w, https:\/\/cni.hn\/wp-content\/uploads\/2026\/03\/medio_ministro-1536x1024.jpeg 1536w, https:\/\/cni.hn\/wp-content\/uploads\/2026\/03\/medio_ministro-18x12.jpeg 18w, https:\/\/cni.hn\/wp-content\/uploads\/2026\/03\/medio_ministro.jpeg 1600w\" sizes=\"(max-width: 800px) 100vw, 800px\" \/>\t\t\t\t\t\t\t\t\t\t\t\t\t\t\t<\/div>\n\t\t\t\t<\/div>\n\t\t\t\t<\/div>\n\t\t<div class=\"elementor-element elementor-element-ff5477a e-con-full e-flex e-con e-child\" data-id=\"ff5477a\" data-element_type=\"container\">\n\t\t\t\t<div class=\"elementor-element elementor-element-b2a303a elementor-widget elementor-widget-text-editor\" data-id=\"b2a303a\" data-element_type=\"widget\" data-widget_type=\"text-editor.default\">\n\t\t\t\t<div class=\"elementor-widget-container\">\n\t\t\t\t\t\t\t\t\t<p>\u201cDurante muchos a\u00f1os este proyecto se mantuvo a nivel de ideas, pero ahora, con el respaldo del Gobierno de Estados Unidos y del Departamento de Estado, se realizar\u00e1n estudios completos que permitir\u00e1n determinar su viabilidad, incluyendo el trazado y los distintos componentes t\u00e9cnicos y ambientales\u201d, afirm\u00f3 el ministro.<\/p><p>El funcionario indic\u00f3 que estos an\u00e1lisis permitir\u00e1n establecer si la iniciativa puede convertirse en un motor de desarrollo econ\u00f3mico, generando empleo, atrayendo inversi\u00f3n internacional y fortaleciendo la infraestructura log\u00edstica del pa\u00eds.<\/p>\t\t\t\t\t\t\t\t<\/div>\n\t\t\t\t<\/div>\n\t\t\t\t<\/div>\n\t\t\t\t\t<\/div>\n\t\t\t\t<\/div>\n\t\t<div class=\"elementor-element elementor-element-d827a75 e-flex e-con-boxed e-con e-parent\" data-id=\"d827a75\" data-element_type=\"container\">\n\t\t\t\t\t<div class=\"e-con-inner\">\n\t\t\t\t<div class=\"elementor-element elementor-element-75b6aba elementor-widget elementor-widget-heading\" data-id=\"75b6aba\" data-element_type=\"widget\" data-widget_type=\"heading.default\">\n\t\t\t\t<div class=\"elementor-widget-container\">\n\t\t\t\t\t<h2 class=\"elementor-heading-title elementor-size-default\">CIADI<\/h2>\t\t\t\t<\/div>\n\t\t\t\t<\/div>\n\t\t\t\t<div class=\"elementor-element elementor-element-9ff1c09 elementor-widget elementor-widget-text-editor\" data-id=\"9ff1c09\" data-element_type=\"widget\" data-widget_type=\"text-editor.default\">\n\t\t\t\t<div class=\"elementor-widget-container\">\n\t\t\t\t\t\t\t\t\t<p>Asimismo, se\u00f1al\u00f3 que el retorno de Honduras al CIADI ya ha despertado inter\u00e9s de inversionistas extranjeros interesados en participar en proyectos de infraestructura vinculados al desarrollo log\u00edstico del pa\u00eds.<\/p><p>\u201cEstamos hablando de inversiones que pueden alcanzar miles de millones de d\u00f3lares y que pueden traer prosperidad y empleo para Honduras. Ya existen empresas interesadas en participar en los distintos componentes de infraestructura asociados a estos proyectos\u201d, subray\u00f3 Marinakys.<\/p>\t\t\t\t\t\t\t\t<\/div>\n\t\t\t\t<\/div>\n\t\t\t\t\t<\/div>\n\t\t\t\t<\/div>\n\t\t<div class=\"elementor-element elementor-element-3f49a00 e-flex e-con-boxed e-con e-parent\" data-id=\"3f49a00\" data-element_type=\"container\">\n\t\t\t\t\t<div class=\"e-con-inner\">\n\t\t\t\t<div class=\"elementor-element elementor-element-a93a68c elementor-widget elementor-widget-heading\" data-id=\"a93a68c\" data-element_type=\"widget\" data-widget_type=\"heading.default\">\n\t\t\t\t<div class=\"elementor-widget-container\">\n\t\t\t\t\t<h2 class=\"elementor-heading-title elementor-size-default\">Energ\u00eda, inversi\u00f3n prioritaria<\/h2>\t\t\t\t<\/div>\n\t\t\t\t<\/div>\n\t\t\t\t\t<\/div>\n\t\t\t\t<\/div>\n\t\t<div class=\"elementor-element elementor-element-9871b11 e-flex e-con-boxed e-con e-parent\" data-id=\"9871b11\" data-element_type=\"container\">\n\t\t\t\t\t<div class=\"e-con-inner\">\n\t\t\t\t<div class=\"elementor-element elementor-element-9e8ebf7 elementor-widget elementor-widget-text-editor\" data-id=\"9e8ebf7\" data-element_type=\"widget\" data-widget_type=\"text-editor.default\">\n\t\t\t\t<div class=\"elementor-widget-container\">\n\t\t\t\t\t\t\t\t\t<p>El ministro destac\u00f3 que uno de los sectores prioritarios dentro de la estrategia gubernamental es el fortalecimiento de la capacidad energ\u00e9tica, condici\u00f3n clave para atraer nuevas industrias y proyectos productivos.<\/p><p>En ese sentido, mencion\u00f3 inversiones recientes como un proyecto de energ\u00eda solar en la zona de Choloma, con una inversi\u00f3n estimada en 400 millones de d\u00f3lares y una capacidad cercana a 300 megavatios, iniciativa que contribuir\u00e1 a ampliar la oferta energ\u00e9tica del pa\u00eds.<\/p>\t\t\t\t\t\t\t\t<\/div>\n\t\t\t\t<\/div>\n\t\t\t\t\t<\/div>\n\t\t\t\t<\/div>\n\t\t<div class=\"elementor-element elementor-element-5406e35 e-flex e-con-boxed e-con e-parent\" data-id=\"5406e35\" data-element_type=\"container\">\n\t\t\t\t\t<div class=\"e-con-inner\">\n\t\t\t\t<div class=\"elementor-element elementor-element-70610b7 elementor-widget elementor-widget-heading\" data-id=\"70610b7\" data-element_type=\"widget\" data-widget_type=\"heading.default\">\n\t\t\t\t<div class=\"elementor-widget-container\">\n\t\t\t\t\t<h2 class=\"elementor-heading-title elementor-size-default\">Digitalizaci\u00f3n y modernizaci\u00f3n<\/h2>\t\t\t\t<\/div>\n\t\t\t\t<\/div>\n\t\t\t\t\t<\/div>\n\t\t\t\t<\/div>\n\t\t<div class=\"elementor-element elementor-element-7c6a693 e-flex e-con-boxed e-con e-parent\" data-id=\"7c6a693\" data-element_type=\"container\">\n\t\t\t\t\t<div class=\"e-con-inner\">\n\t\t<div class=\"elementor-element elementor-element-4a5ab97 e-con-full e-flex e-con e-child\" data-id=\"4a5ab97\" data-element_type=\"container\">\n\t\t\t\t<div class=\"elementor-element elementor-element-a0925a9 elementor-widget elementor-widget-text-editor\" data-id=\"a0925a9\" data-element_type=\"widget\" data-widget_type=\"text-editor.default\">\n\t\t\t\t<div class=\"elementor-widget-container\">\n\t\t\t\t\t\t\t\t\t<p>Marinakys a\u00f1adi\u00f3 que la administraci\u00f3n del presidente Asfura tambi\u00e9n impulsa una agenda de modernizaci\u00f3n institucional y digitalizaci\u00f3n de tr\u00e1mites, con el objetivo de agilizar permisos y facilitar la instalaci\u00f3n de nuevas inversiones.<\/p><p>\u201cEl presidente ha instruido avanzar hacia un gobierno digital, para que los inversionistas puedan realizar sus solicitudes en l\u00ednea sin tener que recorrer m\u00faltiples instituciones, lo que permitir\u00e1 procesos m\u00e1s \u00e1giles y transparentes\u201d, explic\u00f3.<\/p><p>El retorno al CIADI, junto con el impulso a proyectos de infraestructura log\u00edstica y energ\u00e9tica, forma parte de la estrategia gubernamental para fortalecer la competitividad de Honduras y posicionar al pa\u00eds como un destino atractivo para la inversi\u00f3n internacional.<\/p>\t\t\t\t\t\t\t\t<\/div>\n\t\t\t\t<\/div>\n\t\t\t\t<\/div>\n\t\t<div class=\"elementor-element elementor-element-9249b65 e-con-full e-flex e-con e-child\" data-id=\"9249b65\" data-element_type=\"container\">\n\t\t\t\t<div class=\"elementor-element elementor-element-0cfde7e elementor-widget elementor-widget-image\" data-id=\"0cfde7e\" data-element_type=\"widget\" data-widget_type=\"image.default\">\n\t\t\t\t<div class=\"elementor-widget-container\">\n\t\t\t\t\t\t\t\t\t\t\t\t\t\t\t<img decoding=\"async\" width=\"800\" height=\"534\" src=\"https:\/\/cni.hn\/wp-content\/uploads\/2026\/03\/Ministro_SPS_CCG-1024x683.jpeg\" class=\"attachment-large size-large wp-image-6904\" alt=\"\" srcset=\"https:\/\/cni.hn\/wp-content\/uploads\/2026\/03\/Ministro_SPS_CCG-1024x683.jpeg 1024w, https:\/\/cni.hn\/wp-content\/uploads\/2026\/03\/Ministro_SPS_CCG-300x200.jpeg 300w, https:\/\/cni.hn\/wp-content\/uploads\/2026\/03\/Ministro_SPS_CCG-768x512.jpeg 768w, https:\/\/cni.hn\/wp-content\/uploads\/2026\/03\/Ministro_SPS_CCG-1536x1024.jpeg 1536w, https:\/\/cni.hn\/wp-content\/uploads\/2026\/03\/Ministro_SPS_CCG-18x12.jpeg 18w, https:\/\/cni.hn\/wp-content\/uploads\/2026\/03\/Ministro_SPS_CCG.jpeg 1600w\" sizes=\"(max-width: 800px) 100vw, 800px\" \/>\t\t\t\t\t\t\t\t\t\t\t\t\t\t\t<\/div>\n\t\t\t\t<\/div>\n\t\t\t\t<\/div>\n\t\t\t\t\t<\/div>\n\t\t\t\t<\/div>\n\t\t<div class=\"elementor-element elementor-element-fc6f779 e-flex e-con-boxed e-con e-parent\" data-id=\"fc6f779\" data-element_type=\"container\">\n\t\t\t\t\t<div class=\"e-con-inner\">\n\t\t\t\t<div class=\"elementor-element elementor-element-12fef16 elementor-widget elementor-widget-heading\" data-id=\"12fef16\" data-element_type=\"widget\" data-widget_type=\"heading.default\">\n\t\t\t\t<div class=\"elementor-widget-container\">\n\t\t\t\t\t<h2 class=\"elementor-heading-title elementor-size-default\">De inter\u00e9s<\/h2>\t\t\t\t<\/div>\n\t\t\t\t<\/div>\n\t\t\t\t\t<\/div>\n\t\t\t\t<\/div>\n\t\t<div class=\"elementor-element elementor-element-66ebd69 e-flex e-con-boxed e-con e-parent\" data-id=\"66ebd69\" data-element_type=\"container\">\n\t\t\t\t\t<div class=\"e-con-inner\">\n\t\t\t\t<div class=\"elementor-element elementor-element-c826393 elementor-widget elementor-widget-text-editor\" data-id=\"c826393\" data-element_type=\"widget\" data-widget_type=\"text-editor.default\">\n\t\t\t\t<div class=\"elementor-widget-container\">\n\t\t\t\t\t\t\t\t\t<p>\u2022 Honduras formaliza su retorno al CIADI, organismo del Grupo Banco Mundial que brinda mecanismos de arbitraje internacional para disputas entre Estados e inversionistas.<\/p><p>\u2022 El Gobierno impulsa estudios para un corredor interoce\u00e1nico con apoyo de Estados Unidos, iniciativa que podr\u00eda atraer inversiones multimillonarias.<\/p><p>\u2022 La agenda econ\u00f3mica prioriza inversi\u00f3n en energ\u00eda, modernizaci\u00f3n institucional y facilitaci\u00f3n de tr\u00e1mites para mejorar el clima de inversi\u00f3n y fortalecer el crecimiento econ\u00f3mico del pa\u00eds.<\/p>\t\t\t\t\t\t\t\t<\/div>\n\t\t\t\t<\/div>\n\t\t\t\t\t<\/div>\n\t\t\t\t<\/div>\n\t\t\t\t<\/div>","protected":false},"excerpt":{"rendered":"<p>Ministro de Inversiones Epaminondas Marinakys anuncia impulso a proyectos estrat\u00e9gicos mientras Honduras formaliza su retorno al CIADI La administraci\u00f3n del presidente Nasry Asfura promueve estudios para un corredor interoce\u00e1nico con apoyo de EE. UU. y prioriza inversiones en energ\u00eda para fortalecer el clima de negocios. San Pedro Sula, Honduras. \u2013 El ministro de Inversiones y [&hellip;]<\/p>","protected":false},"author":2,"featured_media":6905,"comment_status":"closed","ping_status":"closed","sticky":false,"template":"","format":"standard","meta":{"footnotes":""},"categories":[1],"tags":[],"sector_relacionado":[],"class_list":["post-6902","post","type-post","status-publish","format-standard","has-post-thumbnail","hentry","category-prensa"],"yoast_head":"<!-- This site is optimized with the Yoast SEO plugin v24.8.1 - https:\/\/yoast.com\/wordpress\/plugins\/seo\/ -->\n<title>GIRA DE TRABAJO SPS - CNI Honduras<\/title>\n<meta name=\"robots\" content=\"index, follow, max-snippet:-1, max-image-preview:large, max-video-preview:-1\" \/>\n<link rel=\"canonical\" href=\"https:\/\/cni.hn\/en\/gira-de-trabajo-sps\/\" \/>\n<meta property=\"og:locale\" content=\"en_US\" \/>\n<meta property=\"og:type\" content=\"article\" \/>\n<meta property=\"og:title\" content=\"GIRA DE TRABAJO SPS - CNI Honduras\" \/>\n<meta property=\"og:description\" content=\"Ministro de Inversiones Epaminondas Marinakys anuncia impulso a proyectos estrat\u00e9gicos mientras Honduras formaliza su retorno al CIADI La administraci\u00f3n del presidente Nasry Asfura promueve estudios para un corredor interoce\u00e1nico con apoyo de EE. UU. y prioriza inversiones en energ\u00eda para fortalecer el clima de negocios. San Pedro Sula, Honduras. \u2013 El ministro de Inversiones y [&hellip;]\" \/>\n<meta property=\"og:url\" content=\"https:\/\/cni.hn\/en\/gira-de-trabajo-sps\/\" \/>\n<meta property=\"og:site_name\" content=\"CNI Honduras\" \/>\n<meta property=\"article:published_time\" content=\"2026-03-06T18:39:40+00:00\" \/>\n<meta property=\"article:modified_time\" content=\"2026-03-06T18:49:00+00:00\" \/>\n<meta property=\"og:image\" content=\"https:\/\/cni.hn\/wp-content\/uploads\/2026\/03\/Ministro_CCC.jpeg\" \/>\n\t<meta property=\"og:image:width\" content=\"1600\" \/>\n\t<meta property=\"og:image:height\" content=\"1067\" \/>\n\t<meta property=\"og:image:type\" content=\"image\/jpeg\" \/>\n<meta name=\"author\" content=\"Andres Martinez\" \/>\n<meta name=\"twitter:card\" content=\"summary_large_image\" \/>\n<meta name=\"twitter:label1\" content=\"Written by\" \/>\n\t<meta name=\"twitter:data1\" content=\"Andres Martinez\" \/>\n\t<meta name=\"twitter:label2\" content=\"Est. reading time\" \/>\n\t<meta name=\"twitter:data2\" content=\"4 minutes\" \/>\n<script type=\"application\/ld+json\" class=\"yoast-schema-graph\">{\"@context\":\"https:\/\/schema.org\",\"@graph\":[{\"@type\":\"Article\",\"@id\":\"https:\/\/cni.hn\/gira-de-trabajo-sps\/#article\",\"isPartOf\":{\"@id\":\"https:\/\/cni.hn\/gira-de-trabajo-sps\/\"},\"author\":{\"name\":\"Andres Martinez\",\"@id\":\"https:\/\/cni.hn\/#\/schema\/person\/46e1e0fecbe94fa0ad734d4ec7730175\"},\"headline\":\"GIRA DE TRABAJO SPS\",\"datePublished\":\"2026-03-06T18:39:40+00:00\",\"dateModified\":\"2026-03-06T18:49:00+00:00\",\"mainEntityOfPage\":{\"@id\":\"https:\/\/cni.hn\/gira-de-trabajo-sps\/\"},\"wordCount\":769,\"publisher\":{\"@id\":\"https:\/\/cni.hn\/#organization\"},\"image\":{\"@id\":\"https:\/\/cni.hn\/gira-de-trabajo-sps\/#primaryimage\"},\"thumbnailUrl\":\"https:\/\/cni.hn\/wp-content\/uploads\/2026\/03\/Ministro_CCC.jpeg\",\"articleSection\":[\"Sala de Prensa\"],\"inLanguage\":\"en-US\"},{\"@type\":\"WebPage\",\"@id\":\"https:\/\/cni.hn\/gira-de-trabajo-sps\/\",\"url\":\"https:\/\/cni.hn\/gira-de-trabajo-sps\/\",\"name\":\"GIRA DE TRABAJO SPS - CNI Honduras\",\"isPartOf\":{\"@id\":\"https:\/\/cni.hn\/#website\"},\"primaryImageOfPage\":{\"@id\":\"https:\/\/cni.hn\/gira-de-trabajo-sps\/#primaryimage\"},\"image\":{\"@id\":\"https:\/\/cni.hn\/gira-de-trabajo-sps\/#primaryimage\"},\"thumbnailUrl\":\"https:\/\/cni.hn\/wp-content\/uploads\/2026\/03\/Ministro_CCC.jpeg\",\"datePublished\":\"2026-03-06T18:39:40+00:00\",\"dateModified\":\"2026-03-06T18:49:00+00:00\",\"breadcrumb\":{\"@id\":\"https:\/\/cni.hn\/gira-de-trabajo-sps\/#breadcrumb\"},\"inLanguage\":\"en-US\",\"potentialAction\":[{\"@type\":\"ReadAction\",\"target\":[\"https:\/\/cni.hn\/gira-de-trabajo-sps\/\"]}]},{\"@type\":\"ImageObject\",\"inLanguage\":\"en-US\",\"@id\":\"https:\/\/cni.hn\/gira-de-trabajo-sps\/#primaryimage\",\"url\":\"https:\/\/cni.hn\/wp-content\/uploads\/2026\/03\/Ministro_CCC.jpeg\",\"contentUrl\":\"https:\/\/cni.hn\/wp-content\/uploads\/2026\/03\/Ministro_CCC.jpeg\",\"width\":1600,\"height\":1067},{\"@type\":\"BreadcrumbList\",\"@id\":\"https:\/\/cni.hn\/gira-de-trabajo-sps\/#breadcrumb\",\"itemListElement\":[{\"@type\":\"ListItem\",\"position\":1,\"name\":\"Home\",\"item\":\"https:\/\/cni.hn\/\"},{\"@type\":\"ListItem\",\"position\":2,\"name\":\"GIRA DE TRABAJO SPS\"}]},{\"@type\":\"WebSite\",\"@id\":\"https:\/\/cni.hn\/#website\",\"url\":\"https:\/\/cni.hn\/\",\"name\":\"CNI Honduras\",\"description\":\"\",\"publisher\":{\"@id\":\"https:\/\/cni.hn\/#organization\"},\"potentialAction\":[{\"@type\":\"SearchAction\",\"target\":{\"@type\":\"EntryPoint\",\"urlTemplate\":\"https:\/\/cni.hn\/?s={search_term_string}\"},\"query-input\":{\"@type\":\"PropertyValueSpecification\",\"valueRequired\":true,\"valueName\":\"search_term_string\"}}],\"inLanguage\":\"en-US\"},{\"@type\":\"Organization\",\"@id\":\"https:\/\/cni.hn\/#organization\",\"name\":\"CNI Honduras\",\"url\":\"https:\/\/cni.hn\/\",\"logo\":{\"@type\":\"ImageObject\",\"inLanguage\":\"en-US\",\"@id\":\"https:\/\/cni.hn\/#\/schema\/logo\/image\/\",\"url\":\"https:\/\/cni.hn\/wp-content\/uploads\/2024\/10\/logo-cni.png\",\"contentUrl\":\"https:\/\/cni.hn\/wp-content\/uploads\/2024\/10\/logo-cni.png\",\"width\":390,\"height\":390,\"caption\":\"CNI Honduras\"},\"image\":{\"@id\":\"https:\/\/cni.hn\/#\/schema\/logo\/image\/\"}},{\"@type\":\"Person\",\"@id\":\"https:\/\/cni.hn\/#\/schema\/person\/46e1e0fecbe94fa0ad734d4ec7730175\",\"name\":\"Andres Martinez\",\"image\":{\"@type\":\"ImageObject\",\"inLanguage\":\"en-US\",\"@id\":\"https:\/\/cni.hn\/#\/schema\/person\/image\/\",\"url\":\"https:\/\/secure.gravatar.com\/avatar\/b685702cf01e6c6b2ca1586d92e9a3cef7b8c42ecb312ffa3be56699c3f1b6f6?s=96&d=mm&r=g\",\"contentUrl\":\"https:\/\/secure.gravatar.com\/avatar\/b685702cf01e6c6b2ca1586d92e9a3cef7b8c42ecb312ffa3be56699c3f1b6f6?s=96&d=mm&r=g\",\"caption\":\"Andres Martinez\"},\"url\":\"https:\/\/cni.hn\/en\/author\/amartinezcni-hn\/\"}]}<\/script>\n<!-- \/ Yoast SEO plugin. -->","yoast_head_json":{"title":"GIRA DE TRABAJO SPS - CNI Honduras","robots":{"index":"index","follow":"follow","max-snippet":"max-snippet:-1","max-image-preview":"max-image-preview:large","max-video-preview":"max-video-preview:-1"},"canonical":"https:\/\/cni.hn\/en\/gira-de-trabajo-sps\/","og_locale":"en_US","og_type":"article","og_title":"GIRA DE TRABAJO SPS - CNI Honduras","og_description":"Ministro de Inversiones Epaminondas Marinakys anuncia impulso a proyectos estrat\u00e9gicos mientras Honduras formaliza su retorno al CIADI La administraci\u00f3n del presidente Nasry Asfura promueve estudios para un corredor interoce\u00e1nico con apoyo de EE. UU. y prioriza inversiones en energ\u00eda para fortalecer el clima de negocios. San Pedro Sula, Honduras. \u2013 El ministro de Inversiones y [&hellip;]","og_url":"https:\/\/cni.hn\/en\/gira-de-trabajo-sps\/","og_site_name":"CNI Honduras","article_published_time":"2026-03-06T18:39:40+00:00","article_modified_time":"2026-03-06T18:49:00+00:00","og_image":[{"width":1600,"height":1067,"url":"https:\/\/cni.hn\/wp-content\/uploads\/2026\/03\/Ministro_CCC.jpeg","type":"image\/jpeg"}],"author":"Andres Martinez","twitter_card":"summary_large_image","twitter_misc":{"Written by":"Andres Martinez","Est. reading time":"4 minutes"},"schema":{"@context":"https:\/\/schema.org","@graph":[{"@type":"Article","@id":"https:\/\/cni.hn\/gira-de-trabajo-sps\/#article","isPartOf":{"@id":"https:\/\/cni.hn\/gira-de-trabajo-sps\/"},"author":{"name":"Andres Martinez","@id":"https:\/\/cni.hn\/#\/schema\/person\/46e1e0fecbe94fa0ad734d4ec7730175"},"headline":"GIRA DE TRABAJO SPS","datePublished":"2026-03-06T18:39:40+00:00","dateModified":"2026-03-06T18:49:00+00:00","mainEntityOfPage":{"@id":"https:\/\/cni.hn\/gira-de-trabajo-sps\/"},"wordCount":769,"publisher":{"@id":"https:\/\/cni.hn\/#organization"},"image":{"@id":"https:\/\/cni.hn\/gira-de-trabajo-sps\/#primaryimage"},"thumbnailUrl":"https:\/\/cni.hn\/wp-content\/uploads\/2026\/03\/Ministro_CCC.jpeg","articleSection":["Sala de Prensa"],"inLanguage":"en-US"},{"@type":"WebPage","@id":"https:\/\/cni.hn\/gira-de-trabajo-sps\/","url":"https:\/\/cni.hn\/gira-de-trabajo-sps\/","name":"GIRA DE TRABAJO SPS - CNI Honduras","isPartOf":{"@id":"https:\/\/cni.hn\/#website"},"primaryImageOfPage":{"@id":"https:\/\/cni.hn\/gira-de-trabajo-sps\/#primaryimage"},"image":{"@id":"https:\/\/cni.hn\/gira-de-trabajo-sps\/#primaryimage"},"thumbnailUrl":"https:\/\/cni.hn\/wp-content\/uploads\/2026\/03\/Ministro_CCC.jpeg","datePublished":"2026-03-06T18:39:40+00:00","dateModified":"2026-03-06T18:49:00+00:00","breadcrumb":{"@id":"https:\/\/cni.hn\/gira-de-trabajo-sps\/#breadcrumb"},"inLanguage":"en-US","potentialAction":[{"@type":"ReadAction","target":["https:\/\/cni.hn\/gira-de-trabajo-sps\/"]}]},{"@type":"ImageObject","inLanguage":"en-US","@id":"https:\/\/cni.hn\/gira-de-trabajo-sps\/#primaryimage","url":"https:\/\/cni.hn\/wp-content\/uploads\/2026\/03\/Ministro_CCC.jpeg","contentUrl":"https:\/\/cni.hn\/wp-content\/uploads\/2026\/03\/Ministro_CCC.jpeg","width":1600,"height":1067},{"@type":"BreadcrumbList","@id":"https:\/\/cni.hn\/gira-de-trabajo-sps\/#breadcrumb","itemListElement":[{"@type":"ListItem","position":1,"name":"Home","item":"https:\/\/cni.hn\/"},{"@type":"ListItem","position":2,"name":"GIRA DE TRABAJO SPS"}]},{"@type":"WebSite","@id":"https:\/\/cni.hn\/#website","url":"https:\/\/cni.hn\/","name":"CNI Honduras","description":"","publisher":{"@id":"https:\/\/cni.hn\/#organization"},"potentialAction":[{"@type":"SearchAction","target":{"@type":"EntryPoint","urlTemplate":"https:\/\/cni.hn\/?s={search_term_string}"},"query-input":{"@type":"PropertyValueSpecification","valueRequired":true,"valueName":"search_term_string"}}],"inLanguage":"en-US"},{"@type":"Organization","@id":"https:\/\/cni.hn\/#organization","name":"CNI Honduras","url":"https:\/\/cni.hn\/","logo":{"@type":"ImageObject","inLanguage":"en-US","@id":"https:\/\/cni.hn\/#\/schema\/logo\/image\/","url":"https:\/\/cni.hn\/wp-content\/uploads\/2024\/10\/logo-cni.png","contentUrl":"https:\/\/cni.hn\/wp-content\/uploads\/2024\/10\/logo-cni.png","width":390,"height":390,"caption":"CNI Honduras"},"image":{"@id":"https:\/\/cni.hn\/#\/schema\/logo\/image\/"}},{"@type":"Person","@id":"https:\/\/cni.hn\/#\/schema\/person\/46e1e0fecbe94fa0ad734d4ec7730175","name":"Andres Martinez","image":{"@type":"ImageObject","inLanguage":"en-US","@id":"https:\/\/cni.hn\/#\/schema\/person\/image\/","url":"https:\/\/secure.gravatar.com\/avatar\/b685702cf01e6c6b2ca1586d92e9a3cef7b8c42ecb312ffa3be56699c3f1b6f6?s=96&d=mm&r=g","contentUrl":"https:\/\/secure.gravatar.com\/avatar\/b685702cf01e6c6b2ca1586d92e9a3cef7b8c42ecb312ffa3be56699c3f1b6f6?s=96&d=mm&r=g","caption":"Andres Martinez"},"url":"https:\/\/cni.hn\/en\/author\/amartinezcni-hn\/"}]}},"_links":{"self":[{"href":"https:\/\/cni.hn\/en\/wp-json\/wp\/v2\/posts\/6902","targetHints":{"allow":["GET"]}}],"collection":[{"href":"https:\/\/cni.hn\/en\/wp-json\/wp\/v2\/posts"}],"about":[{"href":"https:\/\/cni.hn\/en\/wp-json\/wp\/v2\/types\/post"}],"author":[{"embeddable":true,"href":"https:\/\/cni.hn\/en\/wp-json\/wp\/v2\/users\/2"}],"replies":[{"embeddable":true,"href":"https:\/\/cni.hn\/en\/wp-json\/wp\/v2\/comments?post=6902"}],"version-history":[{"count":0,"href":"https:\/\/cni.hn\/en\/wp-json\/wp\/v2\/posts\/6902\/revisions"}],"wp:featuredmedia":[{"embeddable":true,"href":"https:\/\/cni.hn\/en\/wp-json\/wp\/v2\/media\/6905"}],"wp:attachment":[{"href":"https:\/\/cni.hn\/en\/wp-json\/wp\/v2\/media?parent=6902"}],"wp:term":[{"taxonomy":"category","embeddable":true,"href":"https:\/\/cni.hn\/en\/wp-json\/wp\/v2\/categories?post=6902"},{"taxonomy":"post_tag","embeddable":true,"href":"https:\/\/cni.hn\/en\/wp-json\/wp\/v2\/tags?post=6902"},{"taxonomy":"sector_relacionado","embeddable":true,"href":"https:\/\/cni.hn\/en\/wp-json\/wp\/v2\/sector_relacionado?post=6902"}],"curies":[{"name":"wp","href":"https:\/\/api.w.org\/{rel}","templated":true}]}}