{"id":6544,"date":"2025-11-04T21:30:31","date_gmt":"2025-11-04T21:30:31","guid":{"rendered":"https:\/\/cni.hn\/?p=6544"},"modified":"2025-11-04T21:49:24","modified_gmt":"2025-11-04T21:49:24","slug":"honduras-fortalece-su-promocion-internacional-junto-a-procolombia","status":"publish","type":"post","link":"https:\/\/cni.hn\/en\/honduras-fortalece-su-promocion-internacional-junto-a-procolombia\/","title":{"rendered":"Honduras fortalece su promoci\u00f3n internacional junto a proColombia"},"content":{"rendered":"<div data-elementor-type=\"wp-post\" data-elementor-id=\"6544\" class=\"elementor elementor-6544\" data-elementor-post-type=\"post\">\n\t\t\t\t<div class=\"elementor-element elementor-element-27e40020 e-flex e-con-boxed e-con e-parent\" data-id=\"27e40020\" data-element_type=\"container\">\n\t\t\t\t\t<div class=\"e-con-inner\">\n\t\t\t\t<div class=\"elementor-element elementor-element-31d30637 elementor-widget elementor-widget-text-editor\" data-id=\"31d30637\" data-element_type=\"widget\" data-widget_type=\"text-editor.default\">\n\t\t\t\t<div class=\"elementor-widget-container\">\n\t\t\t\t\t\t\t\t\t\n<p>El Taller de Promoci\u00f3n de Inversiones, Exportaciones e Imagen Pa\u00eds consolida la cooperaci\u00f3n t\u00e9cnica entre el Consejo Nacional de Inversiones y ProColombia, en el marco del acuerdo firmado en 2024.<\/p>\n\n\n\n<p><\/p>\n\t\t\t\t\t\t\t\t<\/div>\n\t\t\t\t<\/div>\n\t\t\t\t\t<\/div>\n\t\t\t\t<\/div>\n\t\t<div class=\"elementor-element elementor-element-d2eb48f e-flex e-con-boxed e-con e-parent\" data-id=\"d2eb48f\" data-element_type=\"container\">\n\t\t\t\t\t<div class=\"e-con-inner\">\n\t\t\t\t<div class=\"elementor-element elementor-element-7cfa626 elementor-widget elementor-widget-text-editor\" data-id=\"7cfa626\" data-element_type=\"widget\" data-widget_type=\"text-editor.default\">\n\t\t\t\t<div class=\"elementor-widget-container\">\n\t\t\t\t\t\t\t\t\t<p>Tegucigalpa, 4 de noviembre de 2025.<\/p>\n<p>En el marco de la alianza estrat\u00e9gica entre el Consejo Nacional de Inversiones (CNI) y ProColombia, se desarroll\u00f3 este martes el Taller de Promoci\u00f3n de Inversiones, Exportaciones e Imagen Pa\u00eds, bajo el lema \u201cImpulsando la promoci\u00f3n internacional a trav\u00e9s del intercambio de buenas pr\u00e1cticas con ProColombia en inversi\u00f3n, exportaciones e imagen pa\u00eds.\u201d<\/p>\n<p>La jornada, celebrada en el Sal\u00f3n Augusto C. Coello de la Secretar\u00eda de Relaciones Exteriores y Cooperaci\u00f3n Internacional (SRECI), reuni\u00f3 a representantes de los sectores p\u00fablico y privado con el prop\u00f3sito de fortalecer las capacidades nacionales en atracci\u00f3n de inversiones, promoci\u00f3n de exportaciones y posicionamiento de la imagen pa\u00eds.<\/p>\n<p>Organizadores<\/p>\n<p>El evento fue organizado por el CNI, la SRECI y la Embajada de Colombia en Honduras, con la participaci\u00f3n virtual de expertos de ProColombia, quienes compartieron sus metodolog\u00edas, indicadores y estrategias de posicionamiento que han convertido a Colombia en un referente regional.<\/p>\n<p>Las presentaciones estuvieron a cargo de la Vicepresidencia de Inversi\u00f3n, la Vicepresidencia de Exportaciones y la Gerencia de Marca Pa\u00eds de ProColombia, cuyos representantes abordaron las experiencias de la agencia en el dise\u00f1o de campa\u00f1as internacionales, el fortalecimiento de la confianza inversionista y la generaci\u00f3n de oportunidades comerciales sostenibles.<\/p>\n<p>Cooperaci\u00f3n t\u00e9cnica<\/p>\n<p>La cooperaci\u00f3n entre el CNI y ProColombia se enmarca en el Memorando de Entendimiento (MOU) firmado el 5 de marzo de 2024 en Bogot\u00e1, acuerdo que establece l\u00edneas de trabajo conjunto en promoci\u00f3n de inversiones, asistencia t\u00e9cnica e intercambio de informaci\u00f3n estrat\u00e9gica.<\/p>\n<p>Este convenio ha fortalecido el aprendizaje institucional del CNI mediante la participaci\u00f3n en actividades internacionales como la Macrorrueda 100 de ProColombia, desarrollada en abril de 2024 en Cartagena de Indias, donde el ministro de Inversiones, Miguel Medina represent\u00f3 a Honduras en una de las principales plataformas de promoci\u00f3n comercial del continente.<\/p>\t\t\t\t\t\t\t\t<\/div>\n\t\t\t\t<\/div>\n\t\t\t\t<div class=\"elementor-element elementor-element-904ed70 elementor-widget elementor-widget-image\" data-id=\"904ed70\" data-element_type=\"widget\" data-widget_type=\"image.default\">\n\t\t\t\t<div class=\"elementor-widget-container\">\n\t\t\t\t\t\t\t\t\t\t\t\t\t\t\t<img fetchpriority=\"high\" decoding=\"async\" width=\"800\" height=\"534\" src=\"https:\/\/cni.hn\/wp-content\/uploads\/2025\/11\/WhatsApp-Image-2025-11-04-at-2.31.58-PM-1024x683.jpeg\" class=\"attachment-large size-large wp-image-6547\" alt=\"\" srcset=\"https:\/\/cni.hn\/wp-content\/uploads\/2025\/11\/WhatsApp-Image-2025-11-04-at-2.31.58-PM-1024x683.jpeg 1024w, https:\/\/cni.hn\/wp-content\/uploads\/2025\/11\/WhatsApp-Image-2025-11-04-at-2.31.58-PM-300x200.jpeg 300w, https:\/\/cni.hn\/wp-content\/uploads\/2025\/11\/WhatsApp-Image-2025-11-04-at-2.31.58-PM-768x512.jpeg 768w, https:\/\/cni.hn\/wp-content\/uploads\/2025\/11\/WhatsApp-Image-2025-11-04-at-2.31.58-PM-18x12.jpeg 18w, https:\/\/cni.hn\/wp-content\/uploads\/2025\/11\/WhatsApp-Image-2025-11-04-at-2.31.58-PM.jpeg 1536w\" sizes=\"(max-width: 800px) 100vw, 800px\" \/>\t\t\t\t\t\t\t\t\t\t\t\t\t\t\t<\/div>\n\t\t\t\t<\/div>\n\t\t\t\t<div class=\"elementor-element elementor-element-0d49e11 elementor-widget elementor-widget-text-editor\" data-id=\"0d49e11\" data-element_type=\"widget\" data-widget_type=\"text-editor.default\">\n\t\t\t\t<div class=\"elementor-widget-container\">\n\t\t\t\t\t\t\t\t\t<p>\u201cEsta cooperaci\u00f3n con ProColombia representa una oportunidad de aprendizaje institucional para seguir posicionando a Honduras como un pa\u00eds confiable, competitivo y abierto a los negocios. Compartir experiencias con una agencia l\u00edder en la regi\u00f3n fortalece nuestras capacidades y reafirma nuestro compromiso con una promoci\u00f3n de inversiones moderna y efectiva\u201d, expres\u00f3 Miguel Medina.<\/p>\n<p>Por su parte, el director de la Oficina del Tri\u00e1ngulo Norte de ProColombia, \u00d3scar Mart\u00ednez destac\u00f3 que: \u201cNos alegra compartir la experiencia acumulada de ProColombia con un aliado estrat\u00e9gico como Honduras. Este taller es una muestra tangible de c\u00f3mo la cooperaci\u00f3n t\u00e9cnica impulsa el desarrollo conjunto, la atracci\u00f3n de inversiones y la construcci\u00f3n de una imagen pa\u00eds s\u00f3lida para Am\u00e9rica Latina.\u201d<\/p>\n<p>Participantes<\/p>\n<p>El taller cont\u00f3 con la participaci\u00f3n de catorce entidades hondure\u00f1as del sector p\u00fablico y privado, evidenciando la articulaci\u00f3n institucional que impulsa la atracci\u00f3n de inversiones en el pa\u00eds.<\/p>\n<p>Entre las instituciones participantes destacaron el Consejo Hondure\u00f1o de la Empresa Privada (COHEP), m\u00e1xima instancia de representaci\u00f3n del sector privado; la Asociaci\u00f3n Hondure\u00f1a de Maquiladores (AHM), referente del r\u00e9gimen de zonas francas y motor del desarrollo productivo nacional; la C\u00e1mara Hondure\u00f1a de la Industria de la Construcci\u00f3n (CHICO), actor relevante del sector infraestructura; y la C\u00e1mara Nacional de Turismo de Honduras (CANATURH), entidad c\u00fapula del turismo privado en el pa\u00eds.<\/p>\n<p>Tambi\u00e9n participaron otras instituciones vinculadas al comercio, turismo, agricultura y promoci\u00f3n econ\u00f3mica, reafirmando el compromiso conjunto de fortalecer la imagen de Honduras como un destino confiable y competitivo para la inversi\u00f3n.<\/p>\n<p>ProColombia<\/p>\n<p>ProColombia es la agencia gubernamental adscrita al Ministerio de Comercio, Industria y Turismo de la Rep\u00fablica de Colombia, responsable de promover las exportaciones no mineras, el turismo internacional y la inversi\u00f3n extranjera directa. Con sede en Bogot\u00e1 y una red de oficinas en m\u00e1s de 25 pa\u00edses, es reconocida como una de las agencias de promoci\u00f3n m\u00e1s s\u00f3lidas y exitosas de Am\u00e9rica Latina.<\/p>\n<p>Visi\u00f3n institucional y liderazgo regional<br \/>Estas acciones, enmarcadas en el Plan Estrat\u00e9gico del CNI y alineadas con su Visi\u00f3n Institucional al 2030, consolidan los esfuerzos de Honduras por fortalecer su posicionamiento internacional y atraer inversiones sostenibles.<\/p>\n<p>Dicho proceso se ver\u00e1 potenciado en 2026, cuando el CNI asuma la Direcci\u00f3n Regional para Centroam\u00e9rica y el Caribe de la Asociaci\u00f3n Mundial de Agencias de Promoci\u00f3n de Inversiones (WAIPA), liderazgo que permitir\u00e1 proyectar la experiencia hondure\u00f1a hacia otros pa\u00edses de la regi\u00f3n y ampliar las oportunidades de cooperaci\u00f3n t\u00e9cnica e inversi\u00f3n.<\/p>\t\t\t\t\t\t\t\t<\/div>\n\t\t\t\t<\/div>\n\t\t\t\t\t<\/div>\n\t\t\t\t<\/div>\n\t\t<div class=\"elementor-element elementor-element-0f61edf e-flex e-con-boxed e-con e-parent\" data-id=\"0f61edf\" data-element_type=\"container\">\n\t\t\t\t\t<div class=\"e-con-inner\">\n\t\t<div class=\"elementor-element elementor-element-12e3616 e-con-full e-flex e-con e-child\" data-id=\"12e3616\" data-element_type=\"container\">\n\t\t\t\t<div class=\"elementor-element elementor-element-81694cf elementor-widget elementor-widget-image\" data-id=\"81694cf\" data-element_type=\"widget\" data-widget_type=\"image.default\">\n\t\t\t\t<div class=\"elementor-widget-container\">\n\t\t\t\t\t\t\t\t\t\t\t\t\t\t\t<img decoding=\"async\" width=\"800\" height=\"534\" src=\"https:\/\/cni.hn\/wp-content\/uploads\/2025\/11\/WhatsApp-Image-2025-11-04-at-2.31.58-PM-1-1024x683.jpeg\" class=\"attachment-large size-large wp-image-6546\" alt=\"\" srcset=\"https:\/\/cni.hn\/wp-content\/uploads\/2025\/11\/WhatsApp-Image-2025-11-04-at-2.31.58-PM-1-1024x683.jpeg 1024w, https:\/\/cni.hn\/wp-content\/uploads\/2025\/11\/WhatsApp-Image-2025-11-04-at-2.31.58-PM-1-300x200.jpeg 300w, https:\/\/cni.hn\/wp-content\/uploads\/2025\/11\/WhatsApp-Image-2025-11-04-at-2.31.58-PM-1-768x512.jpeg 768w, https:\/\/cni.hn\/wp-content\/uploads\/2025\/11\/WhatsApp-Image-2025-11-04-at-2.31.58-PM-1-18x12.jpeg 18w, https:\/\/cni.hn\/wp-content\/uploads\/2025\/11\/WhatsApp-Image-2025-11-04-at-2.31.58-PM-1.jpeg 1536w\" sizes=\"(max-width: 800px) 100vw, 800px\" \/>\t\t\t\t\t\t\t\t\t\t\t\t\t\t\t<\/div>\n\t\t\t\t<\/div>\n\t\t\t\t<\/div>\n\t\t<div class=\"elementor-element elementor-element-f6ed37d e-con-full e-flex e-con e-child\" data-id=\"f6ed37d\" data-element_type=\"container\">\n\t\t\t\t<div class=\"elementor-element elementor-element-600e64d elementor-widget elementor-widget-text-editor\" data-id=\"600e64d\" data-element_type=\"widget\" data-widget_type=\"text-editor.default\">\n\t\t\t\t<div class=\"elementor-widget-container\">\n\t\t\t\t\t\t\t\t\t<p>De inter\u00e9s<\/p>\n<p>* El Taller de Promoci\u00f3n de Inversiones, Exportaciones e Imagen Pa\u00eds reafirma la cooperaci\u00f3n entre el CNI y ProColombia, iniciada con la firma del MOU en marzo de 2024.<\/p>\n<p>* M\u00e1s de 14 instituciones hondure\u00f1as participaron en este intercambio de experiencias orientado a fortalecer la atracci\u00f3n de inversiones, las exportaciones y la proyecci\u00f3n internacional del pa\u00eds.<\/p>\t\t\t\t\t\t\t\t<\/div>\n\t\t\t\t<\/div>\n\t\t\t\t<\/div>\n\t\t\t\t\t<\/div>\n\t\t\t\t<\/div>\n\t\t\t\t<\/div>","protected":false},"excerpt":{"rendered":"<p>El Taller de Promoci\u00f3n de Inversiones, Exportaciones e Imagen Pa\u00eds consolida la cooperaci\u00f3n t\u00e9cnica entre el Consejo Nacional de Inversiones y ProColombia, en el marco del acuerdo firmado en 2024. Tegucigalpa, 4 de noviembre de 2025. En el marco de la alianza estrat\u00e9gica entre el Consejo Nacional de Inversiones (CNI) y ProColombia, se desarroll\u00f3 este [&hellip;]<\/p>","protected":false},"author":4,"featured_media":6545,"comment_status":"closed","ping_status":"closed","sticky":false,"template":"","format":"standard","meta":{"footnotes":""},"categories":[1],"tags":[],"sector_relacionado":[],"class_list":["post-6544","post","type-post","status-publish","format-standard","has-post-thumbnail","hentry","category-prensa"],"yoast_head":"<!-- This site is optimized with the Yoast SEO plugin v24.8.1 - https:\/\/yoast.com\/wordpress\/plugins\/seo\/ -->\n<title>Honduras fortalece su promoci\u00f3n internacional junto a proColombia - CNI Honduras<\/title>\n<meta name=\"robots\" content=\"index, follow, max-snippet:-1, max-image-preview:large, max-video-preview:-1\" \/>\n<link rel=\"canonical\" href=\"https:\/\/cni.hn\/en\/honduras-fortalece-su-promocion-internacional-junto-a-procolombia\/\" \/>\n<meta property=\"og:locale\" content=\"en_US\" \/>\n<meta property=\"og:type\" content=\"article\" \/>\n<meta property=\"og:title\" content=\"Honduras fortalece su promoci\u00f3n internacional junto a proColombia - CNI Honduras\" \/>\n<meta property=\"og:description\" content=\"El Taller de Promoci\u00f3n de Inversiones, Exportaciones e Imagen Pa\u00eds consolida la cooperaci\u00f3n t\u00e9cnica entre el Consejo Nacional de Inversiones y ProColombia, en el marco del acuerdo firmado en 2024. Tegucigalpa, 4 de noviembre de 2025. En el marco de la alianza estrat\u00e9gica entre el Consejo Nacional de Inversiones (CNI) y ProColombia, se desarroll\u00f3 este [&hellip;]\" \/>\n<meta property=\"og:url\" content=\"https:\/\/cni.hn\/en\/honduras-fortalece-su-promocion-internacional-junto-a-procolombia\/\" \/>\n<meta property=\"og:site_name\" content=\"CNI Honduras\" \/>\n<meta property=\"article:published_time\" content=\"2025-11-04T21:30:31+00:00\" \/>\n<meta property=\"article:modified_time\" content=\"2025-11-04T21:49:24+00:00\" \/>\n<meta property=\"og:image\" content=\"https:\/\/cni.hn\/wp-content\/uploads\/2025\/11\/WhatsApp-Image-2025-11-04-at-2.31.58-PM-2.jpeg\" \/>\n\t<meta property=\"og:image:width\" content=\"1536\" \/>\n\t<meta property=\"og:image:height\" content=\"1024\" \/>\n\t<meta property=\"og:image:type\" content=\"image\/jpeg\" \/>\n<meta name=\"author\" content=\"Soporte CNI\" \/>\n<meta name=\"twitter:card\" content=\"summary_large_image\" \/>\n<meta name=\"twitter:label1\" content=\"Written by\" \/>\n\t<meta name=\"twitter:data1\" content=\"Soporte CNI\" \/>\n\t<meta name=\"twitter:label2\" content=\"Est. reading time\" \/>\n\t<meta name=\"twitter:data2\" content=\"4 minutes\" \/>\n<script type=\"application\/ld+json\" class=\"yoast-schema-graph\">{\"@context\":\"https:\/\/schema.org\",\"@graph\":[{\"@type\":\"Article\",\"@id\":\"https:\/\/cni.hn\/honduras-fortalece-su-promocion-internacional-junto-a-procolombia\/#article\",\"isPartOf\":{\"@id\":\"https:\/\/cni.hn\/honduras-fortalece-su-promocion-internacional-junto-a-procolombia\/\"},\"author\":{\"name\":\"Soporte CNI\",\"@id\":\"https:\/\/cni.hn\/#\/schema\/person\/e3fb9ab79c87824b15ea2a4a8412e79b\"},\"headline\":\"Honduras fortalece su promoci\u00f3n internacional junto a proColombia\",\"datePublished\":\"2025-11-04T21:30:31+00:00\",\"dateModified\":\"2025-11-04T21:49:24+00:00\",\"mainEntityOfPage\":{\"@id\":\"https:\/\/cni.hn\/honduras-fortalece-su-promocion-internacional-junto-a-procolombia\/\"},\"wordCount\":876,\"publisher\":{\"@id\":\"https:\/\/cni.hn\/#organization\"},\"image\":{\"@id\":\"https:\/\/cni.hn\/honduras-fortalece-su-promocion-internacional-junto-a-procolombia\/#primaryimage\"},\"thumbnailUrl\":\"https:\/\/cni.hn\/wp-content\/uploads\/2025\/11\/WhatsApp-Image-2025-11-04-at-2.31.58-PM-2.jpeg\",\"articleSection\":[\"Sala de Prensa\"],\"inLanguage\":\"en-US\"},{\"@type\":\"WebPage\",\"@id\":\"https:\/\/cni.hn\/honduras-fortalece-su-promocion-internacional-junto-a-procolombia\/\",\"url\":\"https:\/\/cni.hn\/honduras-fortalece-su-promocion-internacional-junto-a-procolombia\/\",\"name\":\"Honduras fortalece su promoci\u00f3n internacional junto a proColombia - CNI Honduras\",\"isPartOf\":{\"@id\":\"https:\/\/cni.hn\/#website\"},\"primaryImageOfPage\":{\"@id\":\"https:\/\/cni.hn\/honduras-fortalece-su-promocion-internacional-junto-a-procolombia\/#primaryimage\"},\"image\":{\"@id\":\"https:\/\/cni.hn\/honduras-fortalece-su-promocion-internacional-junto-a-procolombia\/#primaryimage\"},\"thumbnailUrl\":\"https:\/\/cni.hn\/wp-content\/uploads\/2025\/11\/WhatsApp-Image-2025-11-04-at-2.31.58-PM-2.jpeg\",\"datePublished\":\"2025-11-04T21:30:31+00:00\",\"dateModified\":\"2025-11-04T21:49:24+00:00\",\"breadcrumb\":{\"@id\":\"https:\/\/cni.hn\/honduras-fortalece-su-promocion-internacional-junto-a-procolombia\/#breadcrumb\"},\"inLanguage\":\"en-US\",\"potentialAction\":[{\"@type\":\"ReadAction\",\"target\":[\"https:\/\/cni.hn\/honduras-fortalece-su-promocion-internacional-junto-a-procolombia\/\"]}]},{\"@type\":\"ImageObject\",\"inLanguage\":\"en-US\",\"@id\":\"https:\/\/cni.hn\/honduras-fortalece-su-promocion-internacional-junto-a-procolombia\/#primaryimage\",\"url\":\"https:\/\/cni.hn\/wp-content\/uploads\/2025\/11\/WhatsApp-Image-2025-11-04-at-2.31.58-PM-2.jpeg\",\"contentUrl\":\"https:\/\/cni.hn\/wp-content\/uploads\/2025\/11\/WhatsApp-Image-2025-11-04-at-2.31.58-PM-2.jpeg\",\"width\":1536,\"height\":1024},{\"@type\":\"BreadcrumbList\",\"@id\":\"https:\/\/cni.hn\/honduras-fortalece-su-promocion-internacional-junto-a-procolombia\/#breadcrumb\",\"itemListElement\":[{\"@type\":\"ListItem\",\"position\":1,\"name\":\"Home\",\"item\":\"https:\/\/cni.hn\/\"},{\"@type\":\"ListItem\",\"position\":2,\"name\":\"Honduras fortalece su promoci\u00f3n internacional junto a proColombia\"}]},{\"@type\":\"WebSite\",\"@id\":\"https:\/\/cni.hn\/#website\",\"url\":\"https:\/\/cni.hn\/\",\"name\":\"CNI Honduras\",\"description\":\"\",\"publisher\":{\"@id\":\"https:\/\/cni.hn\/#organization\"},\"potentialAction\":[{\"@type\":\"SearchAction\",\"target\":{\"@type\":\"EntryPoint\",\"urlTemplate\":\"https:\/\/cni.hn\/?s={search_term_string}\"},\"query-input\":{\"@type\":\"PropertyValueSpecification\",\"valueRequired\":true,\"valueName\":\"search_term_string\"}}],\"inLanguage\":\"en-US\"},{\"@type\":\"Organization\",\"@id\":\"https:\/\/cni.hn\/#organization\",\"name\":\"CNI Honduras\",\"url\":\"https:\/\/cni.hn\/\",\"logo\":{\"@type\":\"ImageObject\",\"inLanguage\":\"en-US\",\"@id\":\"https:\/\/cni.hn\/#\/schema\/logo\/image\/\",\"url\":\"https:\/\/cni.hn\/wp-content\/uploads\/2024\/10\/logo-cni.png\",\"contentUrl\":\"https:\/\/cni.hn\/wp-content\/uploads\/2024\/10\/logo-cni.png\",\"width\":390,\"height\":390,\"caption\":\"CNI Honduras\"},\"image\":{\"@id\":\"https:\/\/cni.hn\/#\/schema\/logo\/image\/\"}},{\"@type\":\"Person\",\"@id\":\"https:\/\/cni.hn\/#\/schema\/person\/e3fb9ab79c87824b15ea2a4a8412e79b\",\"name\":\"Soporte CNI\",\"image\":{\"@type\":\"ImageObject\",\"inLanguage\":\"en-US\",\"@id\":\"https:\/\/cni.hn\/#\/schema\/person\/image\/\",\"url\":\"https:\/\/secure.gravatar.com\/avatar\/1d3c4cfb33e4116e8bc07e3f76748ce05075870d4770dabd0f3489f0d422d65f?s=96&d=mm&r=g\",\"contentUrl\":\"https:\/\/secure.gravatar.com\/avatar\/1d3c4cfb33e4116e8bc07e3f76748ce05075870d4770dabd0f3489f0d422d65f?s=96&d=mm&r=g\",\"caption\":\"Soporte CNI\"},\"url\":\"https:\/\/cni.hn\/en\/author\/soporte-it\/\"}]}<\/script>\n<!-- \/ Yoast SEO plugin. -->","yoast_head_json":{"title":"Honduras fortalece su promoci\u00f3n internacional junto a proColombia - CNI Honduras","robots":{"index":"index","follow":"follow","max-snippet":"max-snippet:-1","max-image-preview":"max-image-preview:large","max-video-preview":"max-video-preview:-1"},"canonical":"https:\/\/cni.hn\/en\/honduras-fortalece-su-promocion-internacional-junto-a-procolombia\/","og_locale":"en_US","og_type":"article","og_title":"Honduras fortalece su promoci\u00f3n internacional junto a proColombia - CNI Honduras","og_description":"El Taller de Promoci\u00f3n de Inversiones, Exportaciones e Imagen Pa\u00eds consolida la cooperaci\u00f3n t\u00e9cnica entre el Consejo Nacional de Inversiones y ProColombia, en el marco del acuerdo firmado en 2024. Tegucigalpa, 4 de noviembre de 2025. En el marco de la alianza estrat\u00e9gica entre el Consejo Nacional de Inversiones (CNI) y ProColombia, se desarroll\u00f3 este [&hellip;]","og_url":"https:\/\/cni.hn\/en\/honduras-fortalece-su-promocion-internacional-junto-a-procolombia\/","og_site_name":"CNI Honduras","article_published_time":"2025-11-04T21:30:31+00:00","article_modified_time":"2025-11-04T21:49:24+00:00","og_image":[{"width":1536,"height":1024,"url":"https:\/\/cni.hn\/wp-content\/uploads\/2025\/11\/WhatsApp-Image-2025-11-04-at-2.31.58-PM-2.jpeg","type":"image\/jpeg"}],"author":"Soporte CNI","twitter_card":"summary_large_image","twitter_misc":{"Written by":"Soporte CNI","Est. reading time":"4 minutes"},"schema":{"@context":"https:\/\/schema.org","@graph":[{"@type":"Article","@id":"https:\/\/cni.hn\/honduras-fortalece-su-promocion-internacional-junto-a-procolombia\/#article","isPartOf":{"@id":"https:\/\/cni.hn\/honduras-fortalece-su-promocion-internacional-junto-a-procolombia\/"},"author":{"name":"Soporte CNI","@id":"https:\/\/cni.hn\/#\/schema\/person\/e3fb9ab79c87824b15ea2a4a8412e79b"},"headline":"Honduras fortalece su promoci\u00f3n internacional junto a proColombia","datePublished":"2025-11-04T21:30:31+00:00","dateModified":"2025-11-04T21:49:24+00:00","mainEntityOfPage":{"@id":"https:\/\/cni.hn\/honduras-fortalece-su-promocion-internacional-junto-a-procolombia\/"},"wordCount":876,"publisher":{"@id":"https:\/\/cni.hn\/#organization"},"image":{"@id":"https:\/\/cni.hn\/honduras-fortalece-su-promocion-internacional-junto-a-procolombia\/#primaryimage"},"thumbnailUrl":"https:\/\/cni.hn\/wp-content\/uploads\/2025\/11\/WhatsApp-Image-2025-11-04-at-2.31.58-PM-2.jpeg","articleSection":["Sala de Prensa"],"inLanguage":"en-US"},{"@type":"WebPage","@id":"https:\/\/cni.hn\/honduras-fortalece-su-promocion-internacional-junto-a-procolombia\/","url":"https:\/\/cni.hn\/honduras-fortalece-su-promocion-internacional-junto-a-procolombia\/","name":"Honduras fortalece su promoci\u00f3n internacional junto a proColombia - CNI Honduras","isPartOf":{"@id":"https:\/\/cni.hn\/#website"},"primaryImageOfPage":{"@id":"https:\/\/cni.hn\/honduras-fortalece-su-promocion-internacional-junto-a-procolombia\/#primaryimage"},"image":{"@id":"https:\/\/cni.hn\/honduras-fortalece-su-promocion-internacional-junto-a-procolombia\/#primaryimage"},"thumbnailUrl":"https:\/\/cni.hn\/wp-content\/uploads\/2025\/11\/WhatsApp-Image-2025-11-04-at-2.31.58-PM-2.jpeg","datePublished":"2025-11-04T21:30:31+00:00","dateModified":"2025-11-04T21:49:24+00:00","breadcrumb":{"@id":"https:\/\/cni.hn\/honduras-fortalece-su-promocion-internacional-junto-a-procolombia\/#breadcrumb"},"inLanguage":"en-US","potentialAction":[{"@type":"ReadAction","target":["https:\/\/cni.hn\/honduras-fortalece-su-promocion-internacional-junto-a-procolombia\/"]}]},{"@type":"ImageObject","inLanguage":"en-US","@id":"https:\/\/cni.hn\/honduras-fortalece-su-promocion-internacional-junto-a-procolombia\/#primaryimage","url":"https:\/\/cni.hn\/wp-content\/uploads\/2025\/11\/WhatsApp-Image-2025-11-04-at-2.31.58-PM-2.jpeg","contentUrl":"https:\/\/cni.hn\/wp-content\/uploads\/2025\/11\/WhatsApp-Image-2025-11-04-at-2.31.58-PM-2.jpeg","width":1536,"height":1024},{"@type":"BreadcrumbList","@id":"https:\/\/cni.hn\/honduras-fortalece-su-promocion-internacional-junto-a-procolombia\/#breadcrumb","itemListElement":[{"@type":"ListItem","position":1,"name":"Home","item":"https:\/\/cni.hn\/"},{"@type":"ListItem","position":2,"name":"Honduras fortalece su promoci\u00f3n internacional junto a proColombia"}]},{"@type":"WebSite","@id":"https:\/\/cni.hn\/#website","url":"https:\/\/cni.hn\/","name":"CNI Honduras","description":"","publisher":{"@id":"https:\/\/cni.hn\/#organization"},"potentialAction":[{"@type":"SearchAction","target":{"@type":"EntryPoint","urlTemplate":"https:\/\/cni.hn\/?s={search_term_string}"},"query-input":{"@type":"PropertyValueSpecification","valueRequired":true,"valueName":"search_term_string"}}],"inLanguage":"en-US"},{"@type":"Organization","@id":"https:\/\/cni.hn\/#organization","name":"CNI Honduras","url":"https:\/\/cni.hn\/","logo":{"@type":"ImageObject","inLanguage":"en-US","@id":"https:\/\/cni.hn\/#\/schema\/logo\/image\/","url":"https:\/\/cni.hn\/wp-content\/uploads\/2024\/10\/logo-cni.png","contentUrl":"https:\/\/cni.hn\/wp-content\/uploads\/2024\/10\/logo-cni.png","width":390,"height":390,"caption":"CNI Honduras"},"image":{"@id":"https:\/\/cni.hn\/#\/schema\/logo\/image\/"}},{"@type":"Person","@id":"https:\/\/cni.hn\/#\/schema\/person\/e3fb9ab79c87824b15ea2a4a8412e79b","name":"Soporte CNI","image":{"@type":"ImageObject","inLanguage":"en-US","@id":"https:\/\/cni.hn\/#\/schema\/person\/image\/","url":"https:\/\/secure.gravatar.com\/avatar\/1d3c4cfb33e4116e8bc07e3f76748ce05075870d4770dabd0f3489f0d422d65f?s=96&d=mm&r=g","contentUrl":"https:\/\/secure.gravatar.com\/avatar\/1d3c4cfb33e4116e8bc07e3f76748ce05075870d4770dabd0f3489f0d422d65f?s=96&d=mm&r=g","caption":"Soporte CNI"},"url":"https:\/\/cni.hn\/en\/author\/soporte-it\/"}]}},"_links":{"self":[{"href":"https:\/\/cni.hn\/en\/wp-json\/wp\/v2\/posts\/6544","targetHints":{"allow":["GET"]}}],"collection":[{"href":"https:\/\/cni.hn\/en\/wp-json\/wp\/v2\/posts"}],"about":[{"href":"https:\/\/cni.hn\/en\/wp-json\/wp\/v2\/types\/post"}],"author":[{"embeddable":true,"href":"https:\/\/cni.hn\/en\/wp-json\/wp\/v2\/users\/4"}],"replies":[{"embeddable":true,"href":"https:\/\/cni.hn\/en\/wp-json\/wp\/v2\/comments?post=6544"}],"version-history":[{"count":0,"href":"https:\/\/cni.hn\/en\/wp-json\/wp\/v2\/posts\/6544\/revisions"}],"wp:featuredmedia":[{"embeddable":true,"href":"https:\/\/cni.hn\/en\/wp-json\/wp\/v2\/media\/6545"}],"wp:attachment":[{"href":"https:\/\/cni.hn\/en\/wp-json\/wp\/v2\/media?parent=6544"}],"wp:term":[{"taxonomy":"category","embeddable":true,"href":"https:\/\/cni.hn\/en\/wp-json\/wp\/v2\/categories?post=6544"},{"taxonomy":"post_tag","embeddable":true,"href":"https:\/\/cni.hn\/en\/wp-json\/wp\/v2\/tags?post=6544"},{"taxonomy":"sector_relacionado","embeddable":true,"href":"https:\/\/cni.hn\/en\/wp-json\/wp\/v2\/sector_relacionado?post=6544"}],"curies":[{"name":"wp","href":"https:\/\/api.w.org\/{rel}","templated":true}]}}