{"id":6522,"date":"2025-10-31T18:25:02","date_gmt":"2025-10-31T18:25:02","guid":{"rendered":"https:\/\/cni.hn\/?p=6522"},"modified":"2025-10-31T18:57:43","modified_gmt":"2025-10-31T18:57:43","slug":"honduras-y-japon-refuerzan-cooperacion-tecnica-y-sostenible","status":"publish","type":"post","link":"https:\/\/cni.hn\/en\/honduras-y-japon-refuerzan-cooperacion-tecnica-y-sostenible\/","title":{"rendered":"Honduras y Jap\u00f3n refuerzan cooperaci\u00f3n t\u00e9cnica y sostenible"},"content":{"rendered":"<div data-elementor-type=\"wp-post\" data-elementor-id=\"6522\" class=\"elementor elementor-6522\" data-elementor-post-type=\"post\">\n\t\t\t\t<div class=\"elementor-element elementor-element-c31a328 e-flex e-con-boxed e-con e-parent\" data-id=\"c31a328\" data-element_type=\"container\">\n\t\t\t\t\t<div class=\"e-con-inner\">\n\t\t\t\t<div class=\"elementor-element elementor-element-5acd21c elementor-widget elementor-widget-text-editor\" data-id=\"5acd21c\" data-element_type=\"widget\" data-widget_type=\"text-editor.default\">\n\t\t\t\t<div class=\"elementor-widget-container\">\n\t\t\t\t\t\t\t\t\t<p>El CNI y la Agencia de Cooperaci\u00f3n Internacional del Jap\u00f3n (JICA) dan seguimiento a proyectos conjuntos en inversi\u00f3n, medio ambiente y desarrollo productivo.<\/p><p>Tegucigalpa, M.D.C., 27 de octubre de 2025.<\/p><p>El ministro y secretario ejecutivo del Consejo Nacional de Inversiones (CNI), Miguel Medina, sostuvo una reuni\u00f3n de seguimiento con el representante residente de la Agencia de Cooperaci\u00f3n Internacional del Jap\u00f3n (JICA) en Honduras, Atsunori Kadoya, con el prop\u00f3sito de fortalecer la agenda bilateral en \u00e1reas estrat\u00e9gicas vinculadas con la inversi\u00f3n sostenible y la cooperaci\u00f3n t\u00e9cnica.<\/p><p>Durante el encuentro se revisaron los temas abordados en la reciente visita oficial a Tokio, Jap\u00f3n, donde el CNI plante\u00f3 ante la vicepresidenta senior de JICA, Imoto Sachiko, tres \u00e1reas de cooperaci\u00f3n prioritaria.<\/p>\t\t\t\t\t\t\t\t<\/div>\n\t\t\t\t<\/div>\n\t\t\t\t\t<\/div>\n\t\t\t\t<\/div>\n\t\t<div class=\"elementor-element elementor-element-05f640e e-flex e-con-boxed e-con e-parent\" data-id=\"05f640e\" data-element_type=\"container\">\n\t\t\t\t\t<div class=\"e-con-inner\">\n\t\t\t\t<div class=\"elementor-element elementor-element-a69f857 elementor-widget elementor-widget-heading\" data-id=\"a69f857\" data-element_type=\"widget\" data-widget_type=\"heading.default\">\n\t\t\t\t<div class=\"elementor-widget-container\">\n\t\t\t\t\t<h2 class=\"elementor-heading-title elementor-size-default\">\u00c1reas de inter\u00e9s<\/h2>\t\t\t\t<\/div>\n\t\t\t\t<\/div>\n\t\t\t\t\t<\/div>\n\t\t\t\t<\/div>\n\t\t<div class=\"elementor-element elementor-element-8c59c45 e-flex e-con-boxed e-con e-parent\" data-id=\"8c59c45\" data-element_type=\"container\">\n\t\t\t\t\t<div class=\"e-con-inner\">\n\t\t\t\t<div class=\"elementor-element elementor-element-9bebb68 elementor-widget elementor-widget-text-editor\" data-id=\"9bebb68\" data-element_type=\"widget\" data-widget_type=\"text-editor.default\">\n\t\t\t\t<div class=\"elementor-widget-container\">\n\t\t\t\t\t\t\t\t\t<p>La primera est\u00e1 orientada al fortalecimiento de capacidades t\u00e9cnicas y programas de formaci\u00f3n especializada para el personal del Consejo Nacional de Inversiones, con el fin de elevar la calidad institucional y potenciar las competencias del equipo t\u00e9cnico encargado de la promoci\u00f3n y facilitaci\u00f3n de inversiones en el pa\u00eds.<\/p><p>En esta l\u00ednea, Kadoya reafirm\u00f3 su disposici\u00f3n de acompa\u00f1ar al CNI mediante una agenda de cooperaci\u00f3n que incluye asistencia t\u00e9cnica, formaci\u00f3n y estudios especializados.<\/p><p>Entre ellos, propuso la elaboraci\u00f3n de un Estudio Maestro de Inversi\u00f3n que permita identificar otros sectores priorizados para Honduras (adicionales a los existentes) y facilitar la apertura de oficinas regionales del CNI en zonas estrat\u00e9gicas fortaleciendo as\u00ed la presencia institucional en regiones con alto potencial productivo y tur\u00edstico.<\/p><p>En segundo t\u00e9rmino, se abord\u00f3 la asistencia t\u00e9cnica para la expansi\u00f3n y cultivo de arrecifes de coral en los museos de Tela y Roat\u00e1n, una iniciativa que busca fortalecer los esfuerzos de conservaci\u00f3n ambiental y potenciar el desarrollo del turismo sostenible en las zonas costeras del Caribe hondure\u00f1o.<\/p><p>Finalmente, se destac\u00f3 la solicitud de apoyo al sector cafetalero, con \u00e9nfasis en la sostenibilidad, la innovaci\u00f3n y la generaci\u00f3n de valor agregado a la producci\u00f3n nacional, alineando los esfuerzos de cooperaci\u00f3n con los objetivos de diversificaci\u00f3n productiva y desarrollo inclusivo que impulsa el Gobierno de Honduras.<\/p><p>El ministro Miguel Medina subray\u00f3 que estas iniciativas reflejan el compromiso del Gobierno de Honduras por consolidar alianzas que impulsen la productividad, la sostenibilidad y el desarrollo econ\u00f3mico.<\/p><p>\u201cAgradecemos de antemano su atenci\u00f3n y apoyo para dar seguimiento a estas iniciativas, que consideramos de gran importancia para promover la inversi\u00f3n, la sostenibilidad y el desarrollo econ\u00f3mico de nuestro pa\u00eds. Confiamos en que esta relaci\u00f3n de cooperaci\u00f3n continuar\u00e1 fortaleci\u00e9ndose y contribuyendo al crecimiento econ\u00f3mico y social de Honduras\u201d, expres\u00f3 Medina.<\/p>\t\t\t\t\t\t\t\t<\/div>\n\t\t\t\t<\/div>\n\t\t\t\t\t<\/div>\n\t\t\t\t<\/div>\n\t\t<div class=\"elementor-element elementor-element-78a7c0e e-flex e-con-boxed e-con e-parent\" data-id=\"78a7c0e\" data-element_type=\"container\">\n\t\t\t\t\t<div class=\"e-con-inner\">\n\t\t\t\t<div class=\"elementor-element elementor-element-055bfd2 elementor-widget elementor-widget-image\" data-id=\"055bfd2\" data-element_type=\"widget\" data-widget_type=\"image.default\">\n\t\t\t\t<div class=\"elementor-widget-container\">\n\t\t\t\t\t\t\t\t\t\t\t\t\t\t\t<img fetchpriority=\"high\" decoding=\"async\" width=\"800\" height=\"533\" src=\"https:\/\/cni.hn\/wp-content\/uploads\/2025\/10\/03_japon_cni-1024x682.jpg\" class=\"attachment-large size-large wp-image-6525\" alt=\"\" srcset=\"https:\/\/cni.hn\/wp-content\/uploads\/2025\/10\/03_japon_cni-1024x682.jpg 1024w, https:\/\/cni.hn\/wp-content\/uploads\/2025\/10\/03_japon_cni-300x200.jpg 300w, https:\/\/cni.hn\/wp-content\/uploads\/2025\/10\/03_japon_cni-768x512.jpg 768w, https:\/\/cni.hn\/wp-content\/uploads\/2025\/10\/03_japon_cni-1536x1023.jpg 1536w, https:\/\/cni.hn\/wp-content\/uploads\/2025\/10\/03_japon_cni-18x12.jpg 18w, https:\/\/cni.hn\/wp-content\/uploads\/2025\/10\/03_japon_cni.jpg 1600w\" sizes=\"(max-width: 800px) 100vw, 800px\" \/>\t\t\t\t\t\t\t\t\t\t\t\t\t\t\t<\/div>\n\t\t\t\t<\/div>\n\t\t\t\t\t<\/div>\n\t\t\t\t<\/div>\n\t\t<div class=\"elementor-element elementor-element-1132a7b e-flex e-con-boxed e-con e-parent\" data-id=\"1132a7b\" data-element_type=\"container\">\n\t\t\t\t\t<div class=\"e-con-inner\">\n\t\t\t\t<div class=\"elementor-element elementor-element-c772416 elementor-widget elementor-widget-heading\" data-id=\"c772416\" data-element_type=\"widget\" data-widget_type=\"heading.default\">\n\t\t\t\t<div class=\"elementor-widget-container\">\n\t\t\t\t\t<h2 class=\"elementor-heading-title elementor-size-default\">Relaci\u00f3n de amistad y cooperaci\u00f3n<\/h2>\t\t\t\t<\/div>\n\t\t\t\t<\/div>\n\t\t\t\t\t<\/div>\n\t\t\t\t<\/div>\n\t\t<div class=\"elementor-element elementor-element-192c283 e-flex e-con-boxed e-con e-parent\" data-id=\"192c283\" data-element_type=\"container\">\n\t\t\t\t\t<div class=\"e-con-inner\">\n\t\t\t\t<div class=\"elementor-element elementor-element-f4713cc elementor-widget elementor-widget-text-editor\" data-id=\"f4713cc\" data-element_type=\"widget\" data-widget_type=\"text-editor.default\">\n\t\t\t\t<div class=\"elementor-widget-container\">\n\t\t\t\t\t\t\t\t\t<p>La relaci\u00f3n entre el CNI y JICA se enmarca en una trayectoria de m\u00e1s de seis d\u00e9cadas de cooperaci\u00f3n entre Honduras y Jap\u00f3n, caracterizada por proyectos de alto impacto en infraestructura, desarrollo humano y gesti\u00f3n ambiental. En ese contexto, JICA ha promovido recientemente el Proyecto de Mejora Log\u00edstica en Centroam\u00e9rica, junto a la SIECA y el SICA, con el objetivo de optimizar procesos comerciales y atraer nuevas inversiones a la regi\u00f3n.<\/p><p>Por su parte, Atsunori Kadoya, representante residente de JICA en Honduras, lidera los programas de cooperaci\u00f3n bilateral orientados al fortalecimiento institucional, la educaci\u00f3n y la gesti\u00f3n del riesgo. Bajo su liderazgo, JICA ha impulsado proyectos emblem\u00e1ticos como la construcci\u00f3n del Puente Guacirope en la carretera Panamericana y los programas de intercambio acad\u00e9mico con la Universidad Nacional Aut\u00f3noma de Honduras (UNAH), reafirmando la visi\u00f3n japonesa de una cooperaci\u00f3n humana, sostenible y adaptada a las necesidades reales del pa\u00eds.<\/p><p>La reuni\u00f3n de seguimiento consolida el compromiso del CNI de continuar estrechando los lazos con Jap\u00f3n y de promover proyectos que integren innovaci\u00f3n, inversi\u00f3n y sostenibilidad como pilares del desarrollo nacional.<\/p>\t\t\t\t\t\t\t\t<\/div>\n\t\t\t\t<\/div>\n\t\t\t\t\t<\/div>\n\t\t\t\t<\/div>\n\t\t<div class=\"elementor-element elementor-element-30d49e8 e-flex e-con-boxed e-con e-parent\" data-id=\"30d49e8\" data-element_type=\"container\">\n\t\t\t\t\t<div class=\"e-con-inner\">\n\t\t\t\t<div class=\"elementor-element elementor-element-14a27b6 elementor-widget elementor-widget-text-editor\" data-id=\"14a27b6\" data-element_type=\"widget\" data-widget_type=\"text-editor.default\">\n\t\t\t\t<div class=\"elementor-widget-container\">\n\t\t\t\t\t\t\t\t\t<h3><strong>De inter\u00e9s<\/strong><\/h3><p>\u2022 El CNI y JICA refuerzan la cooperaci\u00f3n t\u00e9cnica en inversi\u00f3n, sostenibilidad y fortalecimiento institucional.<\/p><p>\u2022 Honduras prioriza la formaci\u00f3n t\u00e9cnica, la conservaci\u00f3n marina y el apoyo al sector cafetalero como \u00e1reas de colaboraci\u00f3n\u00a0con\u00a0Jap\u00f3n.<\/p>\t\t\t\t\t\t\t\t<\/div>\n\t\t\t\t<\/div>\n\t\t\t\t\t<\/div>\n\t\t\t\t<\/div>\n\t\t<div class=\"elementor-element elementor-element-12ad1d2 e-flex e-con-boxed e-con e-parent\" data-id=\"12ad1d2\" data-element_type=\"container\">\n\t\t\t\t\t<div class=\"e-con-inner\">\n\t\t\t\t\t<\/div>\n\t\t\t\t<\/div>\n\t\t\t\t<\/div>","protected":false},"excerpt":{"rendered":"<p>El CNI y la Agencia de Cooperaci\u00f3n Internacional del Jap\u00f3n (JICA) dan seguimiento a proyectos conjuntos en inversi\u00f3n, medio ambiente y desarrollo productivo. Tegucigalpa, M.D.C., 27 de octubre de 2025. El ministro y secretario ejecutivo del Consejo Nacional de Inversiones (CNI), Miguel Medina, sostuvo una reuni\u00f3n de seguimiento con el representante residente de la Agencia [&hellip;]<\/p>","protected":false},"author":2,"featured_media":6523,"comment_status":"closed","ping_status":"closed","sticky":false,"template":"","format":"standard","meta":{"footnotes":""},"categories":[1],"tags":[],"sector_relacionado":[],"class_list":["post-6522","post","type-post","status-publish","format-standard","has-post-thumbnail","hentry","category-prensa"],"yoast_head":"<!-- This site is optimized with the Yoast SEO plugin v24.8.1 - https:\/\/yoast.com\/wordpress\/plugins\/seo\/ -->\n<title>Honduras y Jap\u00f3n refuerzan cooperaci\u00f3n t\u00e9cnica y sostenible - CNI Honduras<\/title>\n<meta name=\"robots\" content=\"index, follow, max-snippet:-1, max-image-preview:large, max-video-preview:-1\" \/>\n<link rel=\"canonical\" href=\"https:\/\/cni.hn\/en\/honduras-y-japon-refuerzan-cooperacion-tecnica-y-sostenible\/\" \/>\n<meta property=\"og:locale\" content=\"en_US\" \/>\n<meta property=\"og:type\" content=\"article\" \/>\n<meta property=\"og:title\" content=\"Honduras y Jap\u00f3n refuerzan cooperaci\u00f3n t\u00e9cnica y sostenible - CNI Honduras\" \/>\n<meta property=\"og:description\" content=\"El CNI y la Agencia de Cooperaci\u00f3n Internacional del Jap\u00f3n (JICA) dan seguimiento a proyectos conjuntos en inversi\u00f3n, medio ambiente y desarrollo productivo. Tegucigalpa, M.D.C., 27 de octubre de 2025. El ministro y secretario ejecutivo del Consejo Nacional de Inversiones (CNI), Miguel Medina, sostuvo una reuni\u00f3n de seguimiento con el representante residente de la Agencia [&hellip;]\" \/>\n<meta property=\"og:url\" content=\"https:\/\/cni.hn\/en\/honduras-y-japon-refuerzan-cooperacion-tecnica-y-sostenible\/\" \/>\n<meta property=\"og:site_name\" content=\"CNI Honduras\" \/>\n<meta property=\"article:published_time\" content=\"2025-10-31T18:25:02+00:00\" \/>\n<meta property=\"article:modified_time\" content=\"2025-10-31T18:57:43+00:00\" \/>\n<meta property=\"og:image\" content=\"https:\/\/cni.hn\/wp-content\/uploads\/2025\/10\/01_japon_cni.jpg\" \/>\n\t<meta property=\"og:image:width\" content=\"1600\" \/>\n\t<meta property=\"og:image:height\" content=\"1066\" \/>\n\t<meta property=\"og:image:type\" content=\"image\/jpeg\" \/>\n<meta name=\"author\" content=\"Andres Martinez\" \/>\n<meta name=\"twitter:card\" content=\"summary_large_image\" \/>\n<meta name=\"twitter:label1\" content=\"Written by\" \/>\n\t<meta name=\"twitter:data1\" content=\"Andres Martinez\" \/>\n\t<meta name=\"twitter:label2\" content=\"Est. reading time\" \/>\n\t<meta name=\"twitter:data2\" content=\"4 minutes\" \/>\n<script type=\"application\/ld+json\" class=\"yoast-schema-graph\">{\"@context\":\"https:\/\/schema.org\",\"@graph\":[{\"@type\":\"WebPage\",\"@id\":\"https:\/\/cni.hn\/honduras-y-japon-refuerzan-cooperacion-tecnica-y-sostenible\/\",\"url\":\"https:\/\/cni.hn\/honduras-y-japon-refuerzan-cooperacion-tecnica-y-sostenible\/\",\"name\":\"Honduras y Jap\u00f3n refuerzan cooperaci\u00f3n t\u00e9cnica y sostenible - CNI Honduras\",\"isPartOf\":{\"@id\":\"https:\/\/cni.hn\/#website\"},\"primaryImageOfPage\":{\"@id\":\"https:\/\/cni.hn\/honduras-y-japon-refuerzan-cooperacion-tecnica-y-sostenible\/#primaryimage\"},\"image\":{\"@id\":\"https:\/\/cni.hn\/honduras-y-japon-refuerzan-cooperacion-tecnica-y-sostenible\/#primaryimage\"},\"thumbnailUrl\":\"https:\/\/cni.hn\/wp-content\/uploads\/2025\/10\/01_japon_cni.jpg\",\"datePublished\":\"2025-10-31T18:25:02+00:00\",\"dateModified\":\"2025-10-31T18:57:43+00:00\",\"author\":{\"@id\":\"https:\/\/cni.hn\/#\/schema\/person\/46e1e0fecbe94fa0ad734d4ec7730175\"},\"breadcrumb\":{\"@id\":\"https:\/\/cni.hn\/honduras-y-japon-refuerzan-cooperacion-tecnica-y-sostenible\/#breadcrumb\"},\"inLanguage\":\"en-US\",\"potentialAction\":[{\"@type\":\"ReadAction\",\"target\":[\"https:\/\/cni.hn\/honduras-y-japon-refuerzan-cooperacion-tecnica-y-sostenible\/\"]}]},{\"@type\":\"ImageObject\",\"inLanguage\":\"en-US\",\"@id\":\"https:\/\/cni.hn\/honduras-y-japon-refuerzan-cooperacion-tecnica-y-sostenible\/#primaryimage\",\"url\":\"https:\/\/cni.hn\/wp-content\/uploads\/2025\/10\/01_japon_cni.jpg\",\"contentUrl\":\"https:\/\/cni.hn\/wp-content\/uploads\/2025\/10\/01_japon_cni.jpg\",\"width\":1600,\"height\":1066},{\"@type\":\"BreadcrumbList\",\"@id\":\"https:\/\/cni.hn\/honduras-y-japon-refuerzan-cooperacion-tecnica-y-sostenible\/#breadcrumb\",\"itemListElement\":[{\"@type\":\"ListItem\",\"position\":1,\"name\":\"Home\",\"item\":\"https:\/\/cni.hn\/\"},{\"@type\":\"ListItem\",\"position\":2,\"name\":\"Honduras y Jap\u00f3n refuerzan cooperaci\u00f3n t\u00e9cnica y sostenible\"}]},{\"@type\":\"WebSite\",\"@id\":\"https:\/\/cni.hn\/#website\",\"url\":\"https:\/\/cni.hn\/\",\"name\":\"CNI Honduras\",\"description\":\"\",\"potentialAction\":[{\"@type\":\"SearchAction\",\"target\":{\"@type\":\"EntryPoint\",\"urlTemplate\":\"https:\/\/cni.hn\/?s={search_term_string}\"},\"query-input\":{\"@type\":\"PropertyValueSpecification\",\"valueRequired\":true,\"valueName\":\"search_term_string\"}}],\"inLanguage\":\"en-US\"},{\"@type\":\"Person\",\"@id\":\"https:\/\/cni.hn\/#\/schema\/person\/46e1e0fecbe94fa0ad734d4ec7730175\",\"name\":\"Andres Martinez\",\"image\":{\"@type\":\"ImageObject\",\"inLanguage\":\"en-US\",\"@id\":\"https:\/\/cni.hn\/#\/schema\/person\/image\/\",\"url\":\"https:\/\/secure.gravatar.com\/avatar\/b685702cf01e6c6b2ca1586d92e9a3cef7b8c42ecb312ffa3be56699c3f1b6f6?s=96&d=mm&r=g\",\"contentUrl\":\"https:\/\/secure.gravatar.com\/avatar\/b685702cf01e6c6b2ca1586d92e9a3cef7b8c42ecb312ffa3be56699c3f1b6f6?s=96&d=mm&r=g\",\"caption\":\"Andres Martinez\"},\"url\":\"https:\/\/cni.hn\/en\/author\/amartinezcni-hn\/\"}]}<\/script>\n<!-- \/ Yoast SEO plugin. -->","yoast_head_json":{"title":"Honduras y Jap\u00f3n refuerzan cooperaci\u00f3n t\u00e9cnica y sostenible - CNI Honduras","robots":{"index":"index","follow":"follow","max-snippet":"max-snippet:-1","max-image-preview":"max-image-preview:large","max-video-preview":"max-video-preview:-1"},"canonical":"https:\/\/cni.hn\/en\/honduras-y-japon-refuerzan-cooperacion-tecnica-y-sostenible\/","og_locale":"en_US","og_type":"article","og_title":"Honduras y Jap\u00f3n refuerzan cooperaci\u00f3n t\u00e9cnica y sostenible - CNI Honduras","og_description":"El CNI y la Agencia de Cooperaci\u00f3n Internacional del Jap\u00f3n (JICA) dan seguimiento a proyectos conjuntos en inversi\u00f3n, medio ambiente y desarrollo productivo. Tegucigalpa, M.D.C., 27 de octubre de 2025. El ministro y secretario ejecutivo del Consejo Nacional de Inversiones (CNI), Miguel Medina, sostuvo una reuni\u00f3n de seguimiento con el representante residente de la Agencia [&hellip;]","og_url":"https:\/\/cni.hn\/en\/honduras-y-japon-refuerzan-cooperacion-tecnica-y-sostenible\/","og_site_name":"CNI Honduras","article_published_time":"2025-10-31T18:25:02+00:00","article_modified_time":"2025-10-31T18:57:43+00:00","og_image":[{"width":1600,"height":1066,"url":"https:\/\/cni.hn\/wp-content\/uploads\/2025\/10\/01_japon_cni.jpg","type":"image\/jpeg"}],"author":"Andres Martinez","twitter_card":"summary_large_image","twitter_misc":{"Written by":"Andres Martinez","Est. reading time":"4 minutes"},"schema":{"@context":"https:\/\/schema.org","@graph":[{"@type":"WebPage","@id":"https:\/\/cni.hn\/honduras-y-japon-refuerzan-cooperacion-tecnica-y-sostenible\/","url":"https:\/\/cni.hn\/honduras-y-japon-refuerzan-cooperacion-tecnica-y-sostenible\/","name":"Honduras y Jap\u00f3n refuerzan cooperaci\u00f3n t\u00e9cnica y sostenible - CNI Honduras","isPartOf":{"@id":"https:\/\/cni.hn\/#website"},"primaryImageOfPage":{"@id":"https:\/\/cni.hn\/honduras-y-japon-refuerzan-cooperacion-tecnica-y-sostenible\/#primaryimage"},"image":{"@id":"https:\/\/cni.hn\/honduras-y-japon-refuerzan-cooperacion-tecnica-y-sostenible\/#primaryimage"},"thumbnailUrl":"https:\/\/cni.hn\/wp-content\/uploads\/2025\/10\/01_japon_cni.jpg","datePublished":"2025-10-31T18:25:02+00:00","dateModified":"2025-10-31T18:57:43+00:00","author":{"@id":"https:\/\/cni.hn\/#\/schema\/person\/46e1e0fecbe94fa0ad734d4ec7730175"},"breadcrumb":{"@id":"https:\/\/cni.hn\/honduras-y-japon-refuerzan-cooperacion-tecnica-y-sostenible\/#breadcrumb"},"inLanguage":"en-US","potentialAction":[{"@type":"ReadAction","target":["https:\/\/cni.hn\/honduras-y-japon-refuerzan-cooperacion-tecnica-y-sostenible\/"]}]},{"@type":"ImageObject","inLanguage":"en-US","@id":"https:\/\/cni.hn\/honduras-y-japon-refuerzan-cooperacion-tecnica-y-sostenible\/#primaryimage","url":"https:\/\/cni.hn\/wp-content\/uploads\/2025\/10\/01_japon_cni.jpg","contentUrl":"https:\/\/cni.hn\/wp-content\/uploads\/2025\/10\/01_japon_cni.jpg","width":1600,"height":1066},{"@type":"BreadcrumbList","@id":"https:\/\/cni.hn\/honduras-y-japon-refuerzan-cooperacion-tecnica-y-sostenible\/#breadcrumb","itemListElement":[{"@type":"ListItem","position":1,"name":"Home","item":"https:\/\/cni.hn\/"},{"@type":"ListItem","position":2,"name":"Honduras y Jap\u00f3n refuerzan cooperaci\u00f3n t\u00e9cnica y sostenible"}]},{"@type":"WebSite","@id":"https:\/\/cni.hn\/#website","url":"https:\/\/cni.hn\/","name":"CNI Honduras","description":"","potentialAction":[{"@type":"SearchAction","target":{"@type":"EntryPoint","urlTemplate":"https:\/\/cni.hn\/?s={search_term_string}"},"query-input":{"@type":"PropertyValueSpecification","valueRequired":true,"valueName":"search_term_string"}}],"inLanguage":"en-US"},{"@type":"Person","@id":"https:\/\/cni.hn\/#\/schema\/person\/46e1e0fecbe94fa0ad734d4ec7730175","name":"Andres Martinez","image":{"@type":"ImageObject","inLanguage":"en-US","@id":"https:\/\/cni.hn\/#\/schema\/person\/image\/","url":"https:\/\/secure.gravatar.com\/avatar\/b685702cf01e6c6b2ca1586d92e9a3cef7b8c42ecb312ffa3be56699c3f1b6f6?s=96&d=mm&r=g","contentUrl":"https:\/\/secure.gravatar.com\/avatar\/b685702cf01e6c6b2ca1586d92e9a3cef7b8c42ecb312ffa3be56699c3f1b6f6?s=96&d=mm&r=g","caption":"Andres Martinez"},"url":"https:\/\/cni.hn\/en\/author\/amartinezcni-hn\/"}]}},"_links":{"self":[{"href":"https:\/\/cni.hn\/en\/wp-json\/wp\/v2\/posts\/6522","targetHints":{"allow":["GET"]}}],"collection":[{"href":"https:\/\/cni.hn\/en\/wp-json\/wp\/v2\/posts"}],"about":[{"href":"https:\/\/cni.hn\/en\/wp-json\/wp\/v2\/types\/post"}],"author":[{"embeddable":true,"href":"https:\/\/cni.hn\/en\/wp-json\/wp\/v2\/users\/2"}],"replies":[{"embeddable":true,"href":"https:\/\/cni.hn\/en\/wp-json\/wp\/v2\/comments?post=6522"}],"version-history":[{"count":0,"href":"https:\/\/cni.hn\/en\/wp-json\/wp\/v2\/posts\/6522\/revisions"}],"wp:featuredmedia":[{"embeddable":true,"href":"https:\/\/cni.hn\/en\/wp-json\/wp\/v2\/media\/6523"}],"wp:attachment":[{"href":"https:\/\/cni.hn\/en\/wp-json\/wp\/v2\/media?parent=6522"}],"wp:term":[{"taxonomy":"category","embeddable":true,"href":"https:\/\/cni.hn\/en\/wp-json\/wp\/v2\/categories?post=6522"},{"taxonomy":"post_tag","embeddable":true,"href":"https:\/\/cni.hn\/en\/wp-json\/wp\/v2\/tags?post=6522"},{"taxonomy":"sector_relacionado","embeddable":true,"href":"https:\/\/cni.hn\/en\/wp-json\/wp\/v2\/sector_relacionado?post=6522"}],"curies":[{"name":"wp","href":"https:\/\/api.w.org\/{rel}","templated":true}]}}