{"id":6505,"date":"2025-10-31T18:05:02","date_gmt":"2025-10-31T18:05:02","guid":{"rendered":"https:\/\/cni.hn\/?p=6505"},"modified":"2025-10-31T18:12:30","modified_gmt":"2025-10-31T18:12:30","slug":"honduras-consolida-su-liderazgo-cafetalero-en-la-140-asamblea-dela-oic","status":"publish","type":"post","link":"https:\/\/cni.hn\/en\/honduras-consolida-su-liderazgo-cafetalero-en-la-140-asamblea-dela-oic\/","title":{"rendered":"Honduras consolida su liderazgo cafetalero en la 140 Asamblea dela OIC"},"content":{"rendered":"<div data-elementor-type=\"wp-post\" data-elementor-id=\"6505\" class=\"elementor elementor-6505\" data-elementor-post-type=\"post\">\n\t\t\t\t<div class=\"elementor-element elementor-element-59fcb20 e-flex e-con-boxed e-con e-parent\" data-id=\"59fcb20\" data-element_type=\"container\">\n\t\t\t\t\t<div class=\"e-con-inner\">\n\t\t\t\t<div class=\"elementor-element elementor-element-9c109e4 elementor-widget elementor-widget-text-editor\" data-id=\"9c109e4\" data-element_type=\"widget\" data-widget_type=\"text-editor.default\">\n\t\t\t\t<div class=\"elementor-widget-container\">\n\t\t\t\t\t\t\t\t\t<p>El ministro Miguel Medina destaca la visi\u00f3n del pa\u00eds en sostenibilidad, log\u00edstica y promoci\u00f3n internacional del caf\u00e9 como motor de inversi\u00f3n y desarrollo.<\/p><p>\ud835\udc12\ud835\udc1a\ud835\udc27 \ud835\udc0f\ud835\udc1e\ud835\udc1d\ud835\udc2b\ud835\udc28 \ud835\udc12\ud835\udc2e\ud835\udc25\ud835\udc1a, \ud835\udfcf\ud835\udfd5 \ud835\udc1d\ud835\udc1e \ud835\udc28\ud835\udc1c\ud835\udc2d\ud835\udc2e\ud835\udc1b\ud835\udc2b\ud835\udc1e \ud835\udc1d\ud835\udc1e \ud835\udfd0\ud835\udfce\ud835\udfd0\ud835\udfd3-.<\/p><p>Honduras marc\u00f3 un nuevo cap\u00edtulo en su historia cafetalera al albergar la 140\u00aa Asamblea de la Organizaci\u00f3n Internacional del Caf\u00e9 (OIC), un evento que re\u00fane a delegaciones de 77 pa\u00edses y que posiciona a San Pedro Sula como epicentro mundial del caf\u00e9.<\/p><p>Durante el panel \u201cDesaf\u00edos y Oportunidades en la Log\u00edstica de la Exportaci\u00f3n de Caf\u00e9\u201d, el ministro de Promoci\u00f3n de Inversiones, Miguel Medina, subray\u00f3 que el pa\u00eds se consolida como referente regional en producci\u00f3n sostenible, log\u00edstica eficiente y promoci\u00f3n internacional del arom\u00e1tico.<\/p><p>\u00a0\u201cEl caf\u00e9 simboliza el trabajo, la dignidad y la esperanza de nuestro pa\u00eds. Su peso en la econom\u00eda nacional \u20145 % del PIB y 30 % del PIB agr\u00edcola\u2014 confirma su relevancia estrat\u00e9gica. Gracias a la visi\u00f3n del Gobierno, Honduras impulsa una caficultura moderna, sostenible y responsable con el ambiente\u201d, expres\u00f3 Miguel Medina, titular de Promoci\u00f3n de Inversiones.<\/p><p>El funcionario destac\u00f3 adem\u00e1s el papel protag\u00f3nico del Consejo Nacional de Inversiones (CNI), instituci\u00f3n que lidera la estrategia de promoci\u00f3n internacional m\u00e1s agresiva del sector.<\/p><p>Honduras, con el respaldo del CNI, ha tenido presencia en ferias de clase mundial como la SCAJ World Specialty Coffee Conference en Jap\u00f3n; en noviembre estar\u00e1 presente en el Caf\u00e9 Show en Corea del Sur, y en marzo particip\u00f3 en la Cafexpo 2025 en San Pedro Sula, evento que reuni\u00f3 a m\u00e1s de 2,300 visitantes nacionales y extranjeros.<\/p>\t\t\t\t\t\t\t\t<\/div>\n\t\t\t\t<\/div>\n\t\t\t\t\t<\/div>\n\t\t\t\t<\/div>\n\t\t<div class=\"elementor-element elementor-element-dbf1195 e-flex e-con-boxed e-con e-parent\" data-id=\"dbf1195\" data-element_type=\"container\">\n\t\t\t\t\t<div class=\"e-con-inner\">\n\t\t\t\t<div class=\"elementor-element elementor-element-1739b48 elementor-widget elementor-widget-heading\" data-id=\"1739b48\" data-element_type=\"widget\" data-widget_type=\"heading.default\">\n\t\t\t\t<div class=\"elementor-widget-container\">\n\t\t\t\t\t<h2 class=\"elementor-heading-title elementor-size-default\">Una ruta de inversi\u00f3n con sostenibilidad y equidad<\/h2>\t\t\t\t<\/div>\n\t\t\t\t<\/div>\n\t\t\t\t\t<\/div>\n\t\t\t\t<\/div>\n\t\t<div class=\"elementor-element elementor-element-a77ee0d e-flex e-con-boxed e-con e-parent\" data-id=\"a77ee0d\" data-element_type=\"container\">\n\t\t\t\t\t<div class=\"e-con-inner\">\n\t\t<div class=\"elementor-element elementor-element-6fd70fb e-con-full e-flex e-con e-child\" data-id=\"6fd70fb\" data-element_type=\"container\">\n\t\t\t\t<div class=\"elementor-element elementor-element-8671a9c elementor-widget elementor-widget-image\" data-id=\"8671a9c\" data-element_type=\"widget\" data-widget_type=\"image.default\">\n\t\t\t\t<div class=\"elementor-widget-container\">\n\t\t\t\t\t\t\t\t\t\t\t\t\t\t\t<img fetchpriority=\"high\" decoding=\"async\" width=\"800\" height=\"534\" src=\"https:\/\/cni.hn\/wp-content\/uploads\/2025\/10\/01_oic_cni-1024x683.jpg\" class=\"attachment-large size-large wp-image-6507\" alt=\"\" srcset=\"https:\/\/cni.hn\/wp-content\/uploads\/2025\/10\/01_oic_cni-1024x683.jpg 1024w, https:\/\/cni.hn\/wp-content\/uploads\/2025\/10\/01_oic_cni-300x200.jpg 300w, https:\/\/cni.hn\/wp-content\/uploads\/2025\/10\/01_oic_cni-768x512.jpg 768w, https:\/\/cni.hn\/wp-content\/uploads\/2025\/10\/01_oic_cni-1536x1024.jpg 1536w, https:\/\/cni.hn\/wp-content\/uploads\/2025\/10\/01_oic_cni-18x12.jpg 18w, https:\/\/cni.hn\/wp-content\/uploads\/2025\/10\/01_oic_cni.jpg 1600w\" sizes=\"(max-width: 800px) 100vw, 800px\" \/>\t\t\t\t\t\t\t\t\t\t\t\t\t\t\t<\/div>\n\t\t\t\t<\/div>\n\t\t\t\t<div class=\"elementor-element elementor-element-8503dfc elementor-widget elementor-widget-image\" data-id=\"8503dfc\" data-element_type=\"widget\" data-widget_type=\"image.default\">\n\t\t\t\t<div class=\"elementor-widget-container\">\n\t\t\t\t\t\t\t\t\t\t\t\t\t\t\t<img decoding=\"async\" width=\"800\" height=\"534\" src=\"https:\/\/cni.hn\/wp-content\/uploads\/2025\/10\/03_oic_cni-1024x683.jpg\" class=\"attachment-large size-large wp-image-6509\" alt=\"\" srcset=\"https:\/\/cni.hn\/wp-content\/uploads\/2025\/10\/03_oic_cni-1024x683.jpg 1024w, https:\/\/cni.hn\/wp-content\/uploads\/2025\/10\/03_oic_cni-300x200.jpg 300w, https:\/\/cni.hn\/wp-content\/uploads\/2025\/10\/03_oic_cni-768x512.jpg 768w, https:\/\/cni.hn\/wp-content\/uploads\/2025\/10\/03_oic_cni-1536x1024.jpg 1536w, https:\/\/cni.hn\/wp-content\/uploads\/2025\/10\/03_oic_cni-18x12.jpg 18w, https:\/\/cni.hn\/wp-content\/uploads\/2025\/10\/03_oic_cni.jpg 1600w\" sizes=\"(max-width: 800px) 100vw, 800px\" \/>\t\t\t\t\t\t\t\t\t\t\t\t\t\t\t<\/div>\n\t\t\t\t<\/div>\n\t\t\t\t<\/div>\n\t\t<div class=\"elementor-element elementor-element-0e8dcb8 e-con-full e-flex e-con e-child\" data-id=\"0e8dcb8\" data-element_type=\"container\">\n\t\t\t\t<div class=\"elementor-element elementor-element-97c09b5 elementor-widget__width-initial elementor-widget elementor-widget-text-editor\" data-id=\"97c09b5\" data-element_type=\"widget\" data-widget_type=\"text-editor.default\">\n\t\t\t\t<div class=\"elementor-widget-container\">\n\t\t\t\t\t\t\t\t\t<p>Durante la inauguraci\u00f3n del evento, la presidenta Xiomara Castro reafirm\u00f3 el compromiso de su Gobierno con el fortalecimiento del sector y la justicia social en el campo hondure\u00f1o.<\/p><p>\u201cNuestro compromiso ha sido convertir el rubro del caf\u00e9 en un motor de justicia social. Con el programa Agrobosques ya entregamos 30 millones de plantas y entregaremos 115 millones m\u00e1s, todas resistentes al cambio clim\u00e1tico\u201d, indic\u00f3.<\/p><p>El Programa Bono Cafetalero, dijo la mandataria, ha beneficiado a m\u00e1s de 119 mil peque\u00f1os y medianos productores, de los cuales tres de cada diez son mujeres, impulsando la participaci\u00f3n femenina en la econom\u00eda rural.<\/p><p>Asimismo, resalt\u00f3 que el pa\u00eds ha reducido en m\u00e1s del 90 % la deforestaci\u00f3n en zonas protegidas, alineando su producci\u00f3n con las nuevas regulaciones de la Uni\u00f3n Europea sobre caf\u00e9 libre de deforestaci\u00f3n.<\/p><p>La ministra de Agricultura y Ganader\u00eda, Laura Suazo, ampli\u00f3 que la creaci\u00f3n de la Subsecretar\u00eda del Caf\u00e9 representa un paso hist\u00f3rico en la institucionalidad del sector.<\/p><p>\u201cM\u00e1s de 120 mil familias viven del caf\u00e9, y nuestro deber es acompa\u00f1arlas en todo el proceso productivo, desde la siembra hasta la exportaci\u00f3n, bajo un modelo sostenible y con visi\u00f3n clim\u00e1tica\u201d, afirm\u00f3 Suazo.<\/p>\t\t\t\t\t\t\t\t<\/div>\n\t\t\t\t<\/div>\n\t\t\t\t<\/div>\n\t\t\t\t\t<\/div>\n\t\t\t\t<\/div>\n\t\t<div class=\"elementor-element elementor-element-f24052d e-flex e-con-boxed e-con e-parent\" data-id=\"f24052d\" data-element_type=\"container\">\n\t\t\t\t\t<div class=\"e-con-inner\">\n\t\t\t\t<div class=\"elementor-element elementor-element-9d00f69 elementor-widget elementor-widget-heading\" data-id=\"9d00f69\" data-element_type=\"widget\" data-widget_type=\"heading.default\">\n\t\t\t\t<div class=\"elementor-widget-container\">\n\t\t\t\t\t<h2 class=\"elementor-heading-title elementor-size-default\">Log\u00edstica y competitividad: pilares del CNI<\/h2>\t\t\t\t<\/div>\n\t\t\t\t<\/div>\n\t\t\t\t\t<\/div>\n\t\t\t\t<\/div>\n\t\t<div class=\"elementor-element elementor-element-a9729fe e-flex e-con-boxed e-con e-parent\" data-id=\"a9729fe\" data-element_type=\"container\">\n\t\t\t\t\t<div class=\"e-con-inner\">\n\t\t\t\t<div class=\"elementor-element elementor-element-c4add3e elementor-widget elementor-widget-text-editor\" data-id=\"c4add3e\" data-element_type=\"widget\" data-widget_type=\"text-editor.default\">\n\t\t\t\t<div class=\"elementor-widget-container\">\n\t\t\t\t\t\t\t\t\t<p>El CNI, bajo la direcci\u00f3n del ministro Medina, impulsa una estrategia nacional de facilitaci\u00f3n comercial y log\u00edstica para fortalecer la competitividad exportadora hondure\u00f1a.<\/p><p>Esta hoja de ruta se desarrolla junto a las principales operadoras del pa\u00eds: ADIMEX en el Aeropuerto Internacional de Palmerola, Operadora Portuaria Centroamericana (OPC) en Puerto Cort\u00e9s, y pr\u00f3ximamente el Servicio Aeropuertuario Nacional (SAN) en el Aeropuerto Ram\u00f3n Villeda Morales de San Pedro Sula.<\/p><p>De acuerdo con el Container Port Performance Index (CPPI) del Banco Mundial, Puerto Cort\u00e9s es el puerto m\u00e1s competitivo del CA-4 y el segundo m\u00e1s eficiente de Centroam\u00e9rica, consolidando a Honduras como hub log\u00edstico confiable para las cadenas globales de suministro.<\/p><p>Innovaci\u00f3n y liderazgo internacional<br \/>Desde la perspectiva de la OIC, Honduras se perfila como un modelo de innovaci\u00f3n y resiliencia en el cultivo del caf\u00e9.<\/p><p>\u201cEl caf\u00e9 es una industria a cielo abierto; siempre depender\u00e1 del clima. Por eso trabajamos en investigaciones que permitan tener plantas m\u00e1s resilientes, con pr\u00e1cticas regenerativas y nuevas tecnolog\u00edas. Honduras es un ejemplo en esta direcci\u00f3n\u201d, afirm\u00f3 Van\u00fasia Nogueira, directora ejecutiva de la OIC.<\/p><p>La funcionaria brasile\u00f1a, en su quinta visita al pa\u00eds en tres a\u00f1os, destac\u00f3 el entusiasmo y la constancia de los productores hondure\u00f1os, se\u00f1alando que \u201csiempre buscan progresar, y eso es vital para el futuro del caf\u00e9 mundial.\u201d<\/p>\t\t\t\t\t\t\t\t<\/div>\n\t\t\t\t<\/div>\n\t\t\t\t\t<\/div>\n\t\t\t\t<\/div>\n\t\t<div class=\"elementor-element elementor-element-c174de7 e-flex e-con-boxed e-con e-parent\" data-id=\"c174de7\" data-element_type=\"container\">\n\t\t\t\t\t<div class=\"e-con-inner\">\n\t\t\t\t<div class=\"elementor-element elementor-element-789fe88 elementor-widget elementor-widget-text-editor\" data-id=\"789fe88\" data-element_type=\"widget\" data-widget_type=\"text-editor.default\">\n\t\t\t\t<div class=\"elementor-widget-container\">\n\t\t\t\t\t\t\t\t\t<h3><strong>De inter\u00e9s<\/strong><\/h3><p>\u2022 El CNI fortalece la internacionalizaci\u00f3n del caf\u00e9 hondure\u00f1o en Asia y Am\u00e9rica, posicionando la marca pa\u00eds en los principales mercados de especialidad.<\/p><p>\u2022 Puerto Cort\u00e9s y Palmerola consolidan a Honduras como centro log\u00edstico regional del caf\u00e9 y destino de inversi\u00f3n\u00a0sostenible.<\/p>\t\t\t\t\t\t\t\t<\/div>\n\t\t\t\t<\/div>\n\t\t\t\t\t<\/div>\n\t\t\t\t<\/div>\n\t\t\t\t<\/div>","protected":false},"excerpt":{"rendered":"<p>El ministro Miguel Medina destaca la visi\u00f3n del pa\u00eds en sostenibilidad, log\u00edstica y promoci\u00f3n internacional del caf\u00e9 como motor de inversi\u00f3n y desarrollo. \ud835\udc12\ud835\udc1a\ud835\udc27 \ud835\udc0f\ud835\udc1e\ud835\udc1d\ud835\udc2b\ud835\udc28 \ud835\udc12\ud835\udc2e\ud835\udc25\ud835\udc1a, \ud835\udfcf\ud835\udfd5 \ud835\udc1d\ud835\udc1e \ud835\udc28\ud835\udc1c\ud835\udc2d\ud835\udc2e\ud835\udc1b\ud835\udc2b\ud835\udc1e \ud835\udc1d\ud835\udc1e \ud835\udfd0\ud835\udfce\ud835\udfd0\ud835\udfd3-. Honduras marc\u00f3 un nuevo cap\u00edtulo en su historia cafetalera al albergar la 140\u00aa Asamblea de la Organizaci\u00f3n Internacional del Caf\u00e9 (OIC), un evento que [&hellip;]<\/p>","protected":false},"author":2,"featured_media":6508,"comment_status":"closed","ping_status":"closed","sticky":false,"template":"","format":"standard","meta":{"footnotes":""},"categories":[1],"tags":[],"sector_relacionado":[],"class_list":["post-6505","post","type-post","status-publish","format-standard","has-post-thumbnail","hentry","category-prensa"],"yoast_head":"<!-- This site is optimized with the Yoast SEO plugin v24.8.1 - https:\/\/yoast.com\/wordpress\/plugins\/seo\/ -->\n<title>Honduras consolida su liderazgo cafetalero en la 140 Asamblea dela OIC - CNI Honduras<\/title>\n<meta name=\"robots\" content=\"index, follow, max-snippet:-1, max-image-preview:large, max-video-preview:-1\" \/>\n<link rel=\"canonical\" href=\"https:\/\/cni.hn\/en\/honduras-consolida-su-liderazgo-cafetalero-en-la-140-asamblea-dela-oic\/\" \/>\n<meta property=\"og:locale\" content=\"en_US\" \/>\n<meta property=\"og:type\" content=\"article\" \/>\n<meta property=\"og:title\" content=\"Honduras consolida su liderazgo cafetalero en la 140 Asamblea dela OIC - CNI Honduras\" \/>\n<meta property=\"og:description\" content=\"El ministro Miguel Medina destaca la visi\u00f3n del pa\u00eds en sostenibilidad, log\u00edstica y promoci\u00f3n internacional del caf\u00e9 como motor de inversi\u00f3n y desarrollo. \ud835\udc12\ud835\udc1a\ud835\udc27 \ud835\udc0f\ud835\udc1e\ud835\udc1d\ud835\udc2b\ud835\udc28 \ud835\udc12\ud835\udc2e\ud835\udc25\ud835\udc1a, \ud835\udfcf\ud835\udfd5 \ud835\udc1d\ud835\udc1e \ud835\udc28\ud835\udc1c\ud835\udc2d\ud835\udc2e\ud835\udc1b\ud835\udc2b\ud835\udc1e \ud835\udc1d\ud835\udc1e \ud835\udfd0\ud835\udfce\ud835\udfd0\ud835\udfd3-. Honduras marc\u00f3 un nuevo cap\u00edtulo en su historia cafetalera al albergar la 140\u00aa Asamblea de la Organizaci\u00f3n Internacional del Caf\u00e9 (OIC), un evento que [&hellip;]\" \/>\n<meta property=\"og:url\" content=\"https:\/\/cni.hn\/en\/honduras-consolida-su-liderazgo-cafetalero-en-la-140-asamblea-dela-oic\/\" \/>\n<meta property=\"og:site_name\" content=\"CNI Honduras\" \/>\n<meta property=\"article:published_time\" content=\"2025-10-31T18:05:02+00:00\" \/>\n<meta property=\"article:modified_time\" content=\"2025-10-31T18:12:30+00:00\" \/>\n<meta property=\"og:image\" content=\"https:\/\/cni.hn\/wp-content\/uploads\/2025\/10\/02_oic_cni.jpg\" \/>\n\t<meta property=\"og:image:width\" content=\"1600\" \/>\n\t<meta property=\"og:image:height\" content=\"1067\" \/>\n\t<meta property=\"og:image:type\" content=\"image\/jpeg\" \/>\n<meta name=\"author\" content=\"Andres Martinez\" \/>\n<meta name=\"twitter:card\" content=\"summary_large_image\" \/>\n<meta name=\"twitter:label1\" content=\"Written by\" \/>\n\t<meta name=\"twitter:data1\" content=\"Andres Martinez\" \/>\n\t<meta name=\"twitter:label2\" content=\"Est. reading time\" \/>\n\t<meta name=\"twitter:data2\" content=\"4 minutes\" \/>\n<script type=\"application\/ld+json\" class=\"yoast-schema-graph\">{\"@context\":\"https:\/\/schema.org\",\"@graph\":[{\"@type\":\"Article\",\"@id\":\"https:\/\/cni.hn\/honduras-consolida-su-liderazgo-cafetalero-en-la-140-asamblea-dela-oic\/#article\",\"isPartOf\":{\"@id\":\"https:\/\/cni.hn\/honduras-consolida-su-liderazgo-cafetalero-en-la-140-asamblea-dela-oic\/\"},\"author\":{\"name\":\"Andres Martinez\",\"@id\":\"https:\/\/cni.hn\/#\/schema\/person\/46e1e0fecbe94fa0ad734d4ec7730175\"},\"headline\":\"Honduras consolida su liderazgo cafetalero en la 140 Asamblea dela OIC\",\"datePublished\":\"2025-10-31T18:05:02+00:00\",\"dateModified\":\"2025-10-31T18:12:30+00:00\",\"mainEntityOfPage\":{\"@id\":\"https:\/\/cni.hn\/honduras-consolida-su-liderazgo-cafetalero-en-la-140-asamblea-dela-oic\/\"},\"wordCount\":794,\"publisher\":{\"@id\":\"https:\/\/cni.hn\/#organization\"},\"image\":{\"@id\":\"https:\/\/cni.hn\/honduras-consolida-su-liderazgo-cafetalero-en-la-140-asamblea-dela-oic\/#primaryimage\"},\"thumbnailUrl\":\"https:\/\/cni.hn\/wp-content\/uploads\/2025\/10\/02_oic_cni.jpg\",\"articleSection\":[\"Sala de Prensa\"],\"inLanguage\":\"en-US\"},{\"@type\":\"WebPage\",\"@id\":\"https:\/\/cni.hn\/honduras-consolida-su-liderazgo-cafetalero-en-la-140-asamblea-dela-oic\/\",\"url\":\"https:\/\/cni.hn\/honduras-consolida-su-liderazgo-cafetalero-en-la-140-asamblea-dela-oic\/\",\"name\":\"Honduras consolida su liderazgo cafetalero en la 140 Asamblea dela OIC - CNI Honduras\",\"isPartOf\":{\"@id\":\"https:\/\/cni.hn\/#website\"},\"primaryImageOfPage\":{\"@id\":\"https:\/\/cni.hn\/honduras-consolida-su-liderazgo-cafetalero-en-la-140-asamblea-dela-oic\/#primaryimage\"},\"image\":{\"@id\":\"https:\/\/cni.hn\/honduras-consolida-su-liderazgo-cafetalero-en-la-140-asamblea-dela-oic\/#primaryimage\"},\"thumbnailUrl\":\"https:\/\/cni.hn\/wp-content\/uploads\/2025\/10\/02_oic_cni.jpg\",\"datePublished\":\"2025-10-31T18:05:02+00:00\",\"dateModified\":\"2025-10-31T18:12:30+00:00\",\"breadcrumb\":{\"@id\":\"https:\/\/cni.hn\/honduras-consolida-su-liderazgo-cafetalero-en-la-140-asamblea-dela-oic\/#breadcrumb\"},\"inLanguage\":\"en-US\",\"potentialAction\":[{\"@type\":\"ReadAction\",\"target\":[\"https:\/\/cni.hn\/honduras-consolida-su-liderazgo-cafetalero-en-la-140-asamblea-dela-oic\/\"]}]},{\"@type\":\"ImageObject\",\"inLanguage\":\"en-US\",\"@id\":\"https:\/\/cni.hn\/honduras-consolida-su-liderazgo-cafetalero-en-la-140-asamblea-dela-oic\/#primaryimage\",\"url\":\"https:\/\/cni.hn\/wp-content\/uploads\/2025\/10\/02_oic_cni.jpg\",\"contentUrl\":\"https:\/\/cni.hn\/wp-content\/uploads\/2025\/10\/02_oic_cni.jpg\",\"width\":1600,\"height\":1067},{\"@type\":\"BreadcrumbList\",\"@id\":\"https:\/\/cni.hn\/honduras-consolida-su-liderazgo-cafetalero-en-la-140-asamblea-dela-oic\/#breadcrumb\",\"itemListElement\":[{\"@type\":\"ListItem\",\"position\":1,\"name\":\"Home\",\"item\":\"https:\/\/cni.hn\/\"},{\"@type\":\"ListItem\",\"position\":2,\"name\":\"Honduras consolida su liderazgo cafetalero en la 140 Asamblea dela OIC\"}]},{\"@type\":\"WebSite\",\"@id\":\"https:\/\/cni.hn\/#website\",\"url\":\"https:\/\/cni.hn\/\",\"name\":\"CNI Honduras\",\"description\":\"\",\"publisher\":{\"@id\":\"https:\/\/cni.hn\/#organization\"},\"potentialAction\":[{\"@type\":\"SearchAction\",\"target\":{\"@type\":\"EntryPoint\",\"urlTemplate\":\"https:\/\/cni.hn\/?s={search_term_string}\"},\"query-input\":{\"@type\":\"PropertyValueSpecification\",\"valueRequired\":true,\"valueName\":\"search_term_string\"}}],\"inLanguage\":\"en-US\"},{\"@type\":\"Organization\",\"@id\":\"https:\/\/cni.hn\/#organization\",\"name\":\"CNI Honduras\",\"url\":\"https:\/\/cni.hn\/\",\"logo\":{\"@type\":\"ImageObject\",\"inLanguage\":\"en-US\",\"@id\":\"https:\/\/cni.hn\/#\/schema\/logo\/image\/\",\"url\":\"https:\/\/cni.hn\/wp-content\/uploads\/2024\/10\/logo-cni.png\",\"contentUrl\":\"https:\/\/cni.hn\/wp-content\/uploads\/2024\/10\/logo-cni.png\",\"width\":390,\"height\":390,\"caption\":\"CNI Honduras\"},\"image\":{\"@id\":\"https:\/\/cni.hn\/#\/schema\/logo\/image\/\"}},{\"@type\":\"Person\",\"@id\":\"https:\/\/cni.hn\/#\/schema\/person\/46e1e0fecbe94fa0ad734d4ec7730175\",\"name\":\"Andres Martinez\",\"image\":{\"@type\":\"ImageObject\",\"inLanguage\":\"en-US\",\"@id\":\"https:\/\/cni.hn\/#\/schema\/person\/image\/\",\"url\":\"https:\/\/secure.gravatar.com\/avatar\/b685702cf01e6c6b2ca1586d92e9a3cef7b8c42ecb312ffa3be56699c3f1b6f6?s=96&d=mm&r=g\",\"contentUrl\":\"https:\/\/secure.gravatar.com\/avatar\/b685702cf01e6c6b2ca1586d92e9a3cef7b8c42ecb312ffa3be56699c3f1b6f6?s=96&d=mm&r=g\",\"caption\":\"Andres Martinez\"},\"url\":\"https:\/\/cni.hn\/en\/author\/amartinezcni-hn\/\"}]}<\/script>\n<!-- \/ Yoast SEO plugin. -->","yoast_head_json":{"title":"Honduras consolida su liderazgo cafetalero en la 140 Asamblea dela OIC - CNI Honduras","robots":{"index":"index","follow":"follow","max-snippet":"max-snippet:-1","max-image-preview":"max-image-preview:large","max-video-preview":"max-video-preview:-1"},"canonical":"https:\/\/cni.hn\/en\/honduras-consolida-su-liderazgo-cafetalero-en-la-140-asamblea-dela-oic\/","og_locale":"en_US","og_type":"article","og_title":"Honduras consolida su liderazgo cafetalero en la 140 Asamblea dela OIC - CNI Honduras","og_description":"El ministro Miguel Medina destaca la visi\u00f3n del pa\u00eds en sostenibilidad, log\u00edstica y promoci\u00f3n internacional del caf\u00e9 como motor de inversi\u00f3n y desarrollo. \ud835\udc12\ud835\udc1a\ud835\udc27 \ud835\udc0f\ud835\udc1e\ud835\udc1d\ud835\udc2b\ud835\udc28 \ud835\udc12\ud835\udc2e\ud835\udc25\ud835\udc1a, \ud835\udfcf\ud835\udfd5 \ud835\udc1d\ud835\udc1e \ud835\udc28\ud835\udc1c\ud835\udc2d\ud835\udc2e\ud835\udc1b\ud835\udc2b\ud835\udc1e \ud835\udc1d\ud835\udc1e \ud835\udfd0\ud835\udfce\ud835\udfd0\ud835\udfd3-. Honduras marc\u00f3 un nuevo cap\u00edtulo en su historia cafetalera al albergar la 140\u00aa Asamblea de la Organizaci\u00f3n Internacional del Caf\u00e9 (OIC), un evento que [&hellip;]","og_url":"https:\/\/cni.hn\/en\/honduras-consolida-su-liderazgo-cafetalero-en-la-140-asamblea-dela-oic\/","og_site_name":"CNI Honduras","article_published_time":"2025-10-31T18:05:02+00:00","article_modified_time":"2025-10-31T18:12:30+00:00","og_image":[{"width":1600,"height":1067,"url":"https:\/\/cni.hn\/wp-content\/uploads\/2025\/10\/02_oic_cni.jpg","type":"image\/jpeg"}],"author":"Andres Martinez","twitter_card":"summary_large_image","twitter_misc":{"Written by":"Andres Martinez","Est. reading time":"4 minutes"},"schema":{"@context":"https:\/\/schema.org","@graph":[{"@type":"Article","@id":"https:\/\/cni.hn\/honduras-consolida-su-liderazgo-cafetalero-en-la-140-asamblea-dela-oic\/#article","isPartOf":{"@id":"https:\/\/cni.hn\/honduras-consolida-su-liderazgo-cafetalero-en-la-140-asamblea-dela-oic\/"},"author":{"name":"Andres Martinez","@id":"https:\/\/cni.hn\/#\/schema\/person\/46e1e0fecbe94fa0ad734d4ec7730175"},"headline":"Honduras consolida su liderazgo cafetalero en la 140 Asamblea dela OIC","datePublished":"2025-10-31T18:05:02+00:00","dateModified":"2025-10-31T18:12:30+00:00","mainEntityOfPage":{"@id":"https:\/\/cni.hn\/honduras-consolida-su-liderazgo-cafetalero-en-la-140-asamblea-dela-oic\/"},"wordCount":794,"publisher":{"@id":"https:\/\/cni.hn\/#organization"},"image":{"@id":"https:\/\/cni.hn\/honduras-consolida-su-liderazgo-cafetalero-en-la-140-asamblea-dela-oic\/#primaryimage"},"thumbnailUrl":"https:\/\/cni.hn\/wp-content\/uploads\/2025\/10\/02_oic_cni.jpg","articleSection":["Sala de Prensa"],"inLanguage":"en-US"},{"@type":"WebPage","@id":"https:\/\/cni.hn\/honduras-consolida-su-liderazgo-cafetalero-en-la-140-asamblea-dela-oic\/","url":"https:\/\/cni.hn\/honduras-consolida-su-liderazgo-cafetalero-en-la-140-asamblea-dela-oic\/","name":"Honduras consolida su liderazgo cafetalero en la 140 Asamblea dela OIC - CNI Honduras","isPartOf":{"@id":"https:\/\/cni.hn\/#website"},"primaryImageOfPage":{"@id":"https:\/\/cni.hn\/honduras-consolida-su-liderazgo-cafetalero-en-la-140-asamblea-dela-oic\/#primaryimage"},"image":{"@id":"https:\/\/cni.hn\/honduras-consolida-su-liderazgo-cafetalero-en-la-140-asamblea-dela-oic\/#primaryimage"},"thumbnailUrl":"https:\/\/cni.hn\/wp-content\/uploads\/2025\/10\/02_oic_cni.jpg","datePublished":"2025-10-31T18:05:02+00:00","dateModified":"2025-10-31T18:12:30+00:00","breadcrumb":{"@id":"https:\/\/cni.hn\/honduras-consolida-su-liderazgo-cafetalero-en-la-140-asamblea-dela-oic\/#breadcrumb"},"inLanguage":"en-US","potentialAction":[{"@type":"ReadAction","target":["https:\/\/cni.hn\/honduras-consolida-su-liderazgo-cafetalero-en-la-140-asamblea-dela-oic\/"]}]},{"@type":"ImageObject","inLanguage":"en-US","@id":"https:\/\/cni.hn\/honduras-consolida-su-liderazgo-cafetalero-en-la-140-asamblea-dela-oic\/#primaryimage","url":"https:\/\/cni.hn\/wp-content\/uploads\/2025\/10\/02_oic_cni.jpg","contentUrl":"https:\/\/cni.hn\/wp-content\/uploads\/2025\/10\/02_oic_cni.jpg","width":1600,"height":1067},{"@type":"BreadcrumbList","@id":"https:\/\/cni.hn\/honduras-consolida-su-liderazgo-cafetalero-en-la-140-asamblea-dela-oic\/#breadcrumb","itemListElement":[{"@type":"ListItem","position":1,"name":"Home","item":"https:\/\/cni.hn\/"},{"@type":"ListItem","position":2,"name":"Honduras consolida su liderazgo cafetalero en la 140 Asamblea dela OIC"}]},{"@type":"WebSite","@id":"https:\/\/cni.hn\/#website","url":"https:\/\/cni.hn\/","name":"CNI Honduras","description":"","publisher":{"@id":"https:\/\/cni.hn\/#organization"},"potentialAction":[{"@type":"SearchAction","target":{"@type":"EntryPoint","urlTemplate":"https:\/\/cni.hn\/?s={search_term_string}"},"query-input":{"@type":"PropertyValueSpecification","valueRequired":true,"valueName":"search_term_string"}}],"inLanguage":"en-US"},{"@type":"Organization","@id":"https:\/\/cni.hn\/#organization","name":"CNI Honduras","url":"https:\/\/cni.hn\/","logo":{"@type":"ImageObject","inLanguage":"en-US","@id":"https:\/\/cni.hn\/#\/schema\/logo\/image\/","url":"https:\/\/cni.hn\/wp-content\/uploads\/2024\/10\/logo-cni.png","contentUrl":"https:\/\/cni.hn\/wp-content\/uploads\/2024\/10\/logo-cni.png","width":390,"height":390,"caption":"CNI Honduras"},"image":{"@id":"https:\/\/cni.hn\/#\/schema\/logo\/image\/"}},{"@type":"Person","@id":"https:\/\/cni.hn\/#\/schema\/person\/46e1e0fecbe94fa0ad734d4ec7730175","name":"Andres Martinez","image":{"@type":"ImageObject","inLanguage":"en-US","@id":"https:\/\/cni.hn\/#\/schema\/person\/image\/","url":"https:\/\/secure.gravatar.com\/avatar\/b685702cf01e6c6b2ca1586d92e9a3cef7b8c42ecb312ffa3be56699c3f1b6f6?s=96&d=mm&r=g","contentUrl":"https:\/\/secure.gravatar.com\/avatar\/b685702cf01e6c6b2ca1586d92e9a3cef7b8c42ecb312ffa3be56699c3f1b6f6?s=96&d=mm&r=g","caption":"Andres Martinez"},"url":"https:\/\/cni.hn\/en\/author\/amartinezcni-hn\/"}]}},"_links":{"self":[{"href":"https:\/\/cni.hn\/en\/wp-json\/wp\/v2\/posts\/6505","targetHints":{"allow":["GET"]}}],"collection":[{"href":"https:\/\/cni.hn\/en\/wp-json\/wp\/v2\/posts"}],"about":[{"href":"https:\/\/cni.hn\/en\/wp-json\/wp\/v2\/types\/post"}],"author":[{"embeddable":true,"href":"https:\/\/cni.hn\/en\/wp-json\/wp\/v2\/users\/2"}],"replies":[{"embeddable":true,"href":"https:\/\/cni.hn\/en\/wp-json\/wp\/v2\/comments?post=6505"}],"version-history":[{"count":0,"href":"https:\/\/cni.hn\/en\/wp-json\/wp\/v2\/posts\/6505\/revisions"}],"wp:featuredmedia":[{"embeddable":true,"href":"https:\/\/cni.hn\/en\/wp-json\/wp\/v2\/media\/6508"}],"wp:attachment":[{"href":"https:\/\/cni.hn\/en\/wp-json\/wp\/v2\/media?parent=6505"}],"wp:term":[{"taxonomy":"category","embeddable":true,"href":"https:\/\/cni.hn\/en\/wp-json\/wp\/v2\/categories?post=6505"},{"taxonomy":"post_tag","embeddable":true,"href":"https:\/\/cni.hn\/en\/wp-json\/wp\/v2\/tags?post=6505"},{"taxonomy":"sector_relacionado","embeddable":true,"href":"https:\/\/cni.hn\/en\/wp-json\/wp\/v2\/sector_relacionado?post=6505"}],"curies":[{"name":"wp","href":"https:\/\/api.w.org\/{rel}","templated":true}]}}