{"id":6253,"date":"2025-07-18T20:37:08","date_gmt":"2025-07-18T20:37:08","guid":{"rendered":"https:\/\/cni.hn\/?p=6253"},"modified":"2025-07-18T20:41:08","modified_gmt":"2025-07-18T20:41:08","slug":"convenio-cni-fedecamara-refuerza-clima-de-inversion-en-honduras","status":"publish","type":"post","link":"https:\/\/cni.hn\/en\/convenio-cni-fedecamara-refuerza-clima-de-inversion-en-honduras\/","title":{"rendered":"Convenio CNI &#8211; FEDECAMARA refuerza clima de inversi\u00f3n en Honduras"},"content":{"rendered":"<div data-elementor-type=\"wp-post\" data-elementor-id=\"6253\" class=\"elementor elementor-6253\" data-elementor-post-type=\"post\">\n\t\t\t\t<div class=\"elementor-element elementor-element-2af0126 e-flex e-con-boxed e-con e-parent\" data-id=\"2af0126\" data-element_type=\"container\">\n\t\t\t\t\t<div class=\"e-con-inner\">\n\t\t\t\t<div class=\"elementor-element elementor-element-b9fc425 elementor-widget elementor-widget-text-editor\" data-id=\"b9fc425\" data-element_type=\"widget\" data-widget_type=\"text-editor.default\">\n\t\t\t\t<div class=\"elementor-widget-container\">\n\t\t\t\t\t\t\t\t\t<p>\ud835\udc13\ud835\udc1e\ud835\udc20\ud835\udc2e\ud835\udc1c\ud835\udc22\ud835\udc20\ud835\udc1a\ud835\udc25\ud835\udc29\ud835\udc1a, \ud835\udfcf\ud835\udfd4 \ud835\udc1d\ud835\udc1e \ud835\udc23\ud835\udc2e\ud835\udc25\ud835\udc22\ud835\udc28 \ud835\udc1d\ud835\udc1e \ud835\udfd0\ud835\udfce\ud835\udfd0\ud835\udfd3.<br \/>Con el firme prop\u00f3sito de consolidar un entorno m\u00e1s atractivo, seguro y competitivo para la inversi\u00f3n en Honduras, el Consejo Nacional de Inversiones (CNI) y la Federaci\u00f3n de C\u00e1maras de Comercio e Industrias de Honduras (FEDECAMARA) formalizaron este mi\u00e9rcoles la firma de un Convenio Marco de Colaboraci\u00f3n Interinstitucional, cuyo objetivo principal es fortalecer el desarrollo econ\u00f3mico del pa\u00eds mediante acciones conjuntas, asistencia t\u00e9cnica y acompa\u00f1amiento estrat\u00e9gico a inversionistas.<\/p><p>El acuerdo establece una alianza robusta y de largo alcance para impulsar la inversi\u00f3n tanto nacional como extranjera, a trav\u00e9s de un modelo de cooperaci\u00f3n que prioriza la asesor\u00eda integral en \u00e1reas legales, t\u00e9cnicas, comerciales y financieras.<\/p><p>Esta sinergia busca responder con mayor agilidad a las necesidades de los inversionistas y garantizar condiciones favorables para la instalaci\u00f3n y expansi\u00f3n de nuevos proyectos productivos en Honduras.<\/p>\t\t\t\t\t\t\t\t<\/div>\n\t\t\t\t<\/div>\n\t\t\t\t\t<\/div>\n\t\t\t\t<\/div>\n\t\t<div class=\"elementor-element elementor-element-6701ffe e-flex e-con-boxed e-con e-parent\" data-id=\"6701ffe\" data-element_type=\"container\">\n\t\t\t\t\t<div class=\"e-con-inner\">\n\t\t\t\t<div class=\"elementor-element elementor-element-58a03f0 elementor-widget elementor-widget-heading\" data-id=\"58a03f0\" data-element_type=\"widget\" data-widget_type=\"heading.default\">\n\t\t\t\t<div class=\"elementor-widget-container\">\n\t\t\t\t\t<h2 class=\"elementor-heading-title elementor-size-default\">Compromiso de las partes<\/h2>\t\t\t\t<\/div>\n\t\t\t\t<\/div>\n\t\t\t\t\t<\/div>\n\t\t\t\t<\/div>\n\t\t<div class=\"elementor-element elementor-element-c4f0dbf e-flex e-con-boxed e-con e-parent\" data-id=\"c4f0dbf\" data-element_type=\"container\">\n\t\t\t\t\t<div class=\"e-con-inner\">\n\t\t\t\t<div class=\"elementor-element elementor-element-b9e4a04 elementor-widget elementor-widget-text-editor\" data-id=\"b9e4a04\" data-element_type=\"widget\" data-widget_type=\"text-editor.default\">\n\t\t\t\t<div class=\"elementor-widget-container\">\n\t\t\t\t\t\t\t\t\t<p>Como parte de los compromisos adquiridos, el CNI brindar\u00e1 asesor\u00eda t\u00e9cnica y legal a empresarios afiliados a FEDECAMARA, capacitar\u00e1 en temas de inversi\u00f3n, facilitar\u00e1 el acceso a informaci\u00f3n macroecon\u00f3mica actualizada y promover\u00e1 espacios de di\u00e1logo para la resoluci\u00f3n de obst\u00e1culos comunes en el entorno de negocios.<\/p><p>Por su parte, FEDECAMARA se compromete a identificar oportunidades de inversi\u00f3n en sus regiones y derivarlas al CNI para su acompa\u00f1amiento institucional, facilitando adem\u00e1s la organizaci\u00f3n conjunta de foros, conferencias y ruedas de negocios.<\/p><p>El ministro de Inversiones y secretario ejecutivo del CNI, Miguel Medina, destac\u00f3 que \u201cesta alianza con FEDECAMARA representa un paso firme hacia la consolidaci\u00f3n de un entorno propicio para atraer m\u00e1s inversi\u00f3n y generar desarrollo econ\u00f3mico en cada rinc\u00f3n del pa\u00eds. <\/p>\t\t\t\t\t\t\t\t<\/div>\n\t\t\t\t<\/div>\n\t\t\t\t\t<\/div>\n\t\t\t\t<\/div>\n\t\t<div class=\"elementor-element elementor-element-f933990 e-flex e-con-boxed e-con e-parent\" data-id=\"f933990\" data-element_type=\"container\">\n\t\t\t\t\t<div class=\"e-con-inner\">\n\t\t\t\t<div class=\"elementor-element elementor-element-db3b793 elementor-widget elementor-widget-image\" data-id=\"db3b793\" data-element_type=\"widget\" data-widget_type=\"image.default\">\n\t\t\t\t<div class=\"elementor-widget-container\">\n\t\t\t\t\t\t\t\t\t\t\t\t\t\t\t<img fetchpriority=\"high\" decoding=\"async\" width=\"768\" height=\"512\" src=\"https:\/\/cni.hn\/wp-content\/uploads\/2025\/07\/Imagen-de-WhatsApp-2025-07-16-a-las-16.02.14_6de9b269-768x512.jpg\" class=\"attachment-medium_large size-medium_large wp-image-6254\" alt=\"\" srcset=\"https:\/\/cni.hn\/wp-content\/uploads\/2025\/07\/Imagen-de-WhatsApp-2025-07-16-a-las-16.02.14_6de9b269-768x512.jpg 768w, https:\/\/cni.hn\/wp-content\/uploads\/2025\/07\/Imagen-de-WhatsApp-2025-07-16-a-las-16.02.14_6de9b269-300x200.jpg 300w, https:\/\/cni.hn\/wp-content\/uploads\/2025\/07\/Imagen-de-WhatsApp-2025-07-16-a-las-16.02.14_6de9b269-1024x682.jpg 1024w, https:\/\/cni.hn\/wp-content\/uploads\/2025\/07\/Imagen-de-WhatsApp-2025-07-16-a-las-16.02.14_6de9b269-1536x1023.jpg 1536w, https:\/\/cni.hn\/wp-content\/uploads\/2025\/07\/Imagen-de-WhatsApp-2025-07-16-a-las-16.02.14_6de9b269-18x12.jpg 18w, https:\/\/cni.hn\/wp-content\/uploads\/2025\/07\/Imagen-de-WhatsApp-2025-07-16-a-las-16.02.14_6de9b269.jpg 1600w\" sizes=\"(max-width: 768px) 100vw, 768px\" \/>\t\t\t\t\t\t\t\t\t\t\t\t\t\t\t<\/div>\n\t\t\t\t<\/div>\n\t\t\t\t\t<\/div>\n\t\t\t\t<\/div>\n\t\t<div class=\"elementor-element elementor-element-43ef8bd e-flex e-con-boxed e-con e-parent\" data-id=\"43ef8bd\" data-element_type=\"container\">\n\t\t\t\t\t<div class=\"e-con-inner\">\n\t\t\t\t<div class=\"elementor-element elementor-element-befc8f9 elementor-widget elementor-widget-text-editor\" data-id=\"befc8f9\" data-element_type=\"widget\" data-widget_type=\"text-editor.default\">\n\t\t\t\t<div class=\"elementor-widget-container\">\n\t\t\t\t\t\t\t\t\t<p>Al unir capacidades p\u00fablicas y privadas, fortalecemos la seguridad jur\u00eddica, promovemos un clima de confianza y enviamos un mensaje claro a los inversionistas: Honduras est\u00e1 abierta y preparada para hacer negocios con reglas claras y acompa\u00f1amiento institucional\u201d.<\/p><p>Uno de los factores m\u00e1s importantes es la colaboraci\u00f3n conjunta para fortalecer las mesas interinstitucionales que forman parte de la estrategia territorial de inversiones, en donde actores p\u00fablicos y privados generan consensos para favorecer el clima de inversi\u00f3n y sirven de espacios de di\u00e1logo y capacitaci\u00f3n.<\/p><p>Actualmente el CNI ha establecido mesas con el Consejo Hondure\u00f1o del Sector Privado, COHEP; con Aduanas, SENASA, ARSA, Energ\u00eda, Canciller\u00eda y Desarrollo Econ\u00f3mico.<\/p><p>El convenio, con una vigencia inicial de un a\u00f1o, abre la puerta a futuras adendas y acciones complementarias, seg\u00fan lo definan las partes de manera coordinada.<\/p>\t\t\t\t\t\t\t\t<\/div>\n\t\t\t\t<\/div>\n\t\t\t\t\t<\/div>\n\t\t\t\t<\/div>\n\t\t<div class=\"elementor-element elementor-element-eb5f042 e-flex e-con-boxed e-con e-parent\" data-id=\"eb5f042\" data-element_type=\"container\">\n\t\t\t\t\t<div class=\"e-con-inner\">\n\t\t\t\t<div class=\"elementor-element elementor-element-7564084 elementor-widget elementor-widget-heading\" data-id=\"7564084\" data-element_type=\"widget\" data-widget_type=\"heading.default\">\n\t\t\t\t<div class=\"elementor-widget-container\">\n\t\t\t\t\t<h2 class=\"elementor-heading-title elementor-size-default\">Invitaci\u00f3n estrat\u00e9gica a ENCAMERAH 2025<\/h2>\t\t\t\t<\/div>\n\t\t\t\t<\/div>\n\t\t\t\t\t<\/div>\n\t\t\t\t<\/div>\n\t\t<div class=\"elementor-element elementor-element-fe1a4ec e-flex e-con-boxed e-con e-parent\" data-id=\"fe1a4ec\" data-element_type=\"container\">\n\t\t\t\t\t<div class=\"e-con-inner\">\n\t\t<div class=\"elementor-element elementor-element-9704ae3 e-con-full e-flex e-con e-child\" data-id=\"9704ae3\" data-element_type=\"container\">\n\t\t\t\t<div class=\"elementor-element elementor-element-5245ce0 elementor-widget elementor-widget-image\" data-id=\"5245ce0\" data-element_type=\"widget\" data-widget_type=\"image.default\">\n\t\t\t\t<div class=\"elementor-widget-container\">\n\t\t\t\t\t\t\t\t\t\t\t\t\t\t\t<img decoding=\"async\" width=\"800\" height=\"533\" src=\"https:\/\/cni.hn\/wp-content\/uploads\/2025\/07\/Imagen-de-WhatsApp-2025-07-16-a-las-16.02.14_393ec83b-1024x682.jpg\" class=\"attachment-large size-large wp-image-6256\" alt=\"\" srcset=\"https:\/\/cni.hn\/wp-content\/uploads\/2025\/07\/Imagen-de-WhatsApp-2025-07-16-a-las-16.02.14_393ec83b-1024x682.jpg 1024w, https:\/\/cni.hn\/wp-content\/uploads\/2025\/07\/Imagen-de-WhatsApp-2025-07-16-a-las-16.02.14_393ec83b-300x200.jpg 300w, https:\/\/cni.hn\/wp-content\/uploads\/2025\/07\/Imagen-de-WhatsApp-2025-07-16-a-las-16.02.14_393ec83b-768x512.jpg 768w, https:\/\/cni.hn\/wp-content\/uploads\/2025\/07\/Imagen-de-WhatsApp-2025-07-16-a-las-16.02.14_393ec83b-1536x1023.jpg 1536w, https:\/\/cni.hn\/wp-content\/uploads\/2025\/07\/Imagen-de-WhatsApp-2025-07-16-a-las-16.02.14_393ec83b-18x12.jpg 18w, https:\/\/cni.hn\/wp-content\/uploads\/2025\/07\/Imagen-de-WhatsApp-2025-07-16-a-las-16.02.14_393ec83b.jpg 1600w\" sizes=\"(max-width: 800px) 100vw, 800px\" \/>\t\t\t\t\t\t\t\t\t\t\t\t\t\t\t<\/div>\n\t\t\t\t<\/div>\n\t\t\t\t<\/div>\n\t\t<div class=\"elementor-element elementor-element-aa1ef58 e-con-full e-flex e-con e-child\" data-id=\"aa1ef58\" data-element_type=\"container\">\n\t\t\t\t<div class=\"elementor-element elementor-element-b506d11 elementor-widget elementor-widget-text-editor\" data-id=\"b506d11\" data-element_type=\"widget\" data-widget_type=\"text-editor.default\">\n\t\t\t\t<div class=\"elementor-widget-container\">\n\t\t\t\t\t\t\t\t\t<p>Durante el acto de firma, FEDECAMARA extendi\u00f3 una invitaci\u00f3n formal al CNI para que se sume como patrocinador oficial del II Encuentro Cameral de Honduras \u2013 ENCAMERAH 2025, a celebrarse en septiembre pr\u00f3ximo en Tegucigalpa.<\/p><p>Este importante evento congregar\u00e1 a m\u00e1s de 200 representantes de c\u00e1maras de comercio, gremios empresariales, c\u00e1maras binacionales, cooperantes y l\u00edderes del sector privado, con el objetivo de fomentar la innovaci\u00f3n, sostenibilidad y fortalecimiento institucional del ecosistema empresarial del pa\u00eds.<\/p>\t\t\t\t\t\t\t\t<\/div>\n\t\t\t\t<\/div>\n\t\t\t\t<\/div>\n\t\t\t\t\t<\/div>\n\t\t\t\t<\/div>\n\t\t<div class=\"elementor-element elementor-element-d0d7ec3 e-flex e-con-boxed e-con e-parent\" data-id=\"d0d7ec3\" data-element_type=\"container\">\n\t\t\t\t\t<div class=\"e-con-inner\">\n\t\t\t\t<div class=\"elementor-element elementor-element-d040531 elementor-widget elementor-widget-heading\" data-id=\"d040531\" data-element_type=\"widget\" data-widget_type=\"heading.default\">\n\t\t\t\t<div class=\"elementor-widget-container\">\n\t\t\t\t\t<h2 class=\"elementor-heading-title elementor-size-default\">De inter\u00e9s<\/h2>\t\t\t\t<\/div>\n\t\t\t\t<\/div>\n\t\t\t\t\t<\/div>\n\t\t\t\t<\/div>\n\t\t<div class=\"elementor-element elementor-element-3e8fce7 e-flex e-con-boxed e-con e-parent\" data-id=\"3e8fce7\" data-element_type=\"container\">\n\t\t\t\t\t<div class=\"e-con-inner\">\n\t\t\t\t<div class=\"elementor-element elementor-element-065d29d elementor-widget elementor-widget-text-editor\" data-id=\"065d29d\" data-element_type=\"widget\" data-widget_type=\"text-editor.default\">\n\t\t\t\t<div class=\"elementor-widget-container\">\n\t\t\t\t\t\t\t\t\t<p>\u2022 El CNI y FEDECAMARA sellan un convenio que facilitar\u00e1 inversi\u00f3n nacional y extranjera con acompa\u00f1amiento integral.<\/p><p>\u2022 La alianza busca mejorar el entorno de negocios y fomentar la confianza en el pa\u00eds como destino de inversi\u00f3n.<\/p><p>\u2022 FEDECAMARA invit\u00f3 al CNI como socio estrat\u00e9gico del ENCAMERAH 2025, evento clave del ecosistema empresarial\u00a0hondure\u00f1o.<\/p>\t\t\t\t\t\t\t\t<\/div>\n\t\t\t\t<\/div>\n\t\t\t\t\t<\/div>\n\t\t\t\t<\/div>\n\t\t\t\t<\/div>","protected":false},"excerpt":{"rendered":"<p>\ud835\udc13\ud835\udc1e\ud835\udc20\ud835\udc2e\ud835\udc1c\ud835\udc22\ud835\udc20\ud835\udc1a\ud835\udc25\ud835\udc29\ud835\udc1a, \ud835\udfcf\ud835\udfd4 \ud835\udc1d\ud835\udc1e \ud835\udc23\ud835\udc2e\ud835\udc25\ud835\udc22\ud835\udc28 \ud835\udc1d\ud835\udc1e \ud835\udfd0\ud835\udfce\ud835\udfd0\ud835\udfd3.Con el firme prop\u00f3sito de consolidar un entorno m\u00e1s atractivo, seguro y competitivo para la inversi\u00f3n en Honduras, el Consejo Nacional de Inversiones (CNI) y la Federaci\u00f3n de C\u00e1maras de Comercio e Industrias de Honduras (FEDECAMARA) formalizaron este mi\u00e9rcoles la firma de un Convenio Marco de Colaboraci\u00f3n Interinstitucional, cuyo objetivo [&hellip;]<\/p>","protected":false},"author":2,"featured_media":6255,"comment_status":"closed","ping_status":"closed","sticky":false,"template":"","format":"standard","meta":{"footnotes":""},"categories":[1],"tags":[],"sector_relacionado":[],"class_list":["post-6253","post","type-post","status-publish","format-standard","has-post-thumbnail","hentry","category-prensa"],"yoast_head":"<!-- This site is optimized with the Yoast SEO plugin v24.8.1 - https:\/\/yoast.com\/wordpress\/plugins\/seo\/ -->\n<title>Convenio CNI - FEDECAMARA refuerza clima de inversi\u00f3n en Honduras - CNI Honduras<\/title>\n<meta name=\"robots\" content=\"index, follow, max-snippet:-1, max-image-preview:large, max-video-preview:-1\" \/>\n<link rel=\"canonical\" href=\"https:\/\/cni.hn\/en\/convenio-cni-fedecamara-refuerza-clima-de-inversion-en-honduras\/\" \/>\n<meta property=\"og:locale\" content=\"en_US\" \/>\n<meta property=\"og:type\" content=\"article\" \/>\n<meta property=\"og:title\" content=\"Convenio CNI - FEDECAMARA refuerza clima de inversi\u00f3n en Honduras - CNI Honduras\" \/>\n<meta property=\"og:description\" content=\"\ud835\udc13\ud835\udc1e\ud835\udc20\ud835\udc2e\ud835\udc1c\ud835\udc22\ud835\udc20\ud835\udc1a\ud835\udc25\ud835\udc29\ud835\udc1a, \ud835\udfcf\ud835\udfd4 \ud835\udc1d\ud835\udc1e \ud835\udc23\ud835\udc2e\ud835\udc25\ud835\udc22\ud835\udc28 \ud835\udc1d\ud835\udc1e \ud835\udfd0\ud835\udfce\ud835\udfd0\ud835\udfd3.Con el firme prop\u00f3sito de consolidar un entorno m\u00e1s atractivo, seguro y competitivo para la inversi\u00f3n en Honduras, el Consejo Nacional de Inversiones (CNI) y la Federaci\u00f3n de C\u00e1maras de Comercio e Industrias de Honduras (FEDECAMARA) formalizaron este mi\u00e9rcoles la firma de un Convenio Marco de Colaboraci\u00f3n Interinstitucional, cuyo objetivo [&hellip;]\" \/>\n<meta property=\"og:url\" content=\"https:\/\/cni.hn\/en\/convenio-cni-fedecamara-refuerza-clima-de-inversion-en-honduras\/\" \/>\n<meta property=\"og:site_name\" content=\"CNI Honduras\" \/>\n<meta property=\"article:published_time\" content=\"2025-07-18T20:37:08+00:00\" \/>\n<meta property=\"article:modified_time\" content=\"2025-07-18T20:41:08+00:00\" \/>\n<meta property=\"og:image\" content=\"https:\/\/cni.hn\/wp-content\/uploads\/2025\/07\/Imagen-de-WhatsApp-2025-07-16-a-las-16.02.14_63ab4bb6-scaled.jpg\" \/>\n\t<meta property=\"og:image:width\" content=\"2560\" \/>\n\t<meta property=\"og:image:height\" content=\"1873\" \/>\n\t<meta property=\"og:image:type\" content=\"image\/jpeg\" \/>\n<meta name=\"author\" content=\"Andres Martinez\" \/>\n<meta name=\"twitter:card\" content=\"summary_large_image\" \/>\n<meta name=\"twitter:label1\" content=\"Written by\" \/>\n\t<meta name=\"twitter:data1\" content=\"Andres Martinez\" \/>\n\t<meta name=\"twitter:label2\" content=\"Est. reading time\" \/>\n\t<meta name=\"twitter:data2\" content=\"3 minutes\" \/>\n<script type=\"application\/ld+json\" class=\"yoast-schema-graph\">{\"@context\":\"https:\/\/schema.org\",\"@graph\":[{\"@type\":\"Article\",\"@id\":\"https:\/\/cni.hn\/convenio-cni-fedecamara-refuerza-clima-de-inversion-en-honduras\/#article\",\"isPartOf\":{\"@id\":\"https:\/\/cni.hn\/convenio-cni-fedecamara-refuerza-clima-de-inversion-en-honduras\/\"},\"author\":{\"name\":\"Andres Martinez\",\"@id\":\"https:\/\/cni.hn\/#\/schema\/person\/46e1e0fecbe94fa0ad734d4ec7730175\"},\"headline\":\"Convenio CNI &#8211; FEDECAMARA refuerza clima de inversi\u00f3n en Honduras\",\"datePublished\":\"2025-07-18T20:37:08+00:00\",\"dateModified\":\"2025-07-18T20:41:08+00:00\",\"mainEntityOfPage\":{\"@id\":\"https:\/\/cni.hn\/convenio-cni-fedecamara-refuerza-clima-de-inversion-en-honduras\/\"},\"wordCount\":597,\"publisher\":{\"@id\":\"https:\/\/cni.hn\/#organization\"},\"image\":{\"@id\":\"https:\/\/cni.hn\/convenio-cni-fedecamara-refuerza-clima-de-inversion-en-honduras\/#primaryimage\"},\"thumbnailUrl\":\"https:\/\/cni.hn\/wp-content\/uploads\/2025\/07\/Imagen-de-WhatsApp-2025-07-16-a-las-16.02.14_63ab4bb6-scaled.jpg\",\"articleSection\":[\"Sala de Prensa\"],\"inLanguage\":\"en-US\"},{\"@type\":\"WebPage\",\"@id\":\"https:\/\/cni.hn\/convenio-cni-fedecamara-refuerza-clima-de-inversion-en-honduras\/\",\"url\":\"https:\/\/cni.hn\/convenio-cni-fedecamara-refuerza-clima-de-inversion-en-honduras\/\",\"name\":\"Convenio CNI - FEDECAMARA refuerza clima de inversi\u00f3n en Honduras - CNI Honduras\",\"isPartOf\":{\"@id\":\"https:\/\/cni.hn\/#website\"},\"primaryImageOfPage\":{\"@id\":\"https:\/\/cni.hn\/convenio-cni-fedecamara-refuerza-clima-de-inversion-en-honduras\/#primaryimage\"},\"image\":{\"@id\":\"https:\/\/cni.hn\/convenio-cni-fedecamara-refuerza-clima-de-inversion-en-honduras\/#primaryimage\"},\"thumbnailUrl\":\"https:\/\/cni.hn\/wp-content\/uploads\/2025\/07\/Imagen-de-WhatsApp-2025-07-16-a-las-16.02.14_63ab4bb6-scaled.jpg\",\"datePublished\":\"2025-07-18T20:37:08+00:00\",\"dateModified\":\"2025-07-18T20:41:08+00:00\",\"breadcrumb\":{\"@id\":\"https:\/\/cni.hn\/convenio-cni-fedecamara-refuerza-clima-de-inversion-en-honduras\/#breadcrumb\"},\"inLanguage\":\"en-US\",\"potentialAction\":[{\"@type\":\"ReadAction\",\"target\":[\"https:\/\/cni.hn\/convenio-cni-fedecamara-refuerza-clima-de-inversion-en-honduras\/\"]}]},{\"@type\":\"ImageObject\",\"inLanguage\":\"en-US\",\"@id\":\"https:\/\/cni.hn\/convenio-cni-fedecamara-refuerza-clima-de-inversion-en-honduras\/#primaryimage\",\"url\":\"https:\/\/cni.hn\/wp-content\/uploads\/2025\/07\/Imagen-de-WhatsApp-2025-07-16-a-las-16.02.14_63ab4bb6-scaled.jpg\",\"contentUrl\":\"https:\/\/cni.hn\/wp-content\/uploads\/2025\/07\/Imagen-de-WhatsApp-2025-07-16-a-las-16.02.14_63ab4bb6-scaled.jpg\",\"width\":2560,\"height\":1873},{\"@type\":\"BreadcrumbList\",\"@id\":\"https:\/\/cni.hn\/convenio-cni-fedecamara-refuerza-clima-de-inversion-en-honduras\/#breadcrumb\",\"itemListElement\":[{\"@type\":\"ListItem\",\"position\":1,\"name\":\"Home\",\"item\":\"https:\/\/cni.hn\/\"},{\"@type\":\"ListItem\",\"position\":2,\"name\":\"Convenio CNI &#8211; FEDECAMARA refuerza clima de inversi\u00f3n en Honduras\"}]},{\"@type\":\"WebSite\",\"@id\":\"https:\/\/cni.hn\/#website\",\"url\":\"https:\/\/cni.hn\/\",\"name\":\"CNI Honduras\",\"description\":\"\",\"publisher\":{\"@id\":\"https:\/\/cni.hn\/#organization\"},\"potentialAction\":[{\"@type\":\"SearchAction\",\"target\":{\"@type\":\"EntryPoint\",\"urlTemplate\":\"https:\/\/cni.hn\/?s={search_term_string}\"},\"query-input\":{\"@type\":\"PropertyValueSpecification\",\"valueRequired\":true,\"valueName\":\"search_term_string\"}}],\"inLanguage\":\"en-US\"},{\"@type\":\"Organization\",\"@id\":\"https:\/\/cni.hn\/#organization\",\"name\":\"CNI Honduras\",\"url\":\"https:\/\/cni.hn\/\",\"logo\":{\"@type\":\"ImageObject\",\"inLanguage\":\"en-US\",\"@id\":\"https:\/\/cni.hn\/#\/schema\/logo\/image\/\",\"url\":\"https:\/\/cni.hn\/wp-content\/uploads\/2024\/10\/logo-cni.png\",\"contentUrl\":\"https:\/\/cni.hn\/wp-content\/uploads\/2024\/10\/logo-cni.png\",\"width\":390,\"height\":390,\"caption\":\"CNI Honduras\"},\"image\":{\"@id\":\"https:\/\/cni.hn\/#\/schema\/logo\/image\/\"}},{\"@type\":\"Person\",\"@id\":\"https:\/\/cni.hn\/#\/schema\/person\/46e1e0fecbe94fa0ad734d4ec7730175\",\"name\":\"Andres Martinez\",\"image\":{\"@type\":\"ImageObject\",\"inLanguage\":\"en-US\",\"@id\":\"https:\/\/cni.hn\/#\/schema\/person\/image\/\",\"url\":\"https:\/\/secure.gravatar.com\/avatar\/b685702cf01e6c6b2ca1586d92e9a3cef7b8c42ecb312ffa3be56699c3f1b6f6?s=96&d=mm&r=g\",\"contentUrl\":\"https:\/\/secure.gravatar.com\/avatar\/b685702cf01e6c6b2ca1586d92e9a3cef7b8c42ecb312ffa3be56699c3f1b6f6?s=96&d=mm&r=g\",\"caption\":\"Andres Martinez\"},\"url\":\"https:\/\/cni.hn\/en\/author\/amartinezcni-hn\/\"}]}<\/script>\n<!-- \/ Yoast SEO plugin. -->","yoast_head_json":{"title":"Convenio CNI - FEDECAMARA refuerza clima de inversi\u00f3n en Honduras - CNI Honduras","robots":{"index":"index","follow":"follow","max-snippet":"max-snippet:-1","max-image-preview":"max-image-preview:large","max-video-preview":"max-video-preview:-1"},"canonical":"https:\/\/cni.hn\/en\/convenio-cni-fedecamara-refuerza-clima-de-inversion-en-honduras\/","og_locale":"en_US","og_type":"article","og_title":"Convenio CNI - FEDECAMARA refuerza clima de inversi\u00f3n en Honduras - CNI Honduras","og_description":"\ud835\udc13\ud835\udc1e\ud835\udc20\ud835\udc2e\ud835\udc1c\ud835\udc22\ud835\udc20\ud835\udc1a\ud835\udc25\ud835\udc29\ud835\udc1a, \ud835\udfcf\ud835\udfd4 \ud835\udc1d\ud835\udc1e \ud835\udc23\ud835\udc2e\ud835\udc25\ud835\udc22\ud835\udc28 \ud835\udc1d\ud835\udc1e \ud835\udfd0\ud835\udfce\ud835\udfd0\ud835\udfd3.Con el firme prop\u00f3sito de consolidar un entorno m\u00e1s atractivo, seguro y competitivo para la inversi\u00f3n en Honduras, el Consejo Nacional de Inversiones (CNI) y la Federaci\u00f3n de C\u00e1maras de Comercio e Industrias de Honduras (FEDECAMARA) formalizaron este mi\u00e9rcoles la firma de un Convenio Marco de Colaboraci\u00f3n Interinstitucional, cuyo objetivo [&hellip;]","og_url":"https:\/\/cni.hn\/en\/convenio-cni-fedecamara-refuerza-clima-de-inversion-en-honduras\/","og_site_name":"CNI Honduras","article_published_time":"2025-07-18T20:37:08+00:00","article_modified_time":"2025-07-18T20:41:08+00:00","og_image":[{"width":2560,"height":1873,"url":"https:\/\/cni.hn\/wp-content\/uploads\/2025\/07\/Imagen-de-WhatsApp-2025-07-16-a-las-16.02.14_63ab4bb6-scaled.jpg","type":"image\/jpeg"}],"author":"Andres Martinez","twitter_card":"summary_large_image","twitter_misc":{"Written by":"Andres Martinez","Est. reading time":"3 minutes"},"schema":{"@context":"https:\/\/schema.org","@graph":[{"@type":"Article","@id":"https:\/\/cni.hn\/convenio-cni-fedecamara-refuerza-clima-de-inversion-en-honduras\/#article","isPartOf":{"@id":"https:\/\/cni.hn\/convenio-cni-fedecamara-refuerza-clima-de-inversion-en-honduras\/"},"author":{"name":"Andres Martinez","@id":"https:\/\/cni.hn\/#\/schema\/person\/46e1e0fecbe94fa0ad734d4ec7730175"},"headline":"Convenio CNI &#8211; FEDECAMARA refuerza clima de inversi\u00f3n en Honduras","datePublished":"2025-07-18T20:37:08+00:00","dateModified":"2025-07-18T20:41:08+00:00","mainEntityOfPage":{"@id":"https:\/\/cni.hn\/convenio-cni-fedecamara-refuerza-clima-de-inversion-en-honduras\/"},"wordCount":597,"publisher":{"@id":"https:\/\/cni.hn\/#organization"},"image":{"@id":"https:\/\/cni.hn\/convenio-cni-fedecamara-refuerza-clima-de-inversion-en-honduras\/#primaryimage"},"thumbnailUrl":"https:\/\/cni.hn\/wp-content\/uploads\/2025\/07\/Imagen-de-WhatsApp-2025-07-16-a-las-16.02.14_63ab4bb6-scaled.jpg","articleSection":["Sala de Prensa"],"inLanguage":"en-US"},{"@type":"WebPage","@id":"https:\/\/cni.hn\/convenio-cni-fedecamara-refuerza-clima-de-inversion-en-honduras\/","url":"https:\/\/cni.hn\/convenio-cni-fedecamara-refuerza-clima-de-inversion-en-honduras\/","name":"Convenio CNI - FEDECAMARA refuerza clima de inversi\u00f3n en Honduras - CNI Honduras","isPartOf":{"@id":"https:\/\/cni.hn\/#website"},"primaryImageOfPage":{"@id":"https:\/\/cni.hn\/convenio-cni-fedecamara-refuerza-clima-de-inversion-en-honduras\/#primaryimage"},"image":{"@id":"https:\/\/cni.hn\/convenio-cni-fedecamara-refuerza-clima-de-inversion-en-honduras\/#primaryimage"},"thumbnailUrl":"https:\/\/cni.hn\/wp-content\/uploads\/2025\/07\/Imagen-de-WhatsApp-2025-07-16-a-las-16.02.14_63ab4bb6-scaled.jpg","datePublished":"2025-07-18T20:37:08+00:00","dateModified":"2025-07-18T20:41:08+00:00","breadcrumb":{"@id":"https:\/\/cni.hn\/convenio-cni-fedecamara-refuerza-clima-de-inversion-en-honduras\/#breadcrumb"},"inLanguage":"en-US","potentialAction":[{"@type":"ReadAction","target":["https:\/\/cni.hn\/convenio-cni-fedecamara-refuerza-clima-de-inversion-en-honduras\/"]}]},{"@type":"ImageObject","inLanguage":"en-US","@id":"https:\/\/cni.hn\/convenio-cni-fedecamara-refuerza-clima-de-inversion-en-honduras\/#primaryimage","url":"https:\/\/cni.hn\/wp-content\/uploads\/2025\/07\/Imagen-de-WhatsApp-2025-07-16-a-las-16.02.14_63ab4bb6-scaled.jpg","contentUrl":"https:\/\/cni.hn\/wp-content\/uploads\/2025\/07\/Imagen-de-WhatsApp-2025-07-16-a-las-16.02.14_63ab4bb6-scaled.jpg","width":2560,"height":1873},{"@type":"BreadcrumbList","@id":"https:\/\/cni.hn\/convenio-cni-fedecamara-refuerza-clima-de-inversion-en-honduras\/#breadcrumb","itemListElement":[{"@type":"ListItem","position":1,"name":"Home","item":"https:\/\/cni.hn\/"},{"@type":"ListItem","position":2,"name":"Convenio CNI &#8211; FEDECAMARA refuerza clima de inversi\u00f3n en Honduras"}]},{"@type":"WebSite","@id":"https:\/\/cni.hn\/#website","url":"https:\/\/cni.hn\/","name":"CNI Honduras","description":"","publisher":{"@id":"https:\/\/cni.hn\/#organization"},"potentialAction":[{"@type":"SearchAction","target":{"@type":"EntryPoint","urlTemplate":"https:\/\/cni.hn\/?s={search_term_string}"},"query-input":{"@type":"PropertyValueSpecification","valueRequired":true,"valueName":"search_term_string"}}],"inLanguage":"en-US"},{"@type":"Organization","@id":"https:\/\/cni.hn\/#organization","name":"CNI Honduras","url":"https:\/\/cni.hn\/","logo":{"@type":"ImageObject","inLanguage":"en-US","@id":"https:\/\/cni.hn\/#\/schema\/logo\/image\/","url":"https:\/\/cni.hn\/wp-content\/uploads\/2024\/10\/logo-cni.png","contentUrl":"https:\/\/cni.hn\/wp-content\/uploads\/2024\/10\/logo-cni.png","width":390,"height":390,"caption":"CNI Honduras"},"image":{"@id":"https:\/\/cni.hn\/#\/schema\/logo\/image\/"}},{"@type":"Person","@id":"https:\/\/cni.hn\/#\/schema\/person\/46e1e0fecbe94fa0ad734d4ec7730175","name":"Andres Martinez","image":{"@type":"ImageObject","inLanguage":"en-US","@id":"https:\/\/cni.hn\/#\/schema\/person\/image\/","url":"https:\/\/secure.gravatar.com\/avatar\/b685702cf01e6c6b2ca1586d92e9a3cef7b8c42ecb312ffa3be56699c3f1b6f6?s=96&d=mm&r=g","contentUrl":"https:\/\/secure.gravatar.com\/avatar\/b685702cf01e6c6b2ca1586d92e9a3cef7b8c42ecb312ffa3be56699c3f1b6f6?s=96&d=mm&r=g","caption":"Andres Martinez"},"url":"https:\/\/cni.hn\/en\/author\/amartinezcni-hn\/"}]}},"_links":{"self":[{"href":"https:\/\/cni.hn\/en\/wp-json\/wp\/v2\/posts\/6253","targetHints":{"allow":["GET"]}}],"collection":[{"href":"https:\/\/cni.hn\/en\/wp-json\/wp\/v2\/posts"}],"about":[{"href":"https:\/\/cni.hn\/en\/wp-json\/wp\/v2\/types\/post"}],"author":[{"embeddable":true,"href":"https:\/\/cni.hn\/en\/wp-json\/wp\/v2\/users\/2"}],"replies":[{"embeddable":true,"href":"https:\/\/cni.hn\/en\/wp-json\/wp\/v2\/comments?post=6253"}],"version-history":[{"count":0,"href":"https:\/\/cni.hn\/en\/wp-json\/wp\/v2\/posts\/6253\/revisions"}],"wp:featuredmedia":[{"embeddable":true,"href":"https:\/\/cni.hn\/en\/wp-json\/wp\/v2\/media\/6255"}],"wp:attachment":[{"href":"https:\/\/cni.hn\/en\/wp-json\/wp\/v2\/media?parent=6253"}],"wp:term":[{"taxonomy":"category","embeddable":true,"href":"https:\/\/cni.hn\/en\/wp-json\/wp\/v2\/categories?post=6253"},{"taxonomy":"post_tag","embeddable":true,"href":"https:\/\/cni.hn\/en\/wp-json\/wp\/v2\/tags?post=6253"},{"taxonomy":"sector_relacionado","embeddable":true,"href":"https:\/\/cni.hn\/en\/wp-json\/wp\/v2\/sector_relacionado?post=6253"}],"curies":[{"name":"wp","href":"https:\/\/api.w.org\/{rel}","templated":true}]}}