{"id":6191,"date":"2025-06-25T17:42:38","date_gmt":"2025-06-25T17:42:38","guid":{"rendered":"https:\/\/cni.hn\/?p=6191"},"modified":"2025-06-25T17:58:44","modified_gmt":"2025-06-25T17:58:44","slug":"%f0%9d%90%84%f0%9d%90%a6%f0%9d%90%a9%f0%9d%90%ab%f0%9d%90%9e%f0%9d%90%ac%f0%9d%90%9a%f0%9d%90%ab%f0%9d%90%a2%f0%9d%90%a8%f0%9d%90%ac-%f0%9d%90%9b%f0%9d%90%ab%f0%9d%90%9a%f0%9d%90%ac%f0%9d%90%a2","status":"publish","type":"post","link":"https:\/\/cni.hn\/en\/%f0%9d%90%84%f0%9d%90%a6%f0%9d%90%a9%f0%9d%90%ab%f0%9d%90%9e%f0%9d%90%ac%f0%9d%90%9a%f0%9d%90%ab%f0%9d%90%a2%f0%9d%90%a8%f0%9d%90%ac-%f0%9d%90%9b%f0%9d%90%ab%f0%9d%90%9a%f0%9d%90%ac%f0%9d%90%a2\/","title":{"rendered":"\ud835\udc04\ud835\udc26\ud835\udc29\ud835\udc2b\ud835\udc1e\ud835\udc2c\ud835\udc1a\ud835\udc2b\ud835\udc22\ud835\udc28\ud835\udc2c \ud835\udc1b\ud835\udc2b\ud835\udc1a\ud835\udc2c\ud835\udc22\ud835\udc25\ud835\udc1e\u00f1\ud835\udc28\ud835\udc2c \ud835\udc1d\ud835\udc1e \ud835\udc25\ud835\udc1a \ud835\udc00\ud835\udc02\ud835\udc11\ud835\udc09 \ud835\udc26\ud835\udc2e\ud835\udc1e\ud835\udc2c\ud835\udc2d\ud835\udc2b\ud835\udc1a\ud835\udc27 \ud835\udc1a\ud835\udc25\ud835\udc2d\ud835\udc28 \ud835\udc22\ud835\udc27\ud835\udc2d\ud835\udc1e\ud835\udc2b\u00e9\ud835\udc2c \ud835\udc1e\ud835\udc27 \ud835\udc22\ud835\udc27\ud835\udc2f\ud835\udc1e\ud835\udc2b\ud835\udc2d\ud835\udc22\ud835\udc2b \ud835\udc1e\ud835\udc27 \ud835\udc07\ud835\udc28\ud835\udc27\ud835\udc1d\ud835\udc2e\ud835\udc2b\ud835\udc1a\ud835\udc2c"},"content":{"rendered":"<div data-elementor-type=\"wp-post\" data-elementor-id=\"6191\" class=\"elementor elementor-6191\" data-elementor-post-type=\"post\">\n\t\t\t\t<div class=\"elementor-element elementor-element-92fca17 e-flex e-con-boxed e-con e-parent\" data-id=\"92fca17\" data-element_type=\"container\">\n\t\t\t\t\t<div class=\"e-con-inner\">\n\t\t\t\t<div class=\"elementor-element elementor-element-ffc2c67 elementor-widget elementor-widget-text-editor\" data-id=\"ffc2c67\" data-element_type=\"widget\" data-widget_type=\"text-editor.default\">\n\t\t\t\t<div class=\"elementor-widget-container\">\n\t\t\t\t\t\t\t\t\t<p>\ud835\udc11\u00ed\ud835\udc28 \ud835\udc1d\ud835\udc1e \ud835\udc09\ud835\udc1a\ud835\udc27\ud835\udc1e\ud835\udc22\ud835\udc2b\ud835\udc28, \ud835\udc01\ud835\udc2b\ud835\udc1a\ud835\udc2c\ud835\udc22\ud835\udc25, \ud835\udfcf\ud835\udfd5 \ud835\udc1d\ud835\udc1e \ud835\udc23\ud835\udc2e\ud835\udc27\ud835\udc22\ud835\udc28 \ud835\udc1d\ud835\udc1e \ud835\udfd0\ud835\udfce\ud835\udfd0\ud835\udfd3 \u2014Un total de 102 empresarios brasile\u00f1os, miembros de la Asociaci\u00f3n Comercial de R\u00edo de Janeiro (ACRJ), expresaron un marcado inter\u00e9s por las oportunidades de inversi\u00f3n en Honduras, particularmente en el \u00e1mbito aduanero y log\u00edstico, durante el Foro Empresarial celebrado este lunes en la ciudad carioca.<\/p><p>El evento fue impulsado por el Consejo Nacional de Inversiones (CNI) de Honduras como parte de su Estrategia de Promoci\u00f3n para atraer inversi\u00f3n extranjera directa.<\/p><p>El foro se desarroll\u00f3 en las instalaciones de la ACRJ por m\u00e1s de cuatro horas y congreg\u00f3 a l\u00edderes de sectores clave como agroindustria, manufactura, energ\u00eda renovable, turismo, infraestructura, log\u00edstica y tecnolog\u00eda. El evento marc\u00f3 el inicio de una ruta estrat\u00e9gica de posicionamiento del clima de inversiones de Honduras en mercados prioritarios como el brasile\u00f1o.<\/p>\t\t\t\t\t\t\t\t<\/div>\n\t\t\t\t<\/div>\n\t\t\t\t\t<\/div>\n\t\t\t\t<\/div>\n\t\t<div class=\"elementor-element elementor-element-7c7bb22 e-flex e-con-boxed e-con e-parent\" data-id=\"7c7bb22\" data-element_type=\"container\">\n\t\t\t\t\t<div class=\"e-con-inner\">\n\t\t\t\t<div class=\"elementor-element elementor-element-4a42dd9 elementor-widget elementor-widget-heading\" data-id=\"4a42dd9\" data-element_type=\"widget\" data-widget_type=\"heading.default\">\n\t\t\t\t<div class=\"elementor-widget-container\">\n\t\t\t\t\t<h2 class=\"elementor-heading-title elementor-size-default\">Potencial aduanero<\/h2>\t\t\t\t<\/div>\n\t\t\t\t<\/div>\n\t\t\t\t\t<\/div>\n\t\t\t\t<\/div>\n\t\t<div class=\"elementor-element elementor-element-9ba4cb5 e-flex e-con-boxed e-con e-parent\" data-id=\"9ba4cb5\" data-element_type=\"container\">\n\t\t\t\t\t<div class=\"e-con-inner\">\n\t\t\t\t<div class=\"elementor-element elementor-element-388b77d elementor-widget elementor-widget-text-editor\" data-id=\"388b77d\" data-element_type=\"widget\" data-widget_type=\"text-editor.default\">\n\t\t\t\t<div class=\"elementor-widget-container\">\n\t\t\t\t\t\t\t\t\t<p>Uno de los puntos de mayor resonancia fue el inter\u00e9s de los empresarios brasile\u00f1os en el potencial aduanero de Honduras, considerando que Brasil no cuenta actualmente con tratados comerciales vigentes con Estados Unidos.<\/p><p>\u201cHonduras representa una puerta estrat\u00e9gica para acceder al mercado norteamericano, gracias a su cercan\u00eda, sus tratados comerciales y su moderna infraestructura log\u00edstica\u201d, se\u00f1al\u00f3 Miguel Medina, ministro de Inversiones y secretario ejecutivo del CNI.<\/p><p>En su intervenci\u00f3n, Medina invit\u00f3 formalmente a los empresarios brasile\u00f1os a participar en una gira exploratoria de inversi\u00f3n que se llevar\u00e1 a cabo en septiembre en Honduras. \u201cQueremos presentarles la mejor cara del pa\u00eds. Este gobierno est\u00e1 comprometido con atraer inversiones que generen empleo digno y valor agregado. Est\u00e1n todos invitados a conocer de cerca nuestro ecosistema productivo\u201d, destac\u00f3.<\/p><p>El equipo t\u00e9cnico del CNI realiz\u00f3 una exposici\u00f3n detallada sobre los sectores priorizados por la presidenta Xiomara Castro, haciendo \u00e9nfasis en las ventajas competitivas de Honduras como hub log\u00edstico regional y destino confiable de manufactura avanzada, agroindustria y turismo.<\/p><p>Durante la presentaci\u00f3n, se resalt\u00f3 tambi\u00e9n el acompa\u00f1amiento gratuito que brinda el CNI a inversionistas en todo el ciclo del proceso, a trav\u00e9s de su plataforma \u201cRuta del Inversionista\u201d.<\/p>\t\t\t\t\t\t\t\t<\/div>\n\t\t\t\t<\/div>\n\t\t\t\t\t<\/div>\n\t\t\t\t<\/div>\n\t\t<div class=\"elementor-element elementor-element-08b7fc1 e-flex e-con-boxed e-con e-parent\" data-id=\"08b7fc1\" data-element_type=\"container\">\n\t\t\t\t\t<div class=\"e-con-inner\">\n\t\t<div class=\"elementor-element elementor-element-8eaacfa e-con-full e-flex e-con e-child\" data-id=\"8eaacfa\" data-element_type=\"container\">\n\t\t\t\t<div class=\"elementor-element elementor-element-9b0f71c elementor-widget elementor-widget-image\" data-id=\"9b0f71c\" data-element_type=\"widget\" data-widget_type=\"image.default\">\n\t\t\t\t<div class=\"elementor-widget-container\">\n\t\t\t\t\t\t\t\t\t\t\t\t\t\t\t<img fetchpriority=\"high\" decoding=\"async\" width=\"800\" height=\"534\" src=\"https:\/\/cni.hn\/wp-content\/uploads\/2025\/06\/empresarios-brasilenos-1024x683.jpg\" class=\"attachment-large size-large wp-image-6195\" alt=\"\" srcset=\"https:\/\/cni.hn\/wp-content\/uploads\/2025\/06\/empresarios-brasilenos-1024x683.jpg 1024w, https:\/\/cni.hn\/wp-content\/uploads\/2025\/06\/empresarios-brasilenos-300x200.jpg 300w, https:\/\/cni.hn\/wp-content\/uploads\/2025\/06\/empresarios-brasilenos-768x512.jpg 768w, https:\/\/cni.hn\/wp-content\/uploads\/2025\/06\/empresarios-brasilenos-1536x1024.jpg 1536w, https:\/\/cni.hn\/wp-content\/uploads\/2025\/06\/empresarios-brasilenos-18x12.jpg 18w, https:\/\/cni.hn\/wp-content\/uploads\/2025\/06\/empresarios-brasilenos.jpg 1600w\" sizes=\"(max-width: 800px) 100vw, 800px\" \/>\t\t\t\t\t\t\t\t\t\t\t\t\t\t\t<\/div>\n\t\t\t\t<\/div>\n\t\t\t\t<\/div>\n\t\t<div class=\"elementor-element elementor-element-e3af12c e-con-full e-flex e-con e-child\" data-id=\"e3af12c\" data-element_type=\"container\">\n\t\t\t\t<div class=\"elementor-element elementor-element-980601e elementor-widget elementor-widget-image\" data-id=\"980601e\" data-element_type=\"widget\" data-widget_type=\"image.default\">\n\t\t\t\t<div class=\"elementor-widget-container\">\n\t\t\t\t\t\t\t\t\t\t\t\t\t\t\t<img decoding=\"async\" width=\"800\" height=\"534\" src=\"https:\/\/cni.hn\/wp-content\/uploads\/2025\/06\/Mnistro-Miguel-1024x683.jpg\" class=\"attachment-large size-large wp-image-6194\" alt=\"\" srcset=\"https:\/\/cni.hn\/wp-content\/uploads\/2025\/06\/Mnistro-Miguel-1024x683.jpg 1024w, https:\/\/cni.hn\/wp-content\/uploads\/2025\/06\/Mnistro-Miguel-300x200.jpg 300w, https:\/\/cni.hn\/wp-content\/uploads\/2025\/06\/Mnistro-Miguel-768x512.jpg 768w, https:\/\/cni.hn\/wp-content\/uploads\/2025\/06\/Mnistro-Miguel-1536x1024.jpg 1536w, https:\/\/cni.hn\/wp-content\/uploads\/2025\/06\/Mnistro-Miguel-18x12.jpg 18w, https:\/\/cni.hn\/wp-content\/uploads\/2025\/06\/Mnistro-Miguel.jpg 1600w\" sizes=\"(max-width: 800px) 100vw, 800px\" \/>\t\t\t\t\t\t\t\t\t\t\t\t\t\t\t<\/div>\n\t\t\t\t<\/div>\n\t\t\t\t<\/div>\n\t\t\t\t\t<\/div>\n\t\t\t\t<\/div>\n\t\t<div class=\"elementor-element elementor-element-02672d8 e-flex e-con-boxed e-con e-parent\" data-id=\"02672d8\" data-element_type=\"container\">\n\t\t\t\t\t<div class=\"e-con-inner\">\n\t\t\t\t<div class=\"elementor-element elementor-element-f41d7a5 elementor-widget elementor-widget-heading\" data-id=\"f41d7a5\" data-element_type=\"widget\" data-widget_type=\"heading.default\">\n\t\t\t\t<div class=\"elementor-widget-container\">\n\t\t\t\t\t<h2 class=\"elementor-heading-title elementor-size-default\">Cierre<\/h2>\t\t\t\t<\/div>\n\t\t\t\t<\/div>\n\t\t\t\t\t<\/div>\n\t\t\t\t<\/div>\n\t\t<div class=\"elementor-element elementor-element-011607e e-flex e-con-boxed e-con e-parent\" data-id=\"011607e\" data-element_type=\"container\">\n\t\t\t\t\t<div class=\"e-con-inner\">\n\t\t\t\t<div class=\"elementor-element elementor-element-0feec5f elementor-widget elementor-widget-text-editor\" data-id=\"0feec5f\" data-element_type=\"widget\" data-widget_type=\"text-editor.default\">\n\t\t\t\t<div class=\"elementor-widget-container\">\n\t\t\t\t\t\t\t\t\t<p>El foro concluy\u00f3 con una activa sesi\u00f3n de preguntas y respuestas. Jacyra Lucas, vicepresidenta de la ACRJ, dirigi\u00f3 unas palabras al cierre del encuentro: \u201cEste tipo de alianzas nos permiten conocer oportunidades reales en pa\u00edses estrat\u00e9gicos como Honduras. El profesionalismo de su delegaci\u00f3n y su visi\u00f3n econ\u00f3mica nos deja motivados a explorar este mercado con seriedad\u201d, expres\u00f3.<\/p>\t\t\t\t\t\t\t\t<\/div>\n\t\t\t\t<\/div>\n\t\t\t\t\t<\/div>\n\t\t\t\t<\/div>\n\t\t<div class=\"elementor-element elementor-element-8cbd6d0 e-flex e-con-boxed e-con e-parent\" data-id=\"8cbd6d0\" data-element_type=\"container\">\n\t\t\t\t\t<div class=\"e-con-inner\">\n\t\t\t\t<div class=\"elementor-element elementor-element-cd28709 elementor-widget elementor-widget-text-editor\" data-id=\"cd28709\" data-element_type=\"widget\" data-widget_type=\"text-editor.default\">\n\t\t\t\t<div class=\"elementor-widget-container\">\n\t\t\t\t\t\t\t\t\t<h3>\ud835\udc03\ud835\udc1e \ud835\udc22\ud835\udc27\ud835\udc2d\ud835\udc1e\ud835\udc2b\u00e9\ud835\udc2c<\/h3><p>\u2022 Se realiz\u00f3 el Foro Empresarial en la sede de la ACRJ con m\u00e1s de 100 empresarios.<\/p><p>\u2022 Inter\u00e9s destacado en inversi\u00f3n aduanera como v\u00eda alternativa de acceso a EE. UU.<\/p><p>\u2022 Invitaci\u00f3n oficial a gira exploratoria de inversi\u00f3n en Honduras en septiembre.<\/p><h3>\ud835\udc02\ud835\udc28\ud835\udc27\ud835\udc1c\ud835\udc25\ud835\udc2e\ud835\udc2c\ud835\udc22\u00f3\ud835\udc27:<\/h3><p>Este foro marca un hito inicial en la Estrategia de Promoci\u00f3n liderada por el CNI, consolidando un inter\u00e9s bilateral que proyecta nuevas inversiones\u00a0para\u00a0Honduras.<\/p>\t\t\t\t\t\t\t\t<\/div>\n\t\t\t\t<\/div>\n\t\t\t\t\t<\/div>\n\t\t\t\t<\/div>\n\t\t\t\t<\/div>","protected":false},"excerpt":{"rendered":"<p>\ud835\udc11\u00ed\ud835\udc28 \ud835\udc1d\ud835\udc1e \ud835\udc09\ud835\udc1a\ud835\udc27\ud835\udc1e\ud835\udc22\ud835\udc2b\ud835\udc28, \ud835\udc01\ud835\udc2b\ud835\udc1a\ud835\udc2c\ud835\udc22\ud835\udc25, \ud835\udfcf\ud835\udfd5 \ud835\udc1d\ud835\udc1e \ud835\udc23\ud835\udc2e\ud835\udc27\ud835\udc22\ud835\udc28 \ud835\udc1d\ud835\udc1e \ud835\udfd0\ud835\udfce\ud835\udfd0\ud835\udfd3 \u2014Un total de 102 empresarios brasile\u00f1os, miembros de la Asociaci\u00f3n Comercial de R\u00edo de Janeiro (ACRJ), expresaron un marcado inter\u00e9s por las oportunidades de inversi\u00f3n en Honduras, particularmente en el \u00e1mbito aduanero y log\u00edstico, durante el Foro Empresarial celebrado este lunes en la ciudad carioca. El [&hellip;]<\/p>","protected":false},"author":2,"featured_media":6192,"comment_status":"closed","ping_status":"closed","sticky":false,"template":"","format":"standard","meta":{"footnotes":""},"categories":[1],"tags":[],"sector_relacionado":[],"class_list":["post-6191","post","type-post","status-publish","format-standard","has-post-thumbnail","hentry","category-prensa"],"yoast_head":"<!-- This site is optimized with the Yoast SEO plugin v24.8.1 - https:\/\/yoast.com\/wordpress\/plugins\/seo\/ -->\n<title>\ud835\udc04\ud835\udc26\ud835\udc29\ud835\udc2b\ud835\udc1e\ud835\udc2c\ud835\udc1a\ud835\udc2b\ud835\udc22\ud835\udc28\ud835\udc2c \ud835\udc1b\ud835\udc2b\ud835\udc1a\ud835\udc2c\ud835\udc22\ud835\udc25\ud835\udc1e\u00f1\ud835\udc28\ud835\udc2c \ud835\udc1d\ud835\udc1e \ud835\udc25\ud835\udc1a \ud835\udc00\ud835\udc02\ud835\udc11\ud835\udc09 \ud835\udc26\ud835\udc2e\ud835\udc1e\ud835\udc2c\ud835\udc2d\ud835\udc2b\ud835\udc1a\ud835\udc27 \ud835\udc1a\ud835\udc25\ud835\udc2d\ud835\udc28 \ud835\udc22\ud835\udc27\ud835\udc2d\ud835\udc1e\ud835\udc2b\u00e9\ud835\udc2c \ud835\udc1e\ud835\udc27 \ud835\udc22\ud835\udc27\ud835\udc2f\ud835\udc1e\ud835\udc2b\ud835\udc2d\ud835\udc22\ud835\udc2b \ud835\udc1e\ud835\udc27 \ud835\udc07\ud835\udc28\ud835\udc27\ud835\udc1d\ud835\udc2e\ud835\udc2b\ud835\udc1a\ud835\udc2c - CNI Honduras<\/title>\n<meta name=\"robots\" content=\"index, follow, max-snippet:-1, max-image-preview:large, max-video-preview:-1\" \/>\n<link rel=\"canonical\" href=\"https:\/\/cni.hn\/en\/\ud835\udc04\ud835\udc26\ud835\udc29\ud835\udc2b\ud835\udc1e\ud835\udc2c\ud835\udc1a\ud835\udc2b\ud835\udc22\ud835\udc28\ud835\udc2c-\ud835\udc1b\ud835\udc2b\ud835\udc1a\ud835\udc2c\ud835\udc22\/\" \/>\n<meta property=\"og:locale\" content=\"en_US\" \/>\n<meta property=\"og:type\" content=\"article\" \/>\n<meta property=\"og:title\" content=\"\ud835\udc04\ud835\udc26\ud835\udc29\ud835\udc2b\ud835\udc1e\ud835\udc2c\ud835\udc1a\ud835\udc2b\ud835\udc22\ud835\udc28\ud835\udc2c \ud835\udc1b\ud835\udc2b\ud835\udc1a\ud835\udc2c\ud835\udc22\ud835\udc25\ud835\udc1e\u00f1\ud835\udc28\ud835\udc2c \ud835\udc1d\ud835\udc1e \ud835\udc25\ud835\udc1a \ud835\udc00\ud835\udc02\ud835\udc11\ud835\udc09 \ud835\udc26\ud835\udc2e\ud835\udc1e\ud835\udc2c\ud835\udc2d\ud835\udc2b\ud835\udc1a\ud835\udc27 \ud835\udc1a\ud835\udc25\ud835\udc2d\ud835\udc28 \ud835\udc22\ud835\udc27\ud835\udc2d\ud835\udc1e\ud835\udc2b\u00e9\ud835\udc2c \ud835\udc1e\ud835\udc27 \ud835\udc22\ud835\udc27\ud835\udc2f\ud835\udc1e\ud835\udc2b\ud835\udc2d\ud835\udc22\ud835\udc2b \ud835\udc1e\ud835\udc27 \ud835\udc07\ud835\udc28\ud835\udc27\ud835\udc1d\ud835\udc2e\ud835\udc2b\ud835\udc1a\ud835\udc2c - CNI Honduras\" \/>\n<meta property=\"og:description\" content=\"\ud835\udc11\u00ed\ud835\udc28 \ud835\udc1d\ud835\udc1e \ud835\udc09\ud835\udc1a\ud835\udc27\ud835\udc1e\ud835\udc22\ud835\udc2b\ud835\udc28, \ud835\udc01\ud835\udc2b\ud835\udc1a\ud835\udc2c\ud835\udc22\ud835\udc25, \ud835\udfcf\ud835\udfd5 \ud835\udc1d\ud835\udc1e \ud835\udc23\ud835\udc2e\ud835\udc27\ud835\udc22\ud835\udc28 \ud835\udc1d\ud835\udc1e \ud835\udfd0\ud835\udfce\ud835\udfd0\ud835\udfd3 \u2014Un total de 102 empresarios brasile\u00f1os, miembros de la Asociaci\u00f3n Comercial de R\u00edo de Janeiro (ACRJ), expresaron un marcado inter\u00e9s por las oportunidades de inversi\u00f3n en Honduras, particularmente en el \u00e1mbito aduanero y log\u00edstico, durante el Foro Empresarial celebrado este lunes en la ciudad carioca. El [&hellip;]\" \/>\n<meta property=\"og:url\" content=\"https:\/\/cni.hn\/en\/\ud835\udc04\ud835\udc26\ud835\udc29\ud835\udc2b\ud835\udc1e\ud835\udc2c\ud835\udc1a\ud835\udc2b\ud835\udc22\ud835\udc28\ud835\udc2c-\ud835\udc1b\ud835\udc2b\ud835\udc1a\ud835\udc2c\ud835\udc22\/\" \/>\n<meta property=\"og:site_name\" content=\"CNI Honduras\" \/>\n<meta property=\"article:published_time\" content=\"2025-06-25T17:42:38+00:00\" \/>\n<meta property=\"article:modified_time\" content=\"2025-06-25T17:58:44+00:00\" \/>\n<meta property=\"og:image\" content=\"https:\/\/cni.hn\/wp-content\/uploads\/2025\/06\/Mnistro-Miguel-exposicion.jpg\" \/>\n\t<meta property=\"og:image:width\" content=\"1600\" \/>\n\t<meta property=\"og:image:height\" content=\"1067\" \/>\n\t<meta property=\"og:image:type\" content=\"image\/jpeg\" \/>\n<meta name=\"author\" content=\"Andres Martinez\" \/>\n<meta name=\"twitter:card\" content=\"summary_large_image\" \/>\n<meta name=\"twitter:label1\" content=\"Written by\" \/>\n\t<meta name=\"twitter:data1\" content=\"Andres Martinez\" \/>\n\t<meta name=\"twitter:label2\" content=\"Est. reading time\" \/>\n\t<meta name=\"twitter:data2\" content=\"3 minutes\" \/>\n<script type=\"application\/ld+json\" class=\"yoast-schema-graph\">{\"@context\":\"https:\/\/schema.org\",\"@graph\":[{\"@type\":\"WebPage\",\"@id\":\"https:\/\/cni.hn\/%f0%9d%90%84%f0%9d%90%a6%f0%9d%90%a9%f0%9d%90%ab%f0%9d%90%9e%f0%9d%90%ac%f0%9d%90%9a%f0%9d%90%ab%f0%9d%90%a2%f0%9d%90%a8%f0%9d%90%ac-%f0%9d%90%9b%f0%9d%90%ab%f0%9d%90%9a%f0%9d%90%ac%f0%9d%90%a2\/\",\"url\":\"https:\/\/cni.hn\/%f0%9d%90%84%f0%9d%90%a6%f0%9d%90%a9%f0%9d%90%ab%f0%9d%90%9e%f0%9d%90%ac%f0%9d%90%9a%f0%9d%90%ab%f0%9d%90%a2%f0%9d%90%a8%f0%9d%90%ac-%f0%9d%90%9b%f0%9d%90%ab%f0%9d%90%9a%f0%9d%90%ac%f0%9d%90%a2\/\",\"name\":\"\ud835\udc04\ud835\udc26\ud835\udc29\ud835\udc2b\ud835\udc1e\ud835\udc2c\ud835\udc1a\ud835\udc2b\ud835\udc22\ud835\udc28\ud835\udc2c \ud835\udc1b\ud835\udc2b\ud835\udc1a\ud835\udc2c\ud835\udc22\ud835\udc25\ud835\udc1e\u00f1\ud835\udc28\ud835\udc2c \ud835\udc1d\ud835\udc1e \ud835\udc25\ud835\udc1a \ud835\udc00\ud835\udc02\ud835\udc11\ud835\udc09 \ud835\udc26\ud835\udc2e\ud835\udc1e\ud835\udc2c\ud835\udc2d\ud835\udc2b\ud835\udc1a\ud835\udc27 \ud835\udc1a\ud835\udc25\ud835\udc2d\ud835\udc28 \ud835\udc22\ud835\udc27\ud835\udc2d\ud835\udc1e\ud835\udc2b\u00e9\ud835\udc2c \ud835\udc1e\ud835\udc27 \ud835\udc22\ud835\udc27\ud835\udc2f\ud835\udc1e\ud835\udc2b\ud835\udc2d\ud835\udc22\ud835\udc2b \ud835\udc1e\ud835\udc27 \ud835\udc07\ud835\udc28\ud835\udc27\ud835\udc1d\ud835\udc2e\ud835\udc2b\ud835\udc1a\ud835\udc2c - CNI Honduras\",\"isPartOf\":{\"@id\":\"https:\/\/cni.hn\/#website\"},\"primaryImageOfPage\":{\"@id\":\"https:\/\/cni.hn\/%f0%9d%90%84%f0%9d%90%a6%f0%9d%90%a9%f0%9d%90%ab%f0%9d%90%9e%f0%9d%90%ac%f0%9d%90%9a%f0%9d%90%ab%f0%9d%90%a2%f0%9d%90%a8%f0%9d%90%ac-%f0%9d%90%9b%f0%9d%90%ab%f0%9d%90%9a%f0%9d%90%ac%f0%9d%90%a2\/#primaryimage\"},\"image\":{\"@id\":\"https:\/\/cni.hn\/%f0%9d%90%84%f0%9d%90%a6%f0%9d%90%a9%f0%9d%90%ab%f0%9d%90%9e%f0%9d%90%ac%f0%9d%90%9a%f0%9d%90%ab%f0%9d%90%a2%f0%9d%90%a8%f0%9d%90%ac-%f0%9d%90%9b%f0%9d%90%ab%f0%9d%90%9a%f0%9d%90%ac%f0%9d%90%a2\/#primaryimage\"},\"thumbnailUrl\":\"https:\/\/cni.hn\/wp-content\/uploads\/2025\/06\/Mnistro-Miguel-exposicion.jpg\",\"datePublished\":\"2025-06-25T17:42:38+00:00\",\"dateModified\":\"2025-06-25T17:58:44+00:00\",\"author\":{\"@id\":\"https:\/\/cni.hn\/#\/schema\/person\/46e1e0fecbe94fa0ad734d4ec7730175\"},\"breadcrumb\":{\"@id\":\"https:\/\/cni.hn\/%f0%9d%90%84%f0%9d%90%a6%f0%9d%90%a9%f0%9d%90%ab%f0%9d%90%9e%f0%9d%90%ac%f0%9d%90%9a%f0%9d%90%ab%f0%9d%90%a2%f0%9d%90%a8%f0%9d%90%ac-%f0%9d%90%9b%f0%9d%90%ab%f0%9d%90%9a%f0%9d%90%ac%f0%9d%90%a2\/#breadcrumb\"},\"inLanguage\":\"en-US\",\"potentialAction\":[{\"@type\":\"ReadAction\",\"target\":[\"https:\/\/cni.hn\/%f0%9d%90%84%f0%9d%90%a6%f0%9d%90%a9%f0%9d%90%ab%f0%9d%90%9e%f0%9d%90%ac%f0%9d%90%9a%f0%9d%90%ab%f0%9d%90%a2%f0%9d%90%a8%f0%9d%90%ac-%f0%9d%90%9b%f0%9d%90%ab%f0%9d%90%9a%f0%9d%90%ac%f0%9d%90%a2\/\"]}]},{\"@type\":\"ImageObject\",\"inLanguage\":\"en-US\",\"@id\":\"https:\/\/cni.hn\/%f0%9d%90%84%f0%9d%90%a6%f0%9d%90%a9%f0%9d%90%ab%f0%9d%90%9e%f0%9d%90%ac%f0%9d%90%9a%f0%9d%90%ab%f0%9d%90%a2%f0%9d%90%a8%f0%9d%90%ac-%f0%9d%90%9b%f0%9d%90%ab%f0%9d%90%9a%f0%9d%90%ac%f0%9d%90%a2\/#primaryimage\",\"url\":\"https:\/\/cni.hn\/wp-content\/uploads\/2025\/06\/Mnistro-Miguel-exposicion.jpg\",\"contentUrl\":\"https:\/\/cni.hn\/wp-content\/uploads\/2025\/06\/Mnistro-Miguel-exposicion.jpg\",\"width\":1600,\"height\":1067},{\"@type\":\"BreadcrumbList\",\"@id\":\"https:\/\/cni.hn\/%f0%9d%90%84%f0%9d%90%a6%f0%9d%90%a9%f0%9d%90%ab%f0%9d%90%9e%f0%9d%90%ac%f0%9d%90%9a%f0%9d%90%ab%f0%9d%90%a2%f0%9d%90%a8%f0%9d%90%ac-%f0%9d%90%9b%f0%9d%90%ab%f0%9d%90%9a%f0%9d%90%ac%f0%9d%90%a2\/#breadcrumb\",\"itemListElement\":[{\"@type\":\"ListItem\",\"position\":1,\"name\":\"Home\",\"item\":\"https:\/\/cni.hn\/\"},{\"@type\":\"ListItem\",\"position\":2,\"name\":\"\ud835\udc04\ud835\udc26\ud835\udc29\ud835\udc2b\ud835\udc1e\ud835\udc2c\ud835\udc1a\ud835\udc2b\ud835\udc22\ud835\udc28\ud835\udc2c \ud835\udc1b\ud835\udc2b\ud835\udc1a\ud835\udc2c\ud835\udc22\ud835\udc25\ud835\udc1e\u00f1\ud835\udc28\ud835\udc2c \ud835\udc1d\ud835\udc1e \ud835\udc25\ud835\udc1a \ud835\udc00\ud835\udc02\ud835\udc11\ud835\udc09 \ud835\udc26\ud835\udc2e\ud835\udc1e\ud835\udc2c\ud835\udc2d\ud835\udc2b\ud835\udc1a\ud835\udc27 \ud835\udc1a\ud835\udc25\ud835\udc2d\ud835\udc28 \ud835\udc22\ud835\udc27\ud835\udc2d\ud835\udc1e\ud835\udc2b\u00e9\ud835\udc2c \ud835\udc1e\ud835\udc27 \ud835\udc22\ud835\udc27\ud835\udc2f\ud835\udc1e\ud835\udc2b\ud835\udc2d\ud835\udc22\ud835\udc2b \ud835\udc1e\ud835\udc27 \ud835\udc07\ud835\udc28\ud835\udc27\ud835\udc1d\ud835\udc2e\ud835\udc2b\ud835\udc1a\ud835\udc2c\"}]},{\"@type\":\"WebSite\",\"@id\":\"https:\/\/cni.hn\/#website\",\"url\":\"https:\/\/cni.hn\/\",\"name\":\"CNI Honduras\",\"description\":\"\",\"potentialAction\":[{\"@type\":\"SearchAction\",\"target\":{\"@type\":\"EntryPoint\",\"urlTemplate\":\"https:\/\/cni.hn\/?s={search_term_string}\"},\"query-input\":{\"@type\":\"PropertyValueSpecification\",\"valueRequired\":true,\"valueName\":\"search_term_string\"}}],\"inLanguage\":\"en-US\"},{\"@type\":\"Person\",\"@id\":\"https:\/\/cni.hn\/#\/schema\/person\/46e1e0fecbe94fa0ad734d4ec7730175\",\"name\":\"Andres Martinez\",\"image\":{\"@type\":\"ImageObject\",\"inLanguage\":\"en-US\",\"@id\":\"https:\/\/cni.hn\/#\/schema\/person\/image\/\",\"url\":\"https:\/\/secure.gravatar.com\/avatar\/b685702cf01e6c6b2ca1586d92e9a3cef7b8c42ecb312ffa3be56699c3f1b6f6?s=96&d=mm&r=g\",\"contentUrl\":\"https:\/\/secure.gravatar.com\/avatar\/b685702cf01e6c6b2ca1586d92e9a3cef7b8c42ecb312ffa3be56699c3f1b6f6?s=96&d=mm&r=g\",\"caption\":\"Andres Martinez\"},\"url\":\"https:\/\/cni.hn\/en\/author\/amartinezcni-hn\/\"}]}<\/script>\n<!-- \/ Yoast SEO plugin. -->","yoast_head_json":{"title":"\ud835\udc04\ud835\udc26\ud835\udc29\ud835\udc2b\ud835\udc1e\ud835\udc2c\ud835\udc1a\ud835\udc2b\ud835\udc22\ud835\udc28\ud835\udc2c \ud835\udc1b\ud835\udc2b\ud835\udc1a\ud835\udc2c\ud835\udc22\ud835\udc25\ud835\udc1e\u00f1\ud835\udc28\ud835\udc2c \ud835\udc1d\ud835\udc1e \ud835\udc25\ud835\udc1a \ud835\udc00\ud835\udc02\ud835\udc11\ud835\udc09 \ud835\udc26\ud835\udc2e\ud835\udc1e\ud835\udc2c\ud835\udc2d\ud835\udc2b\ud835\udc1a\ud835\udc27 \ud835\udc1a\ud835\udc25\ud835\udc2d\ud835\udc28 \ud835\udc22\ud835\udc27\ud835\udc2d\ud835\udc1e\ud835\udc2b\u00e9\ud835\udc2c \ud835\udc1e\ud835\udc27 \ud835\udc22\ud835\udc27\ud835\udc2f\ud835\udc1e\ud835\udc2b\ud835\udc2d\ud835\udc22\ud835\udc2b \ud835\udc1e\ud835\udc27 \ud835\udc07\ud835\udc28\ud835\udc27\ud835\udc1d\ud835\udc2e\ud835\udc2b\ud835\udc1a\ud835\udc2c - CNI Honduras","robots":{"index":"index","follow":"follow","max-snippet":"max-snippet:-1","max-image-preview":"max-image-preview:large","max-video-preview":"max-video-preview:-1"},"canonical":"https:\/\/cni.hn\/en\/\ud835\udc04\ud835\udc26\ud835\udc29\ud835\udc2b\ud835\udc1e\ud835\udc2c\ud835\udc1a\ud835\udc2b\ud835\udc22\ud835\udc28\ud835\udc2c-\ud835\udc1b\ud835\udc2b\ud835\udc1a\ud835\udc2c\ud835\udc22\/","og_locale":"en_US","og_type":"article","og_title":"\ud835\udc04\ud835\udc26\ud835\udc29\ud835\udc2b\ud835\udc1e\ud835\udc2c\ud835\udc1a\ud835\udc2b\ud835\udc22\ud835\udc28\ud835\udc2c \ud835\udc1b\ud835\udc2b\ud835\udc1a\ud835\udc2c\ud835\udc22\ud835\udc25\ud835\udc1e\u00f1\ud835\udc28\ud835\udc2c \ud835\udc1d\ud835\udc1e \ud835\udc25\ud835\udc1a \ud835\udc00\ud835\udc02\ud835\udc11\ud835\udc09 \ud835\udc26\ud835\udc2e\ud835\udc1e\ud835\udc2c\ud835\udc2d\ud835\udc2b\ud835\udc1a\ud835\udc27 \ud835\udc1a\ud835\udc25\ud835\udc2d\ud835\udc28 \ud835\udc22\ud835\udc27\ud835\udc2d\ud835\udc1e\ud835\udc2b\u00e9\ud835\udc2c \ud835\udc1e\ud835\udc27 \ud835\udc22\ud835\udc27\ud835\udc2f\ud835\udc1e\ud835\udc2b\ud835\udc2d\ud835\udc22\ud835\udc2b \ud835\udc1e\ud835\udc27 \ud835\udc07\ud835\udc28\ud835\udc27\ud835\udc1d\ud835\udc2e\ud835\udc2b\ud835\udc1a\ud835\udc2c - CNI Honduras","og_description":"\ud835\udc11\u00ed\ud835\udc28 \ud835\udc1d\ud835\udc1e \ud835\udc09\ud835\udc1a\ud835\udc27\ud835\udc1e\ud835\udc22\ud835\udc2b\ud835\udc28, \ud835\udc01\ud835\udc2b\ud835\udc1a\ud835\udc2c\ud835\udc22\ud835\udc25, \ud835\udfcf\ud835\udfd5 \ud835\udc1d\ud835\udc1e \ud835\udc23\ud835\udc2e\ud835\udc27\ud835\udc22\ud835\udc28 \ud835\udc1d\ud835\udc1e \ud835\udfd0\ud835\udfce\ud835\udfd0\ud835\udfd3 \u2014Un total de 102 empresarios brasile\u00f1os, miembros de la Asociaci\u00f3n Comercial de R\u00edo de Janeiro (ACRJ), expresaron un marcado inter\u00e9s por las oportunidades de inversi\u00f3n en Honduras, particularmente en el \u00e1mbito aduanero y log\u00edstico, durante el Foro Empresarial celebrado este lunes en la ciudad carioca. El [&hellip;]","og_url":"https:\/\/cni.hn\/en\/\ud835\udc04\ud835\udc26\ud835\udc29\ud835\udc2b\ud835\udc1e\ud835\udc2c\ud835\udc1a\ud835\udc2b\ud835\udc22\ud835\udc28\ud835\udc2c-\ud835\udc1b\ud835\udc2b\ud835\udc1a\ud835\udc2c\ud835\udc22\/","og_site_name":"CNI Honduras","article_published_time":"2025-06-25T17:42:38+00:00","article_modified_time":"2025-06-25T17:58:44+00:00","og_image":[{"width":1600,"height":1067,"url":"https:\/\/cni.hn\/wp-content\/uploads\/2025\/06\/Mnistro-Miguel-exposicion.jpg","type":"image\/jpeg"}],"author":"Andres Martinez","twitter_card":"summary_large_image","twitter_misc":{"Written by":"Andres Martinez","Est. reading time":"3 minutes"},"schema":{"@context":"https:\/\/schema.org","@graph":[{"@type":"WebPage","@id":"https:\/\/cni.hn\/%f0%9d%90%84%f0%9d%90%a6%f0%9d%90%a9%f0%9d%90%ab%f0%9d%90%9e%f0%9d%90%ac%f0%9d%90%9a%f0%9d%90%ab%f0%9d%90%a2%f0%9d%90%a8%f0%9d%90%ac-%f0%9d%90%9b%f0%9d%90%ab%f0%9d%90%9a%f0%9d%90%ac%f0%9d%90%a2\/","url":"https:\/\/cni.hn\/%f0%9d%90%84%f0%9d%90%a6%f0%9d%90%a9%f0%9d%90%ab%f0%9d%90%9e%f0%9d%90%ac%f0%9d%90%9a%f0%9d%90%ab%f0%9d%90%a2%f0%9d%90%a8%f0%9d%90%ac-%f0%9d%90%9b%f0%9d%90%ab%f0%9d%90%9a%f0%9d%90%ac%f0%9d%90%a2\/","name":"\ud835\udc04\ud835\udc26\ud835\udc29\ud835\udc2b\ud835\udc1e\ud835\udc2c\ud835\udc1a\ud835\udc2b\ud835\udc22\ud835\udc28\ud835\udc2c \ud835\udc1b\ud835\udc2b\ud835\udc1a\ud835\udc2c\ud835\udc22\ud835\udc25\ud835\udc1e\u00f1\ud835\udc28\ud835\udc2c \ud835\udc1d\ud835\udc1e \ud835\udc25\ud835\udc1a \ud835\udc00\ud835\udc02\ud835\udc11\ud835\udc09 \ud835\udc26\ud835\udc2e\ud835\udc1e\ud835\udc2c\ud835\udc2d\ud835\udc2b\ud835\udc1a\ud835\udc27 \ud835\udc1a\ud835\udc25\ud835\udc2d\ud835\udc28 \ud835\udc22\ud835\udc27\ud835\udc2d\ud835\udc1e\ud835\udc2b\u00e9\ud835\udc2c \ud835\udc1e\ud835\udc27 \ud835\udc22\ud835\udc27\ud835\udc2f\ud835\udc1e\ud835\udc2b\ud835\udc2d\ud835\udc22\ud835\udc2b \ud835\udc1e\ud835\udc27 \ud835\udc07\ud835\udc28\ud835\udc27\ud835\udc1d\ud835\udc2e\ud835\udc2b\ud835\udc1a\ud835\udc2c - CNI Honduras","isPartOf":{"@id":"https:\/\/cni.hn\/#website"},"primaryImageOfPage":{"@id":"https:\/\/cni.hn\/%f0%9d%90%84%f0%9d%90%a6%f0%9d%90%a9%f0%9d%90%ab%f0%9d%90%9e%f0%9d%90%ac%f0%9d%90%9a%f0%9d%90%ab%f0%9d%90%a2%f0%9d%90%a8%f0%9d%90%ac-%f0%9d%90%9b%f0%9d%90%ab%f0%9d%90%9a%f0%9d%90%ac%f0%9d%90%a2\/#primaryimage"},"image":{"@id":"https:\/\/cni.hn\/%f0%9d%90%84%f0%9d%90%a6%f0%9d%90%a9%f0%9d%90%ab%f0%9d%90%9e%f0%9d%90%ac%f0%9d%90%9a%f0%9d%90%ab%f0%9d%90%a2%f0%9d%90%a8%f0%9d%90%ac-%f0%9d%90%9b%f0%9d%90%ab%f0%9d%90%9a%f0%9d%90%ac%f0%9d%90%a2\/#primaryimage"},"thumbnailUrl":"https:\/\/cni.hn\/wp-content\/uploads\/2025\/06\/Mnistro-Miguel-exposicion.jpg","datePublished":"2025-06-25T17:42:38+00:00","dateModified":"2025-06-25T17:58:44+00:00","author":{"@id":"https:\/\/cni.hn\/#\/schema\/person\/46e1e0fecbe94fa0ad734d4ec7730175"},"breadcrumb":{"@id":"https:\/\/cni.hn\/%f0%9d%90%84%f0%9d%90%a6%f0%9d%90%a9%f0%9d%90%ab%f0%9d%90%9e%f0%9d%90%ac%f0%9d%90%9a%f0%9d%90%ab%f0%9d%90%a2%f0%9d%90%a8%f0%9d%90%ac-%f0%9d%90%9b%f0%9d%90%ab%f0%9d%90%9a%f0%9d%90%ac%f0%9d%90%a2\/#breadcrumb"},"inLanguage":"en-US","potentialAction":[{"@type":"ReadAction","target":["https:\/\/cni.hn\/%f0%9d%90%84%f0%9d%90%a6%f0%9d%90%a9%f0%9d%90%ab%f0%9d%90%9e%f0%9d%90%ac%f0%9d%90%9a%f0%9d%90%ab%f0%9d%90%a2%f0%9d%90%a8%f0%9d%90%ac-%f0%9d%90%9b%f0%9d%90%ab%f0%9d%90%9a%f0%9d%90%ac%f0%9d%90%a2\/"]}]},{"@type":"ImageObject","inLanguage":"en-US","@id":"https:\/\/cni.hn\/%f0%9d%90%84%f0%9d%90%a6%f0%9d%90%a9%f0%9d%90%ab%f0%9d%90%9e%f0%9d%90%ac%f0%9d%90%9a%f0%9d%90%ab%f0%9d%90%a2%f0%9d%90%a8%f0%9d%90%ac-%f0%9d%90%9b%f0%9d%90%ab%f0%9d%90%9a%f0%9d%90%ac%f0%9d%90%a2\/#primaryimage","url":"https:\/\/cni.hn\/wp-content\/uploads\/2025\/06\/Mnistro-Miguel-exposicion.jpg","contentUrl":"https:\/\/cni.hn\/wp-content\/uploads\/2025\/06\/Mnistro-Miguel-exposicion.jpg","width":1600,"height":1067},{"@type":"BreadcrumbList","@id":"https:\/\/cni.hn\/%f0%9d%90%84%f0%9d%90%a6%f0%9d%90%a9%f0%9d%90%ab%f0%9d%90%9e%f0%9d%90%ac%f0%9d%90%9a%f0%9d%90%ab%f0%9d%90%a2%f0%9d%90%a8%f0%9d%90%ac-%f0%9d%90%9b%f0%9d%90%ab%f0%9d%90%9a%f0%9d%90%ac%f0%9d%90%a2\/#breadcrumb","itemListElement":[{"@type":"ListItem","position":1,"name":"Home","item":"https:\/\/cni.hn\/"},{"@type":"ListItem","position":2,"name":"\ud835\udc04\ud835\udc26\ud835\udc29\ud835\udc2b\ud835\udc1e\ud835\udc2c\ud835\udc1a\ud835\udc2b\ud835\udc22\ud835\udc28\ud835\udc2c \ud835\udc1b\ud835\udc2b\ud835\udc1a\ud835\udc2c\ud835\udc22\ud835\udc25\ud835\udc1e\u00f1\ud835\udc28\ud835\udc2c \ud835\udc1d\ud835\udc1e \ud835\udc25\ud835\udc1a \ud835\udc00\ud835\udc02\ud835\udc11\ud835\udc09 \ud835\udc26\ud835\udc2e\ud835\udc1e\ud835\udc2c\ud835\udc2d\ud835\udc2b\ud835\udc1a\ud835\udc27 \ud835\udc1a\ud835\udc25\ud835\udc2d\ud835\udc28 \ud835\udc22\ud835\udc27\ud835\udc2d\ud835\udc1e\ud835\udc2b\u00e9\ud835\udc2c \ud835\udc1e\ud835\udc27 \ud835\udc22\ud835\udc27\ud835\udc2f\ud835\udc1e\ud835\udc2b\ud835\udc2d\ud835\udc22\ud835\udc2b \ud835\udc1e\ud835\udc27 \ud835\udc07\ud835\udc28\ud835\udc27\ud835\udc1d\ud835\udc2e\ud835\udc2b\ud835\udc1a\ud835\udc2c"}]},{"@type":"WebSite","@id":"https:\/\/cni.hn\/#website","url":"https:\/\/cni.hn\/","name":"CNI Honduras","description":"","potentialAction":[{"@type":"SearchAction","target":{"@type":"EntryPoint","urlTemplate":"https:\/\/cni.hn\/?s={search_term_string}"},"query-input":{"@type":"PropertyValueSpecification","valueRequired":true,"valueName":"search_term_string"}}],"inLanguage":"en-US"},{"@type":"Person","@id":"https:\/\/cni.hn\/#\/schema\/person\/46e1e0fecbe94fa0ad734d4ec7730175","name":"Andres Martinez","image":{"@type":"ImageObject","inLanguage":"en-US","@id":"https:\/\/cni.hn\/#\/schema\/person\/image\/","url":"https:\/\/secure.gravatar.com\/avatar\/b685702cf01e6c6b2ca1586d92e9a3cef7b8c42ecb312ffa3be56699c3f1b6f6?s=96&d=mm&r=g","contentUrl":"https:\/\/secure.gravatar.com\/avatar\/b685702cf01e6c6b2ca1586d92e9a3cef7b8c42ecb312ffa3be56699c3f1b6f6?s=96&d=mm&r=g","caption":"Andres Martinez"},"url":"https:\/\/cni.hn\/en\/author\/amartinezcni-hn\/"}]}},"_links":{"self":[{"href":"https:\/\/cni.hn\/en\/wp-json\/wp\/v2\/posts\/6191","targetHints":{"allow":["GET"]}}],"collection":[{"href":"https:\/\/cni.hn\/en\/wp-json\/wp\/v2\/posts"}],"about":[{"href":"https:\/\/cni.hn\/en\/wp-json\/wp\/v2\/types\/post"}],"author":[{"embeddable":true,"href":"https:\/\/cni.hn\/en\/wp-json\/wp\/v2\/users\/2"}],"replies":[{"embeddable":true,"href":"https:\/\/cni.hn\/en\/wp-json\/wp\/v2\/comments?post=6191"}],"version-history":[{"count":0,"href":"https:\/\/cni.hn\/en\/wp-json\/wp\/v2\/posts\/6191\/revisions"}],"wp:featuredmedia":[{"embeddable":true,"href":"https:\/\/cni.hn\/en\/wp-json\/wp\/v2\/media\/6192"}],"wp:attachment":[{"href":"https:\/\/cni.hn\/en\/wp-json\/wp\/v2\/media?parent=6191"}],"wp:term":[{"taxonomy":"category","embeddable":true,"href":"https:\/\/cni.hn\/en\/wp-json\/wp\/v2\/categories?post=6191"},{"taxonomy":"post_tag","embeddable":true,"href":"https:\/\/cni.hn\/en\/wp-json\/wp\/v2\/tags?post=6191"},{"taxonomy":"sector_relacionado","embeddable":true,"href":"https:\/\/cni.hn\/en\/wp-json\/wp\/v2\/sector_relacionado?post=6191"}],"curies":[{"name":"wp","href":"https:\/\/api.w.org\/{rel}","templated":true}]}}