{"id":6060,"date":"2025-05-22T17:06:18","date_gmt":"2025-05-22T17:06:18","guid":{"rendered":"https:\/\/cni.hn\/?p=6060"},"modified":"2025-05-22T17:13:10","modified_gmt":"2025-05-22T17:13:10","slug":"honduras-proyecta-su-potencial-en-agromercados-2025-con-el-lanzamiento-de-guia-sectorial-en-agro-del-cni","status":"publish","type":"post","link":"https:\/\/cni.hn\/en\/honduras-proyecta-su-potencial-en-agromercados-2025-con-el-lanzamiento-de-guia-sectorial-en-agro-del-cni\/","title":{"rendered":"Honduras Proyecta su Potencial en Agromercados 2025 con el Lanzamiento de Gu\u00eda Sectorial en Agro del CNI"},"content":{"rendered":"<div data-elementor-type=\"wp-post\" data-elementor-id=\"6060\" class=\"elementor elementor-6060\" data-elementor-post-type=\"post\">\n\t\t\t\t<div class=\"elementor-element elementor-element-107edf5 e-flex e-con-boxed e-con e-parent\" data-id=\"107edf5\" data-element_type=\"container\">\n\t\t\t\t\t<div class=\"e-con-inner\">\n\t\t\t\t<div class=\"elementor-element elementor-element-a9897f0 elementor-widget elementor-widget-text-editor\" data-id=\"a9897f0\" data-element_type=\"widget\" data-widget_type=\"text-editor.default\">\n\t\t\t\t<div class=\"elementor-widget-container\">\n\t\t\t\t\t\t\t\t\t<p>\u2022 Conferencia de prensa oficial presenta la sexta edici\u00f3n de la feria agroalimentaria m\u00e1s importante del pa\u00eds y marca el debut de una herramienta clave para atraer capital al campo hondure\u00f1o<\/p><p>\ud835\udc12\ud835\udc1a\ud835\udc27 \ud835\udc0f\ud835\udc1e\ud835\udc1d\ud835\udc2b\ud835\udc28 \ud835\udc12\ud835\udc2e\ud835\udc25\ud835\udc1a, \ud835\udfd0\ud835\udfcf \ud835\udc1d\ud835\udc1e \ud835\udc1a\ud835\udc1b\ud835\udc2b\ud835\udc22\ud835\udc25 \ud835\udc1d\ud835\udc1e \ud835\udfd0\ud835\udfce\ud835\udfd0\ud835\udfd3\u2014 Honduras fortalece su posicionamiento como destino estrat\u00e9gico para la inversi\u00f3n agroindustrial con el anuncio oficial de Agromercados Honduras 2025, cuya sexta edici\u00f3n se celebrar\u00e1 los d\u00edas 8 y 9 de mayo en el Centro de Convenciones Expocentro, en San Pedro Sula.<\/p><p>En conferencia de prensa realizada este lunes, autoridades gubernamentales, organizadores y socios estrat\u00e9gicos presentaron la agenda oficial de esta feria multisectorial, que reunir\u00e1 a m\u00e1s de 100 expositores nacionales e internacionales y proyecta la asistencia de m\u00e1s de 3,000 participantes.<\/p><p>El evento est\u00e1 dise\u00f1ado como un punto de encuentro para productores, agroexportadores, compradores, inversionistas, instituciones p\u00fablicas y organismos internacionales de cooperaci\u00f3n, con el fin de promover cadenas de valor sostenibles y facilitar el acceso a nuevos mercados.<\/p>\t\t\t\t\t\t\t\t<\/div>\n\t\t\t\t<\/div>\n\t\t\t\t\t<\/div>\n\t\t\t\t<\/div>\n\t\t<div class=\"elementor-element elementor-element-c6496cf e-flex e-con-boxed e-con e-parent\" data-id=\"c6496cf\" data-element_type=\"container\">\n\t\t\t\t\t<div class=\"e-con-inner\">\n\t\t<div class=\"elementor-element elementor-element-e3d4bd1 e-con-full e-flex e-con e-child\" data-id=\"e3d4bd1\" data-element_type=\"container\">\n\t\t\t\t<div class=\"elementor-element elementor-element-2b134fe elementor-widget elementor-widget-image\" data-id=\"2b134fe\" data-element_type=\"widget\" data-widget_type=\"image.default\">\n\t\t\t\t<div class=\"elementor-widget-container\">\n\t\t\t\t\t\t\t\t\t\t\t\t\t\t\t<img fetchpriority=\"high\" decoding=\"async\" width=\"800\" height=\"533\" src=\"https:\/\/cni.hn\/wp-content\/uploads\/2025\/05\/1-7-1024x682.jpg\" class=\"attachment-large size-large wp-image-6062\" alt=\"\" srcset=\"https:\/\/cni.hn\/wp-content\/uploads\/2025\/05\/1-7-1024x682.jpg 1024w, https:\/\/cni.hn\/wp-content\/uploads\/2025\/05\/1-7-300x200.jpg 300w, https:\/\/cni.hn\/wp-content\/uploads\/2025\/05\/1-7-768x511.jpg 768w, https:\/\/cni.hn\/wp-content\/uploads\/2025\/05\/1-7-18x12.jpg 18w, https:\/\/cni.hn\/wp-content\/uploads\/2025\/05\/1-7.jpg 1280w\" sizes=\"(max-width: 800px) 100vw, 800px\" \/>\t\t\t\t\t\t\t\t\t\t\t\t\t\t\t<\/div>\n\t\t\t\t<\/div>\n\t\t\t\t<\/div>\n\t\t<div class=\"elementor-element elementor-element-f14d99a e-con-full e-flex e-con e-child\" data-id=\"f14d99a\" data-element_type=\"container\">\n\t\t\t\t<div class=\"elementor-element elementor-element-86dc6d2 elementor-widget elementor-widget-text-editor\" data-id=\"86dc6d2\" data-element_type=\"widget\" data-widget_type=\"text-editor.default\">\n\t\t\t\t<div class=\"elementor-widget-container\">\n\t\t\t\t\t\t\t\t\t<p><br \/>En esta edici\u00f3n, el Consejo Nacional de Inversiones (CNI) asume un papel protag\u00f3nico como patrocinador oficial y actor clave dentro de la agenda t\u00e9cnica. En ese marco, el CNI anunci\u00f3 el lanzamiento oficial de la Gu\u00eda Sectorial de Inversiones en el Agro, un documento especializado que articula datos normativos, incentivos fiscales, procedimientos y oportunidades concretas de inversi\u00f3n en seis cadenas agroalimentarias prioritarias: caf\u00e9, cacao, frijol, ma\u00edz, c\u00e1rnicos y l\u00e1cteos.<\/p><p>La gu\u00eda ha sido desarrollada con el apoyo t\u00e9cnico y financiero de la Organizaci\u00f3n de las Naciones Unidas para la Alimentaci\u00f3n y la Agricultura (FAO), y fue validada mediante un proceso colaborativo que incluy\u00f3 m\u00e1s de 20 instituciones del ecosistema agroalimentario, entre ellas organismos gremiales, empresas exportadoras, cooperativas agr\u00edcolas y agencias internacionales de desarrollo.<\/p>\t\t\t\t\t\t\t\t<\/div>\n\t\t\t\t<\/div>\n\t\t\t\t<\/div>\n\t\t\t\t\t<\/div>\n\t\t\t\t<\/div>\n\t\t<div class=\"elementor-element elementor-element-2b8d846 e-flex e-con-boxed e-con e-parent\" data-id=\"2b8d846\" data-element_type=\"container\">\n\t\t\t\t\t<div class=\"e-con-inner\">\n\t\t\t\t<div class=\"elementor-element elementor-element-9d4528f elementor-widget elementor-widget-image\" data-id=\"9d4528f\" data-element_type=\"widget\" data-widget_type=\"image.default\">\n\t\t\t\t<div class=\"elementor-widget-container\">\n\t\t\t\t\t\t\t\t\t\t\t\t\t\t\t<img decoding=\"async\" width=\"768\" height=\"576\" src=\"https:\/\/cni.hn\/wp-content\/uploads\/2025\/05\/3-5-768x576.jpg\" class=\"attachment-medium_large size-medium_large wp-image-6063\" alt=\"\" srcset=\"https:\/\/cni.hn\/wp-content\/uploads\/2025\/05\/3-5-768x576.jpg 768w, https:\/\/cni.hn\/wp-content\/uploads\/2025\/05\/3-5-300x225.jpg 300w, https:\/\/cni.hn\/wp-content\/uploads\/2025\/05\/3-5-1024x768.jpg 1024w, https:\/\/cni.hn\/wp-content\/uploads\/2025\/05\/3-5-16x12.jpg 16w, https:\/\/cni.hn\/wp-content\/uploads\/2025\/05\/3-5.jpg 1280w\" sizes=\"(max-width: 768px) 100vw, 768px\" \/>\t\t\t\t\t\t\t\t\t\t\t\t\t\t\t<\/div>\n\t\t\t\t<\/div>\n\t\t\t\t\t<\/div>\n\t\t\t\t<\/div>\n\t\t<div class=\"elementor-element elementor-element-7bfdfb8 e-flex e-con-boxed e-con e-parent\" data-id=\"7bfdfb8\" data-element_type=\"container\">\n\t\t\t\t\t<div class=\"e-con-inner\">\n\t\t\t\t<div class=\"elementor-element elementor-element-0f6b8ca elementor-widget elementor-widget-text-editor\" data-id=\"0f6b8ca\" data-element_type=\"widget\" data-widget_type=\"text-editor.default\">\n\t\t\t\t<div class=\"elementor-widget-container\">\n\t\t\t\t\t\t\t\t\t<p>\u201cEl agro es una de las mayores plataformas para atraer inversiones con impacto social y territorial. Esta gu\u00eda permitir\u00e1 identificar oportunidades reales en nuestras cadenas productivas y facilitar el aterrizaje de proyectos sostenibles en todo el pa\u00eds\u201d, expres\u00f3 Miguel Medina, ministro y secretario ejecutivo del CNI, durante su intervenci\u00f3n.<\/p><p>Adem\u00e1s del lanzamiento de esta herramienta, el CNI participar\u00e1 en el programa de conferencias magistrales con la ponencia \u201cClima de Inversiones en Honduras\u201d, en la que se presentar\u00e1n los principales elementos legales, fiscales y operativos que hacen del pa\u00eds un destino competitivo para la inversi\u00f3n nacional y extranjera en el agro.<\/p><p>La feria contar\u00e1 tambi\u00e9n con ruedas de negocios internacionales, pabellones tem\u00e1ticos, exhibiciones tecnol\u00f3gicas, foros de di\u00e1logo p\u00fablico-privado y talleres de fortalecimiento t\u00e9cnico para empresas del sector.<\/p><p>Con esta iniciativa, el CNI contin\u00faa impulsando acciones concretas para dinamizar la econom\u00eda rural, fomentar la reinversi\u00f3n productiva y proyectar a Honduras como una plataforma agroexportadora con visi\u00f3n sostenible.<\/p>\t\t\t\t\t\t\t\t<\/div>\n\t\t\t\t<\/div>\n\t\t\t\t\t<\/div>\n\t\t\t\t<\/div>\n\t\t<div class=\"elementor-element elementor-element-10f570c e-flex e-con-boxed e-con e-parent\" data-id=\"10f570c\" data-element_type=\"container\">\n\t\t\t\t\t<div class=\"e-con-inner\">\n\t\t\t\t<div class=\"elementor-element elementor-element-481598a elementor-widget elementor-widget-text-editor\" data-id=\"481598a\" data-element_type=\"widget\" data-widget_type=\"text-editor.default\">\n\t\t\t\t<div class=\"elementor-widget-container\">\n\t\t\t\t\t\t\t\t\t<h4>\ud835\udc03\ud835\udc04 \ud835\udc08\ud835\udc0d\ud835\udc13\ud835\udc04\ud835\udc11\ud835\udc04\u0301\ud835\udc12:<\/h4><p>\u2022 El CNI lanza oficialmente su Gu\u00eda Sectorial de Inversiones en Agro en el marco de Agromercados Honduras 2025.<\/p><p>\u2022 La feria se realizar\u00e1 el 8 y 9 de mayo en San Pedro Sula, con m\u00e1s de 100 expositores y proyecci\u00f3n internacional.<\/p><p>\u2022 El CNI liderar\u00e1 una conferencia magistral sobre el Clima de Inversiones en Honduras, como parte del programa t\u00e9cnico\u00a0del\u00a0evento.<\/p>\t\t\t\t\t\t\t\t<\/div>\n\t\t\t\t<\/div>\n\t\t\t\t\t<\/div>\n\t\t\t\t<\/div>\n\t\t\t\t<\/div>","protected":false},"excerpt":{"rendered":"<p>\u2022 Conferencia de prensa oficial presenta la sexta edici\u00f3n de la feria agroalimentaria m\u00e1s importante del pa\u00eds y marca el debut de una herramienta clave para atraer capital al campo hondure\u00f1o \ud835\udc12\ud835\udc1a\ud835\udc27 \ud835\udc0f\ud835\udc1e\ud835\udc1d\ud835\udc2b\ud835\udc28 \ud835\udc12\ud835\udc2e\ud835\udc25\ud835\udc1a, \ud835\udfd0\ud835\udfcf \ud835\udc1d\ud835\udc1e \ud835\udc1a\ud835\udc1b\ud835\udc2b\ud835\udc22\ud835\udc25 \ud835\udc1d\ud835\udc1e \ud835\udfd0\ud835\udfce\ud835\udfd0\ud835\udfd3\u2014 Honduras fortalece su posicionamiento como destino estrat\u00e9gico para la inversi\u00f3n agroindustrial con el anuncio oficial de [&hellip;]<\/p>","protected":false},"author":2,"featured_media":6061,"comment_status":"closed","ping_status":"closed","sticky":false,"template":"","format":"standard","meta":{"footnotes":""},"categories":[1],"tags":[],"sector_relacionado":[],"class_list":["post-6060","post","type-post","status-publish","format-standard","has-post-thumbnail","hentry","category-prensa"],"yoast_head":"<!-- This site is optimized with the Yoast SEO plugin v24.8.1 - https:\/\/yoast.com\/wordpress\/plugins\/seo\/ -->\n<title>Honduras Proyecta su Potencial en Agromercados 2025 con el Lanzamiento de Gu\u00eda Sectorial en Agro del CNI - CNI Honduras<\/title>\n<meta name=\"robots\" content=\"index, follow, max-snippet:-1, max-image-preview:large, max-video-preview:-1\" \/>\n<link rel=\"canonical\" href=\"https:\/\/cni.hn\/en\/honduras-proyecta-su-potencial-en-agromercados-2025-con-el-lanzamiento-de-guia-sectorial-en-agro-del-cni\/\" \/>\n<meta property=\"og:locale\" content=\"en_US\" \/>\n<meta property=\"og:type\" content=\"article\" \/>\n<meta property=\"og:title\" content=\"Honduras Proyecta su Potencial en Agromercados 2025 con el Lanzamiento de Gu\u00eda Sectorial en Agro del CNI - CNI Honduras\" \/>\n<meta property=\"og:description\" content=\"\u2022 Conferencia de prensa oficial presenta la sexta edici\u00f3n de la feria agroalimentaria m\u00e1s importante del pa\u00eds y marca el debut de una herramienta clave para atraer capital al campo hondure\u00f1o \ud835\udc12\ud835\udc1a\ud835\udc27 \ud835\udc0f\ud835\udc1e\ud835\udc1d\ud835\udc2b\ud835\udc28 \ud835\udc12\ud835\udc2e\ud835\udc25\ud835\udc1a, \ud835\udfd0\ud835\udfcf \ud835\udc1d\ud835\udc1e \ud835\udc1a\ud835\udc1b\ud835\udc2b\ud835\udc22\ud835\udc25 \ud835\udc1d\ud835\udc1e \ud835\udfd0\ud835\udfce\ud835\udfd0\ud835\udfd3\u2014 Honduras fortalece su posicionamiento como destino estrat\u00e9gico para la inversi\u00f3n agroindustrial con el anuncio oficial de [&hellip;]\" \/>\n<meta property=\"og:url\" content=\"https:\/\/cni.hn\/en\/honduras-proyecta-su-potencial-en-agromercados-2025-con-el-lanzamiento-de-guia-sectorial-en-agro-del-cni\/\" \/>\n<meta property=\"og:site_name\" content=\"CNI Honduras\" \/>\n<meta property=\"article:published_time\" content=\"2025-05-22T17:06:18+00:00\" \/>\n<meta property=\"article:modified_time\" content=\"2025-05-22T17:13:10+00:00\" \/>\n<meta property=\"og:image\" content=\"https:\/\/cni.hn\/wp-content\/uploads\/2025\/05\/2-7.jpg\" \/>\n\t<meta property=\"og:image:width\" content=\"1599\" \/>\n\t<meta property=\"og:image:height\" content=\"1066\" \/>\n\t<meta property=\"og:image:type\" content=\"image\/jpeg\" \/>\n<meta name=\"author\" content=\"Andres Martinez\" \/>\n<meta name=\"twitter:card\" content=\"summary_large_image\" \/>\n<meta name=\"twitter:label1\" content=\"Written by\" \/>\n\t<meta name=\"twitter:data1\" content=\"Andres Martinez\" \/>\n\t<meta name=\"twitter:label2\" content=\"Est. reading time\" \/>\n\t<meta name=\"twitter:data2\" content=\"3 minutes\" \/>\n<script type=\"application\/ld+json\" class=\"yoast-schema-graph\">{\"@context\":\"https:\/\/schema.org\",\"@graph\":[{\"@type\":\"WebPage\",\"@id\":\"https:\/\/cni.hn\/honduras-proyecta-su-potencial-en-agromercados-2025-con-el-lanzamiento-de-guia-sectorial-en-agro-del-cni\/\",\"url\":\"https:\/\/cni.hn\/honduras-proyecta-su-potencial-en-agromercados-2025-con-el-lanzamiento-de-guia-sectorial-en-agro-del-cni\/\",\"name\":\"Honduras Proyecta su Potencial en Agromercados 2025 con el Lanzamiento de Gu\u00eda Sectorial en Agro del CNI - CNI Honduras\",\"isPartOf\":{\"@id\":\"https:\/\/cni.hn\/#website\"},\"primaryImageOfPage\":{\"@id\":\"https:\/\/cni.hn\/honduras-proyecta-su-potencial-en-agromercados-2025-con-el-lanzamiento-de-guia-sectorial-en-agro-del-cni\/#primaryimage\"},\"image\":{\"@id\":\"https:\/\/cni.hn\/honduras-proyecta-su-potencial-en-agromercados-2025-con-el-lanzamiento-de-guia-sectorial-en-agro-del-cni\/#primaryimage\"},\"thumbnailUrl\":\"https:\/\/cni.hn\/wp-content\/uploads\/2025\/05\/2-7.jpg\",\"datePublished\":\"2025-05-22T17:06:18+00:00\",\"dateModified\":\"2025-05-22T17:13:10+00:00\",\"author\":{\"@id\":\"https:\/\/cni.hn\/#\/schema\/person\/46e1e0fecbe94fa0ad734d4ec7730175\"},\"breadcrumb\":{\"@id\":\"https:\/\/cni.hn\/honduras-proyecta-su-potencial-en-agromercados-2025-con-el-lanzamiento-de-guia-sectorial-en-agro-del-cni\/#breadcrumb\"},\"inLanguage\":\"en-US\",\"potentialAction\":[{\"@type\":\"ReadAction\",\"target\":[\"https:\/\/cni.hn\/honduras-proyecta-su-potencial-en-agromercados-2025-con-el-lanzamiento-de-guia-sectorial-en-agro-del-cni\/\"]}]},{\"@type\":\"ImageObject\",\"inLanguage\":\"en-US\",\"@id\":\"https:\/\/cni.hn\/honduras-proyecta-su-potencial-en-agromercados-2025-con-el-lanzamiento-de-guia-sectorial-en-agro-del-cni\/#primaryimage\",\"url\":\"https:\/\/cni.hn\/wp-content\/uploads\/2025\/05\/2-7.jpg\",\"contentUrl\":\"https:\/\/cni.hn\/wp-content\/uploads\/2025\/05\/2-7.jpg\",\"width\":1599,\"height\":1066},{\"@type\":\"BreadcrumbList\",\"@id\":\"https:\/\/cni.hn\/honduras-proyecta-su-potencial-en-agromercados-2025-con-el-lanzamiento-de-guia-sectorial-en-agro-del-cni\/#breadcrumb\",\"itemListElement\":[{\"@type\":\"ListItem\",\"position\":1,\"name\":\"Home\",\"item\":\"https:\/\/cni.hn\/\"},{\"@type\":\"ListItem\",\"position\":2,\"name\":\"Honduras Proyecta su Potencial en Agromercados 2025 con el Lanzamiento de Gu\u00eda Sectorial en Agro del CNI\"}]},{\"@type\":\"WebSite\",\"@id\":\"https:\/\/cni.hn\/#website\",\"url\":\"https:\/\/cni.hn\/\",\"name\":\"CNI Honduras\",\"description\":\"\",\"potentialAction\":[{\"@type\":\"SearchAction\",\"target\":{\"@type\":\"EntryPoint\",\"urlTemplate\":\"https:\/\/cni.hn\/?s={search_term_string}\"},\"query-input\":{\"@type\":\"PropertyValueSpecification\",\"valueRequired\":true,\"valueName\":\"search_term_string\"}}],\"inLanguage\":\"en-US\"},{\"@type\":\"Person\",\"@id\":\"https:\/\/cni.hn\/#\/schema\/person\/46e1e0fecbe94fa0ad734d4ec7730175\",\"name\":\"Andres Martinez\",\"image\":{\"@type\":\"ImageObject\",\"inLanguage\":\"en-US\",\"@id\":\"https:\/\/cni.hn\/#\/schema\/person\/image\/\",\"url\":\"https:\/\/secure.gravatar.com\/avatar\/b685702cf01e6c6b2ca1586d92e9a3cef7b8c42ecb312ffa3be56699c3f1b6f6?s=96&d=mm&r=g\",\"contentUrl\":\"https:\/\/secure.gravatar.com\/avatar\/b685702cf01e6c6b2ca1586d92e9a3cef7b8c42ecb312ffa3be56699c3f1b6f6?s=96&d=mm&r=g\",\"caption\":\"Andres Martinez\"},\"url\":\"https:\/\/cni.hn\/en\/author\/amartinezcni-hn\/\"}]}<\/script>\n<!-- \/ Yoast SEO plugin. -->","yoast_head_json":{"title":"Honduras Proyecta su Potencial en Agromercados 2025 con el Lanzamiento de Gu\u00eda Sectorial en Agro del CNI - CNI Honduras","robots":{"index":"index","follow":"follow","max-snippet":"max-snippet:-1","max-image-preview":"max-image-preview:large","max-video-preview":"max-video-preview:-1"},"canonical":"https:\/\/cni.hn\/en\/honduras-proyecta-su-potencial-en-agromercados-2025-con-el-lanzamiento-de-guia-sectorial-en-agro-del-cni\/","og_locale":"en_US","og_type":"article","og_title":"Honduras Proyecta su Potencial en Agromercados 2025 con el Lanzamiento de Gu\u00eda Sectorial en Agro del CNI - CNI Honduras","og_description":"\u2022 Conferencia de prensa oficial presenta la sexta edici\u00f3n de la feria agroalimentaria m\u00e1s importante del pa\u00eds y marca el debut de una herramienta clave para atraer capital al campo hondure\u00f1o \ud835\udc12\ud835\udc1a\ud835\udc27 \ud835\udc0f\ud835\udc1e\ud835\udc1d\ud835\udc2b\ud835\udc28 \ud835\udc12\ud835\udc2e\ud835\udc25\ud835\udc1a, \ud835\udfd0\ud835\udfcf \ud835\udc1d\ud835\udc1e \ud835\udc1a\ud835\udc1b\ud835\udc2b\ud835\udc22\ud835\udc25 \ud835\udc1d\ud835\udc1e \ud835\udfd0\ud835\udfce\ud835\udfd0\ud835\udfd3\u2014 Honduras fortalece su posicionamiento como destino estrat\u00e9gico para la inversi\u00f3n agroindustrial con el anuncio oficial de [&hellip;]","og_url":"https:\/\/cni.hn\/en\/honduras-proyecta-su-potencial-en-agromercados-2025-con-el-lanzamiento-de-guia-sectorial-en-agro-del-cni\/","og_site_name":"CNI Honduras","article_published_time":"2025-05-22T17:06:18+00:00","article_modified_time":"2025-05-22T17:13:10+00:00","og_image":[{"width":1599,"height":1066,"url":"https:\/\/cni.hn\/wp-content\/uploads\/2025\/05\/2-7.jpg","type":"image\/jpeg"}],"author":"Andres Martinez","twitter_card":"summary_large_image","twitter_misc":{"Written by":"Andres Martinez","Est. reading time":"3 minutes"},"schema":{"@context":"https:\/\/schema.org","@graph":[{"@type":"WebPage","@id":"https:\/\/cni.hn\/honduras-proyecta-su-potencial-en-agromercados-2025-con-el-lanzamiento-de-guia-sectorial-en-agro-del-cni\/","url":"https:\/\/cni.hn\/honduras-proyecta-su-potencial-en-agromercados-2025-con-el-lanzamiento-de-guia-sectorial-en-agro-del-cni\/","name":"Honduras Proyecta su Potencial en Agromercados 2025 con el Lanzamiento de Gu\u00eda Sectorial en Agro del CNI - CNI Honduras","isPartOf":{"@id":"https:\/\/cni.hn\/#website"},"primaryImageOfPage":{"@id":"https:\/\/cni.hn\/honduras-proyecta-su-potencial-en-agromercados-2025-con-el-lanzamiento-de-guia-sectorial-en-agro-del-cni\/#primaryimage"},"image":{"@id":"https:\/\/cni.hn\/honduras-proyecta-su-potencial-en-agromercados-2025-con-el-lanzamiento-de-guia-sectorial-en-agro-del-cni\/#primaryimage"},"thumbnailUrl":"https:\/\/cni.hn\/wp-content\/uploads\/2025\/05\/2-7.jpg","datePublished":"2025-05-22T17:06:18+00:00","dateModified":"2025-05-22T17:13:10+00:00","author":{"@id":"https:\/\/cni.hn\/#\/schema\/person\/46e1e0fecbe94fa0ad734d4ec7730175"},"breadcrumb":{"@id":"https:\/\/cni.hn\/honduras-proyecta-su-potencial-en-agromercados-2025-con-el-lanzamiento-de-guia-sectorial-en-agro-del-cni\/#breadcrumb"},"inLanguage":"en-US","potentialAction":[{"@type":"ReadAction","target":["https:\/\/cni.hn\/honduras-proyecta-su-potencial-en-agromercados-2025-con-el-lanzamiento-de-guia-sectorial-en-agro-del-cni\/"]}]},{"@type":"ImageObject","inLanguage":"en-US","@id":"https:\/\/cni.hn\/honduras-proyecta-su-potencial-en-agromercados-2025-con-el-lanzamiento-de-guia-sectorial-en-agro-del-cni\/#primaryimage","url":"https:\/\/cni.hn\/wp-content\/uploads\/2025\/05\/2-7.jpg","contentUrl":"https:\/\/cni.hn\/wp-content\/uploads\/2025\/05\/2-7.jpg","width":1599,"height":1066},{"@type":"BreadcrumbList","@id":"https:\/\/cni.hn\/honduras-proyecta-su-potencial-en-agromercados-2025-con-el-lanzamiento-de-guia-sectorial-en-agro-del-cni\/#breadcrumb","itemListElement":[{"@type":"ListItem","position":1,"name":"Home","item":"https:\/\/cni.hn\/"},{"@type":"ListItem","position":2,"name":"Honduras Proyecta su Potencial en Agromercados 2025 con el Lanzamiento de Gu\u00eda Sectorial en Agro del CNI"}]},{"@type":"WebSite","@id":"https:\/\/cni.hn\/#website","url":"https:\/\/cni.hn\/","name":"CNI Honduras","description":"","potentialAction":[{"@type":"SearchAction","target":{"@type":"EntryPoint","urlTemplate":"https:\/\/cni.hn\/?s={search_term_string}"},"query-input":{"@type":"PropertyValueSpecification","valueRequired":true,"valueName":"search_term_string"}}],"inLanguage":"en-US"},{"@type":"Person","@id":"https:\/\/cni.hn\/#\/schema\/person\/46e1e0fecbe94fa0ad734d4ec7730175","name":"Andres Martinez","image":{"@type":"ImageObject","inLanguage":"en-US","@id":"https:\/\/cni.hn\/#\/schema\/person\/image\/","url":"https:\/\/secure.gravatar.com\/avatar\/b685702cf01e6c6b2ca1586d92e9a3cef7b8c42ecb312ffa3be56699c3f1b6f6?s=96&d=mm&r=g","contentUrl":"https:\/\/secure.gravatar.com\/avatar\/b685702cf01e6c6b2ca1586d92e9a3cef7b8c42ecb312ffa3be56699c3f1b6f6?s=96&d=mm&r=g","caption":"Andres Martinez"},"url":"https:\/\/cni.hn\/en\/author\/amartinezcni-hn\/"}]}},"_links":{"self":[{"href":"https:\/\/cni.hn\/en\/wp-json\/wp\/v2\/posts\/6060","targetHints":{"allow":["GET"]}}],"collection":[{"href":"https:\/\/cni.hn\/en\/wp-json\/wp\/v2\/posts"}],"about":[{"href":"https:\/\/cni.hn\/en\/wp-json\/wp\/v2\/types\/post"}],"author":[{"embeddable":true,"href":"https:\/\/cni.hn\/en\/wp-json\/wp\/v2\/users\/2"}],"replies":[{"embeddable":true,"href":"https:\/\/cni.hn\/en\/wp-json\/wp\/v2\/comments?post=6060"}],"version-history":[{"count":0,"href":"https:\/\/cni.hn\/en\/wp-json\/wp\/v2\/posts\/6060\/revisions"}],"wp:featuredmedia":[{"embeddable":true,"href":"https:\/\/cni.hn\/en\/wp-json\/wp\/v2\/media\/6061"}],"wp:attachment":[{"href":"https:\/\/cni.hn\/en\/wp-json\/wp\/v2\/media?parent=6060"}],"wp:term":[{"taxonomy":"category","embeddable":true,"href":"https:\/\/cni.hn\/en\/wp-json\/wp\/v2\/categories?post=6060"},{"taxonomy":"post_tag","embeddable":true,"href":"https:\/\/cni.hn\/en\/wp-json\/wp\/v2\/tags?post=6060"},{"taxonomy":"sector_relacionado","embeddable":true,"href":"https:\/\/cni.hn\/en\/wp-json\/wp\/v2\/sector_relacionado?post=6060"}],"curies":[{"name":"wp","href":"https:\/\/api.w.org\/{rel}","templated":true}]}}