{"id":5969,"date":"2025-05-05T20:14:47","date_gmt":"2025-05-05T20:14:47","guid":{"rendered":"https:\/\/cni.hn\/?p=5969"},"modified":"2025-05-05T20:22:56","modified_gmt":"2025-05-05T20:22:56","slug":"honduras-lide","status":"publish","type":"post","link":"https:\/\/cni.hn\/en\/honduras-lide\/","title":{"rendered":"Honduras Lidera Agenda de Integraci\u00f3n e Inversi\u00f3n en la Regi\u00f3n Suroriente Junto a El Salvador"},"content":{"rendered":"<div data-elementor-type=\"wp-post\" data-elementor-id=\"5969\" class=\"elementor elementor-5969\" data-elementor-post-type=\"post\">\n\t\t\t\t<div class=\"elementor-element elementor-element-25f058b e-flex e-con-boxed e-con e-parent\" data-id=\"25f058b\" data-element_type=\"container\">\n\t\t\t\t\t<div class=\"e-con-inner\">\n\t\t\t\t<div class=\"elementor-element elementor-element-53e6119 elementor-widget elementor-widget-text-editor\" data-id=\"53e6119\" data-element_type=\"widget\" data-widget_type=\"text-editor.default\">\n\t\t\t\t<div class=\"elementor-widget-container\">\n\t\t\t\t\t\t\t\t\t<p>Consejo Nacional de Inversiones y Despacho de Promoci\u00f3n de Inversiones de Honduras consolidan hoja de ruta binacional con \u00e9nfasis en log\u00edstica, agroindustria y energ\u00eda.<\/p><p>\ud835\udc12\ud835\udc1a\ud835\udc27 \ud835\udc12\ud835\udc1a\ud835\udc25\ud835\udc2f\ud835\udc1a\ud835\udc1d\ud835\udc28\ud835\udc2b, \ud835\udc04\ud835\udc25 \ud835\udc12\ud835\udc1a\ud835\udc25\ud835\udc2f\ud835\udc1a\ud835\udc1d\ud835\udc28\ud835\udc2b, \ud835\udfd0\ud835\udfd3 \ud835\udc1d\ud835\udc1e \ud835\udc26\ud835\udc1a\ud835\udc2b\ud835\udc33\ud835\udc28 \ud835\udc1d\ud835\udc1e \ud835\udfd0\ud835\udfce\ud835\udfd0\ud835\udfd3 \u2013 Honduras y El Salvador dieron un nuevo impulso a la integraci\u00f3n econ\u00f3mica regional con una jornada t\u00e9cnica binacional centrada en dinamizar la regi\u00f3n Suroriente como corredor estrat\u00e9gico del Tri\u00e1ngulo Norte.<\/p>\t\t\t\t\t\t\t\t<\/div>\n\t\t\t\t<\/div>\n\t\t\t\t\t<\/div>\n\t\t\t\t<\/div>\n\t\t<div class=\"elementor-element elementor-element-004808e e-flex e-con-boxed e-con e-parent\" data-id=\"004808e\" data-element_type=\"container\">\n\t\t\t\t\t<div class=\"e-con-inner\">\n\t\t<div class=\"elementor-element elementor-element-1e622ec e-con-full e-flex e-con e-child\" data-id=\"1e622ec\" data-element_type=\"container\">\n\t\t\t\t<div class=\"elementor-element elementor-element-dff7dd3 elementor-widget elementor-widget-image\" data-id=\"dff7dd3\" data-element_type=\"widget\" data-widget_type=\"image.default\">\n\t\t\t\t<div class=\"elementor-widget-container\">\n\t\t\t\t\t\t\t\t\t\t\t\t\t\t\t<img fetchpriority=\"high\" decoding=\"async\" width=\"800\" height=\"600\" src=\"https:\/\/cni.hn\/wp-content\/uploads\/2025\/05\/equipo-CNI-y-despacho-promocion-1024x768.jpg\" class=\"attachment-large size-large wp-image-5970\" alt=\"\" srcset=\"https:\/\/cni.hn\/wp-content\/uploads\/2025\/05\/equipo-CNI-y-despacho-promocion-1024x768.jpg 1024w, https:\/\/cni.hn\/wp-content\/uploads\/2025\/05\/equipo-CNI-y-despacho-promocion-300x225.jpg 300w, https:\/\/cni.hn\/wp-content\/uploads\/2025\/05\/equipo-CNI-y-despacho-promocion-768x576.jpg 768w, https:\/\/cni.hn\/wp-content\/uploads\/2025\/05\/equipo-CNI-y-despacho-promocion-1536x1153.jpg 1536w, https:\/\/cni.hn\/wp-content\/uploads\/2025\/05\/equipo-CNI-y-despacho-promocion-16x12.jpg 16w, https:\/\/cni.hn\/wp-content\/uploads\/2025\/05\/equipo-CNI-y-despacho-promocion.jpg 1599w\" sizes=\"(max-width: 800px) 100vw, 800px\" \/>\t\t\t\t\t\t\t\t\t\t\t\t\t\t\t<\/div>\n\t\t\t\t<\/div>\n\t\t\t\t<\/div>\n\t\t<div class=\"elementor-element elementor-element-a4f7637 e-con-full e-flex e-con e-child\" data-id=\"a4f7637\" data-element_type=\"container\">\n\t\t\t\t<div class=\"elementor-element elementor-element-c347cc7 elementor-widget elementor-widget-text-editor\" data-id=\"c347cc7\" data-element_type=\"widget\" data-widget_type=\"text-editor.default\">\n\t\t\t\t<div class=\"elementor-widget-container\">\n\t\t\t\t\t\t\t\t\t<p>En el encuentro participaron representantes del Consejo Nacional de Inversiones (CNI) y del Despacho de Promoci\u00f3n de Inversiones de Honduras, junto a sus contrapartes salvadore\u00f1as, con el objetivo de construir una plataforma conjunta de atracci\u00f3n de inversiones y desarrollo sostenible.<\/p><p>La reuni\u00f3n forma parte del seguimiento a los compromisos asumidos por los presidentes Xiomara Castro y Nayib Bukele, y reuni\u00f3 a equipos t\u00e9cnicos de alto nivel para alinear estrategias en cinco sectores clave: agroindustria, turismo, infraestructura, manufactura y energ\u00eda.<\/p><p>Esta coordinaci\u00f3n binacional busca posicionar la zona fronteriza como un eje econ\u00f3mico con acceso directo al Pac\u00edfico y conexi\u00f3n log\u00edstica regional.<\/p>\t\t\t\t\t\t\t\t<\/div>\n\t\t\t\t<\/div>\n\t\t\t\t<\/div>\n\t\t\t\t\t<\/div>\n\t\t\t\t<\/div>\n\t\t<div class=\"elementor-element elementor-element-56097b6 e-flex e-con-boxed e-con e-parent\" data-id=\"56097b6\" data-element_type=\"container\">\n\t\t\t\t\t<div class=\"e-con-inner\">\n\t\t\t\t<div class=\"elementor-element elementor-element-bae1df7 elementor-widget elementor-widget-text-editor\" data-id=\"bae1df7\" data-element_type=\"widget\" data-widget_type=\"text-editor.default\">\n\t\t\t\t<div class=\"elementor-widget-container\">\n\t\t\t\t\t\t\t\t\t<p><br \/>\ud835\udc04\ud835\udc12\ud835\udc13\ud835\udc11\ud835\udc00\ud835\udc13\ud835\udc04\ud835\udc06\ud835\udc08\ud835\udc00 \ud835\udc11\ud835\udc04\ud835\udc06\ud835\udc08\ud835\udc0e\ud835\udc0d\ud835\udc00\ud835\udc0b \ud835\udc03\ud835\udc04 \ud835\udc08\ud835\udc0d\ud835\udc15\ud835\udc04\ud835\udc11\ud835\udc12\ud835\udc08\ud835\udc0e\ud835\udc0d\ud835\udc04\ud835\udc12<\/p><p>Durante la cita, se acord\u00f3 avanzar en la elaboraci\u00f3n de una Presentaci\u00f3n Binacional de Potencialidades, instrumento que servir\u00e1 como base para promover inversiones extranjeras en \u00e1reas con ventajas competitivas.<\/p><p>Este esfuerzo reafirma el liderazgo de Honduras en la Estrategia Regional de Inversiones del Tri\u00e1ngulo Norte, impulsada por el CNI y respaldada por el Despacho de Promoci\u00f3n de Inversiones.<\/p><p>La estrategia forma parte de la Visi\u00f3n 2030 del CNI que busca sustentar una oferta de inversi\u00f3n regional junto a Guatemala y El Salvador que permitir\u00e1 construir un plan de acci\u00f3n de inversiones del tri\u00e1ngulo norte para ofertar proyectos de alta envergadura para mercados meta enfocados en inversiones macro, uniendo esfuerzos y materializando propuestas reales.<\/p><p>\ud835\udc08\ud835\udc0d\ud835\udc05\ud835\udc11\ud835\udc00\ud835\udc04\ud835\udc12\ud835\udc13\ud835\udc11\ud835\udc14\ud835\udc02\ud835\udc13\ud835\udc14\ud835\udc11\ud835\udc00 \ud835\udc08\ud835\udc0d\ud835\udc13\ud835\udc04\ud835\udc06\ud835\udc11\ud835\udc00\ud835\udc03\ud835\udc00<\/p><p>Uno de los acuerdos destacados fue la integraci\u00f3n de infraestructuras estrat\u00e9gicas \u2014como el Canal Seco, el Puerto de La Uni\u00f3n y Puerto Cort\u00e9s\u2014, junto a la modernizaci\u00f3n de pasos fronterizos. Esta conectividad permitir\u00e1 optimizar el comercio bilateral y potenciar la log\u00edstica regional, convirtiendo la zona Suroriente en un nodo eficiente para cadenas de valor.<\/p><p>\ud835\udc15\ud835\udc08\ud835\udc12\ud835\udc08\u00d3\ud835\udc0d \ud835\udc02\ud835\udc0e\ud835\udc0c\ud835\udc0f\ud835\udc00\ud835\udc11\ud835\udc13\ud835\udc08\ud835\udc03\ud835\udc00<\/p><p>\u201cEl compromiso t\u00e9cnico y pol\u00edtico que mostramos hoy sienta las bases para una regi\u00f3n m\u00e1s integrada y competitiva\u201d, afirm\u00f3 Jorge Miguel Katt\u00e1n, secretario de Comercio e Inversiones de El Salvador.<\/p><p>Su similar, Miguel Medina, ministro de Inversiones y secretario ejecutivo del CNI de Honduras, destac\u00f3 en sus momento que \u201cla cooperaci\u00f3n binacional es esencial para convertir nuestras regiones en motores de crecimiento y oportunidades\u201d.<\/p><p>Los avances t\u00e9cnicos y acuerdos alcanzados alimentar\u00e1n una hoja de ruta conjunta con metas a corto, mediano y largo plazo, que se articular\u00e1 con el sector privado y socios internacionales.<\/p><p>\ud835\udc14\ud835\udc0d \ud835\udc0f\ud835\udc11\ud835\udc0e\ud835\udc02\ud835\udc04\ud835\udc12\ud835\udc0e \ud835\udc02\ud835\udc0e\ud835\udc0d \ud835\udc01\ud835\udc00\ud835\udc12\ud835\udc04\ud835\udc12 \ud835\udc12\u00d3\ud835\udc0b\ud835\udc08\ud835\udc03\ud835\udc00\ud835\udc12<\/p><p>Esta jornada da continuidad a la gira de trabajo realizada en febrero por el CNI en San Salvador, donde se definieron los primeros pilares de la Estrategia Regional de Inversiones. Entre los pr\u00f3ximos pasos figuran una ficha pa\u00eds conjunta, una misi\u00f3n comercial en octubre y la participaci\u00f3n coordinada en la Expo Feria Regional de junio liderada por la Canciller\u00eda del Gobierno de Honduras.<\/p>\t\t\t\t\t\t\t\t<\/div>\n\t\t\t\t<\/div>\n\t\t\t\t\t<\/div>\n\t\t\t\t<\/div>\n\t\t<div class=\"elementor-element elementor-element-13fe7df e-flex e-con-boxed e-con e-parent\" data-id=\"13fe7df\" data-element_type=\"container\">\n\t\t\t\t\t<div class=\"e-con-inner\">\n\t\t<div class=\"elementor-element elementor-element-0903ec4 e-con-full e-flex e-con e-child\" data-id=\"0903ec4\" data-element_type=\"container\">\n\t\t<div class=\"elementor-element elementor-element-a9b804e e-con-full e-flex e-con e-child\" data-id=\"a9b804e\" data-element_type=\"container\">\n\t\t\t\t<div class=\"elementor-element elementor-element-b38b26e elementor-widget elementor-widget-heading\" data-id=\"b38b26e\" data-element_type=\"widget\" data-widget_type=\"heading.default\">\n\t\t\t\t<div class=\"elementor-widget-container\">\n\t\t\t\t\t<h2 class=\"elementor-heading-title elementor-size-default\">\ud835\udc03e Inter\u00e9s<\/h2>\t\t\t\t<\/div>\n\t\t\t\t<\/div>\n\t\t\t\t<\/div>\n\t\t\t\t<div class=\"elementor-element elementor-element-95e3581 elementor-widget elementor-widget-text-editor\" data-id=\"95e3581\" data-element_type=\"widget\" data-widget_type=\"text-editor.default\">\n\t\t\t\t<div class=\"elementor-widget-container\">\n\t\t\t\t\t\t\t\t\t<ol><li>La zona Suroriente de Honduras y Oriente de El Salvador se perfila como un nuevo eje econ\u00f3mico fronterizo con proyecci\u00f3n internacional.<\/li><li>La Presentaci\u00f3n Binacional de Potencialidades y la hoja de ruta conjunta buscan atraer inversiones en sectores estrat\u00e9gicos como agroindustria, energ\u00eda y turismo.<\/li><li>\u00a0La cooperaci\u00f3n binacional prioriza la integraci\u00f3n log\u00edstica e infraestructura para convertir la regi\u00f3n en un nodo competitivo del Tri\u00e1ngulo Norte.<\/li><\/ol>\t\t\t\t\t\t\t\t<\/div>\n\t\t\t\t<\/div>\n\t\t\t\t<\/div>\n\t\t\t\t\t<\/div>\n\t\t\t\t<\/div>\n\t\t\t\t<\/div>","protected":false},"excerpt":{"rendered":"<p>Consejo Nacional de Inversiones y Despacho de Promoci\u00f3n de Inversiones de Honduras consolidan hoja de ruta binacional con \u00e9nfasis en log\u00edstica, agroindustria y energ\u00eda. \ud835\udc12\ud835\udc1a\ud835\udc27 \ud835\udc12\ud835\udc1a\ud835\udc25\ud835\udc2f\ud835\udc1a\ud835\udc1d\ud835\udc28\ud835\udc2b, \ud835\udc04\ud835\udc25 \ud835\udc12\ud835\udc1a\ud835\udc25\ud835\udc2f\ud835\udc1a\ud835\udc1d\ud835\udc28\ud835\udc2b, \ud835\udfd0\ud835\udfd3 \ud835\udc1d\ud835\udc1e \ud835\udc26\ud835\udc1a\ud835\udc2b\ud835\udc33\ud835\udc28 \ud835\udc1d\ud835\udc1e \ud835\udfd0\ud835\udfce\ud835\udfd0\ud835\udfd3 \u2013 Honduras y El Salvador dieron un nuevo impulso a la integraci\u00f3n econ\u00f3mica regional con una jornada t\u00e9cnica binacional centrada en dinamizar [&hellip;]<\/p>","protected":false},"author":2,"featured_media":5971,"comment_status":"open","ping_status":"open","sticky":false,"template":"","format":"standard","meta":{"footnotes":""},"categories":[1],"tags":[],"sector_relacionado":[],"class_list":["post-5969","post","type-post","status-publish","format-standard","has-post-thumbnail","hentry","category-prensa"],"yoast_head":"<!-- This site is optimized with the Yoast SEO plugin v24.8.1 - https:\/\/yoast.com\/wordpress\/plugins\/seo\/ -->\n<title>Honduras Lidera Agenda de Integraci\u00f3n e Inversi\u00f3n en la Regi\u00f3n Suroriente Junto a El Salvador - CNI Honduras<\/title>\n<meta name=\"robots\" content=\"index, follow, max-snippet:-1, max-image-preview:large, max-video-preview:-1\" \/>\n<link rel=\"canonical\" href=\"https:\/\/cni.hn\/en\/honduras-lide\/\" \/>\n<meta property=\"og:locale\" content=\"en_US\" \/>\n<meta property=\"og:type\" content=\"article\" \/>\n<meta property=\"og:title\" content=\"Honduras Lidera Agenda de Integraci\u00f3n e Inversi\u00f3n en la Regi\u00f3n Suroriente Junto a El Salvador - CNI Honduras\" \/>\n<meta property=\"og:description\" content=\"Consejo Nacional de Inversiones y Despacho de Promoci\u00f3n de Inversiones de Honduras consolidan hoja de ruta binacional con \u00e9nfasis en log\u00edstica, agroindustria y energ\u00eda. \ud835\udc12\ud835\udc1a\ud835\udc27 \ud835\udc12\ud835\udc1a\ud835\udc25\ud835\udc2f\ud835\udc1a\ud835\udc1d\ud835\udc28\ud835\udc2b, \ud835\udc04\ud835\udc25 \ud835\udc12\ud835\udc1a\ud835\udc25\ud835\udc2f\ud835\udc1a\ud835\udc1d\ud835\udc28\ud835\udc2b, \ud835\udfd0\ud835\udfd3 \ud835\udc1d\ud835\udc1e \ud835\udc26\ud835\udc1a\ud835\udc2b\ud835\udc33\ud835\udc28 \ud835\udc1d\ud835\udc1e \ud835\udfd0\ud835\udfce\ud835\udfd0\ud835\udfd3 \u2013 Honduras y El Salvador dieron un nuevo impulso a la integraci\u00f3n econ\u00f3mica regional con una jornada t\u00e9cnica binacional centrada en dinamizar [&hellip;]\" \/>\n<meta property=\"og:url\" content=\"https:\/\/cni.hn\/en\/honduras-lide\/\" \/>\n<meta property=\"og:site_name\" content=\"CNI Honduras\" \/>\n<meta property=\"article:published_time\" content=\"2025-05-05T20:14:47+00:00\" \/>\n<meta property=\"article:modified_time\" content=\"2025-05-05T20:22:56+00:00\" \/>\n<meta property=\"og:image\" content=\"https:\/\/cni.hn\/wp-content\/uploads\/2025\/05\/equipo-CNI-y-despacho-promocion-contraparte-salvador.jpg\" \/>\n\t<meta property=\"og:image:width\" content=\"1280\" \/>\n\t<meta property=\"og:image:height\" content=\"853\" \/>\n\t<meta property=\"og:image:type\" content=\"image\/jpeg\" \/>\n<meta name=\"author\" content=\"Andres Martinez\" \/>\n<meta name=\"twitter:card\" content=\"summary_large_image\" \/>\n<meta name=\"twitter:label1\" content=\"Written by\" \/>\n\t<meta name=\"twitter:data1\" content=\"Andres Martinez\" \/>\n\t<meta name=\"twitter:label2\" content=\"Est. reading time\" \/>\n\t<meta name=\"twitter:data2\" content=\"3 minutes\" \/>\n<script type=\"application\/ld+json\" class=\"yoast-schema-graph\">{\"@context\":\"https:\/\/schema.org\",\"@graph\":[{\"@type\":\"WebPage\",\"@id\":\"https:\/\/cni.hn\/honduras-lide\/\",\"url\":\"https:\/\/cni.hn\/honduras-lide\/\",\"name\":\"Honduras Lidera Agenda de Integraci\u00f3n e Inversi\u00f3n en la Regi\u00f3n Suroriente Junto a El Salvador - CNI Honduras\",\"isPartOf\":{\"@id\":\"https:\/\/cni.hn\/#website\"},\"primaryImageOfPage\":{\"@id\":\"https:\/\/cni.hn\/honduras-lide\/#primaryimage\"},\"image\":{\"@id\":\"https:\/\/cni.hn\/honduras-lide\/#primaryimage\"},\"thumbnailUrl\":\"https:\/\/cni.hn\/wp-content\/uploads\/2025\/05\/equipo-CNI-y-despacho-promocion-contraparte-salvador.jpg\",\"datePublished\":\"2025-05-05T20:14:47+00:00\",\"dateModified\":\"2025-05-05T20:22:56+00:00\",\"author\":{\"@id\":\"https:\/\/cni.hn\/#\/schema\/person\/46e1e0fecbe94fa0ad734d4ec7730175\"},\"breadcrumb\":{\"@id\":\"https:\/\/cni.hn\/honduras-lide\/#breadcrumb\"},\"inLanguage\":\"en-US\",\"potentialAction\":[{\"@type\":\"ReadAction\",\"target\":[\"https:\/\/cni.hn\/honduras-lide\/\"]}]},{\"@type\":\"ImageObject\",\"inLanguage\":\"en-US\",\"@id\":\"https:\/\/cni.hn\/honduras-lide\/#primaryimage\",\"url\":\"https:\/\/cni.hn\/wp-content\/uploads\/2025\/05\/equipo-CNI-y-despacho-promocion-contraparte-salvador.jpg\",\"contentUrl\":\"https:\/\/cni.hn\/wp-content\/uploads\/2025\/05\/equipo-CNI-y-despacho-promocion-contraparte-salvador.jpg\",\"width\":1280,\"height\":853},{\"@type\":\"BreadcrumbList\",\"@id\":\"https:\/\/cni.hn\/honduras-lide\/#breadcrumb\",\"itemListElement\":[{\"@type\":\"ListItem\",\"position\":1,\"name\":\"Home\",\"item\":\"https:\/\/cni.hn\/\"},{\"@type\":\"ListItem\",\"position\":2,\"name\":\"Honduras Lidera Agenda de Integraci\u00f3n e Inversi\u00f3n en la Regi\u00f3n Suroriente Junto a El Salvador\"}]},{\"@type\":\"WebSite\",\"@id\":\"https:\/\/cni.hn\/#website\",\"url\":\"https:\/\/cni.hn\/\",\"name\":\"CNI Honduras\",\"description\":\"\",\"potentialAction\":[{\"@type\":\"SearchAction\",\"target\":{\"@type\":\"EntryPoint\",\"urlTemplate\":\"https:\/\/cni.hn\/?s={search_term_string}\"},\"query-input\":{\"@type\":\"PropertyValueSpecification\",\"valueRequired\":true,\"valueName\":\"search_term_string\"}}],\"inLanguage\":\"en-US\"},{\"@type\":\"Person\",\"@id\":\"https:\/\/cni.hn\/#\/schema\/person\/46e1e0fecbe94fa0ad734d4ec7730175\",\"name\":\"Andres Martinez\",\"image\":{\"@type\":\"ImageObject\",\"inLanguage\":\"en-US\",\"@id\":\"https:\/\/cni.hn\/#\/schema\/person\/image\/\",\"url\":\"https:\/\/secure.gravatar.com\/avatar\/b685702cf01e6c6b2ca1586d92e9a3cef7b8c42ecb312ffa3be56699c3f1b6f6?s=96&d=mm&r=g\",\"contentUrl\":\"https:\/\/secure.gravatar.com\/avatar\/b685702cf01e6c6b2ca1586d92e9a3cef7b8c42ecb312ffa3be56699c3f1b6f6?s=96&d=mm&r=g\",\"caption\":\"Andres Martinez\"},\"url\":\"https:\/\/cni.hn\/en\/author\/amartinezcni-hn\/\"}]}<\/script>\n<!-- \/ Yoast SEO plugin. -->","yoast_head_json":{"title":"Honduras Lidera Agenda de Integraci\u00f3n e Inversi\u00f3n en la Regi\u00f3n Suroriente Junto a El Salvador - CNI Honduras","robots":{"index":"index","follow":"follow","max-snippet":"max-snippet:-1","max-image-preview":"max-image-preview:large","max-video-preview":"max-video-preview:-1"},"canonical":"https:\/\/cni.hn\/en\/honduras-lide\/","og_locale":"en_US","og_type":"article","og_title":"Honduras Lidera Agenda de Integraci\u00f3n e Inversi\u00f3n en la Regi\u00f3n Suroriente Junto a El Salvador - CNI Honduras","og_description":"Consejo Nacional de Inversiones y Despacho de Promoci\u00f3n de Inversiones de Honduras consolidan hoja de ruta binacional con \u00e9nfasis en log\u00edstica, agroindustria y energ\u00eda. \ud835\udc12\ud835\udc1a\ud835\udc27 \ud835\udc12\ud835\udc1a\ud835\udc25\ud835\udc2f\ud835\udc1a\ud835\udc1d\ud835\udc28\ud835\udc2b, \ud835\udc04\ud835\udc25 \ud835\udc12\ud835\udc1a\ud835\udc25\ud835\udc2f\ud835\udc1a\ud835\udc1d\ud835\udc28\ud835\udc2b, \ud835\udfd0\ud835\udfd3 \ud835\udc1d\ud835\udc1e \ud835\udc26\ud835\udc1a\ud835\udc2b\ud835\udc33\ud835\udc28 \ud835\udc1d\ud835\udc1e \ud835\udfd0\ud835\udfce\ud835\udfd0\ud835\udfd3 \u2013 Honduras y El Salvador dieron un nuevo impulso a la integraci\u00f3n econ\u00f3mica regional con una jornada t\u00e9cnica binacional centrada en dinamizar [&hellip;]","og_url":"https:\/\/cni.hn\/en\/honduras-lide\/","og_site_name":"CNI Honduras","article_published_time":"2025-05-05T20:14:47+00:00","article_modified_time":"2025-05-05T20:22:56+00:00","og_image":[{"width":1280,"height":853,"url":"https:\/\/cni.hn\/wp-content\/uploads\/2025\/05\/equipo-CNI-y-despacho-promocion-contraparte-salvador.jpg","type":"image\/jpeg"}],"author":"Andres Martinez","twitter_card":"summary_large_image","twitter_misc":{"Written by":"Andres Martinez","Est. reading time":"3 minutes"},"schema":{"@context":"https:\/\/schema.org","@graph":[{"@type":"WebPage","@id":"https:\/\/cni.hn\/honduras-lide\/","url":"https:\/\/cni.hn\/honduras-lide\/","name":"Honduras Lidera Agenda de Integraci\u00f3n e Inversi\u00f3n en la Regi\u00f3n Suroriente Junto a El Salvador - CNI Honduras","isPartOf":{"@id":"https:\/\/cni.hn\/#website"},"primaryImageOfPage":{"@id":"https:\/\/cni.hn\/honduras-lide\/#primaryimage"},"image":{"@id":"https:\/\/cni.hn\/honduras-lide\/#primaryimage"},"thumbnailUrl":"https:\/\/cni.hn\/wp-content\/uploads\/2025\/05\/equipo-CNI-y-despacho-promocion-contraparte-salvador.jpg","datePublished":"2025-05-05T20:14:47+00:00","dateModified":"2025-05-05T20:22:56+00:00","author":{"@id":"https:\/\/cni.hn\/#\/schema\/person\/46e1e0fecbe94fa0ad734d4ec7730175"},"breadcrumb":{"@id":"https:\/\/cni.hn\/honduras-lide\/#breadcrumb"},"inLanguage":"en-US","potentialAction":[{"@type":"ReadAction","target":["https:\/\/cni.hn\/honduras-lide\/"]}]},{"@type":"ImageObject","inLanguage":"en-US","@id":"https:\/\/cni.hn\/honduras-lide\/#primaryimage","url":"https:\/\/cni.hn\/wp-content\/uploads\/2025\/05\/equipo-CNI-y-despacho-promocion-contraparte-salvador.jpg","contentUrl":"https:\/\/cni.hn\/wp-content\/uploads\/2025\/05\/equipo-CNI-y-despacho-promocion-contraparte-salvador.jpg","width":1280,"height":853},{"@type":"BreadcrumbList","@id":"https:\/\/cni.hn\/honduras-lide\/#breadcrumb","itemListElement":[{"@type":"ListItem","position":1,"name":"Home","item":"https:\/\/cni.hn\/"},{"@type":"ListItem","position":2,"name":"Honduras Lidera Agenda de Integraci\u00f3n e Inversi\u00f3n en la Regi\u00f3n Suroriente Junto a El Salvador"}]},{"@type":"WebSite","@id":"https:\/\/cni.hn\/#website","url":"https:\/\/cni.hn\/","name":"CNI Honduras","description":"","potentialAction":[{"@type":"SearchAction","target":{"@type":"EntryPoint","urlTemplate":"https:\/\/cni.hn\/?s={search_term_string}"},"query-input":{"@type":"PropertyValueSpecification","valueRequired":true,"valueName":"search_term_string"}}],"inLanguage":"en-US"},{"@type":"Person","@id":"https:\/\/cni.hn\/#\/schema\/person\/46e1e0fecbe94fa0ad734d4ec7730175","name":"Andres Martinez","image":{"@type":"ImageObject","inLanguage":"en-US","@id":"https:\/\/cni.hn\/#\/schema\/person\/image\/","url":"https:\/\/secure.gravatar.com\/avatar\/b685702cf01e6c6b2ca1586d92e9a3cef7b8c42ecb312ffa3be56699c3f1b6f6?s=96&d=mm&r=g","contentUrl":"https:\/\/secure.gravatar.com\/avatar\/b685702cf01e6c6b2ca1586d92e9a3cef7b8c42ecb312ffa3be56699c3f1b6f6?s=96&d=mm&r=g","caption":"Andres Martinez"},"url":"https:\/\/cni.hn\/en\/author\/amartinezcni-hn\/"}]}},"_links":{"self":[{"href":"https:\/\/cni.hn\/en\/wp-json\/wp\/v2\/posts\/5969","targetHints":{"allow":["GET"]}}],"collection":[{"href":"https:\/\/cni.hn\/en\/wp-json\/wp\/v2\/posts"}],"about":[{"href":"https:\/\/cni.hn\/en\/wp-json\/wp\/v2\/types\/post"}],"author":[{"embeddable":true,"href":"https:\/\/cni.hn\/en\/wp-json\/wp\/v2\/users\/2"}],"replies":[{"embeddable":true,"href":"https:\/\/cni.hn\/en\/wp-json\/wp\/v2\/comments?post=5969"}],"version-history":[{"count":0,"href":"https:\/\/cni.hn\/en\/wp-json\/wp\/v2\/posts\/5969\/revisions"}],"wp:featuredmedia":[{"embeddable":true,"href":"https:\/\/cni.hn\/en\/wp-json\/wp\/v2\/media\/5971"}],"wp:attachment":[{"href":"https:\/\/cni.hn\/en\/wp-json\/wp\/v2\/media?parent=5969"}],"wp:term":[{"taxonomy":"category","embeddable":true,"href":"https:\/\/cni.hn\/en\/wp-json\/wp\/v2\/categories?post=5969"},{"taxonomy":"post_tag","embeddable":true,"href":"https:\/\/cni.hn\/en\/wp-json\/wp\/v2\/tags?post=5969"},{"taxonomy":"sector_relacionado","embeddable":true,"href":"https:\/\/cni.hn\/en\/wp-json\/wp\/v2\/sector_relacionado?post=5969"}],"curies":[{"name":"wp","href":"https:\/\/api.w.org\/{rel}","templated":true}]}}